{"id":140575,"date":"2020-12-02T15:54:20","date_gmt":"2020-12-02T14:54:20","guid":{"rendered":"https:\/\/die-webzeitung.de\/stuttgart\/?p=140575"},"modified":"2020-12-02T15:54:20","modified_gmt":"2020-12-02T14:54:20","slug":"neuer-trainer-fuer-allianz-mtv-stuttgart","status":"publish","type":"post","link":"https:\/\/die-webzeitung.de\/stuttgart\/2020\/12\/02\/neuer-trainer-fuer-allianz-mtv-stuttgart\/","title":{"rendered":"Neuer Trainer f\u00fcr Allianz MTV Stuttgart"},"content":{"rendered":"<p style=\"text-align: justify;\">Stuttgart.| Keine zwei Wochen nach der \u00fcberraschenden Trennung von Cheftrainer Giannis Athanasopoulos, der den Verein auf eigenen Wunsch hin verlassen hat kann der Deutsche Meister von 2019 bereits einen Nachfolger bekannt geben. Der norwegische Erfolgscoach Tore Aleksandersen \u00fcbernimmt ab dem 14.12. und soll den Verein bis zum Saisonende weiter voranbringen.<\/p>\n<p style=\"text-align: justify;\">Nach dem verlorenen Pokalhalbfinale und den darauffolgenden Unruhen in und um das Team von Allianz MTV Stuttgart, soll nun schnellst m\u00f6glich wieder der Fokus auf die anstehenden Aufgaben gelegt werden. Zwar hat der bisherige Co-Trainer Erik Reitsma seine Aufgabe als Interims-Head-Coach mit zwei Siegen seines Teams hervorragend ausgef\u00fchrt. Dennoch forcierten die Verantwortlichen im Hintergrund die Suche nach einem neuen Trainer. Mit Erfolg.<\/p>\n<p style=\"text-align: justify;\">Der 52-j\u00e4hrige Aleksandersen ist in der Volleyball Bundesliga kein unbekanntes Gesicht. Bereits 2003 bis 2008 hatte er in Deutschland beim Ligakonkurrenten SSC Palmberg Schwerin seine Wirkungsst\u00e4tte. In dieser Zeit holte er mit seinem Team zweimal den DVV-Pokal und konnte eine Meisterschaft und eine Vize-Meisterschaft feiern. In der Spielzeit 2010\/2011 kehrte er f\u00fcr ein \u00e4hnliches kurzes Projekt wie in Stuttgart zur\u00fcck, um mit Schwerin abermals die Meisterschaft f\u00fcr sich entscheiden zu k\u00f6nnen.<\/p>\n<p style=\"text-align: justify;\">Neben seinen Engagements in Deutschland kann der Norweger aber auch auf eine erfolgreiche Trainerkarriere im Ausland zur\u00fcckblicken. Nach Stationen in Norwegen und Polen zog es ihn zuletzt in die t\u00fcrkische Liga. Dar\u00fcber hinaus coachte er die Nationalmannschaften von Norwegen und Finnland.<\/p>\n<p style=\"text-align: justify;\">Direkt nach dem Champions League Turnier wird Tore Aleksandersen am 14.12. in der SCHAARena das Ruder \u00fcbernehmen. Bereits wenige Tage sp\u00e4ter am 19.12. wird er in seinem ersten Pflichtspiel als Headcoach auf seinen ehemaligen Verein, den SSC Palmberg Schwerin, und damit auch auf seinen ehemaligen Co-Trainer Felix Koslowski treffen.<\/p>\n<p style=\"text-align: justify;\">Tore Aleksandersen: \u201eIch freue mich wirklich sehr darauf, zu Allianz MTV Stuttgart zu sto\u00dfen! Ich wollte eine neue Herausforderung, und dies ist die perfekte, denn ich denke, ich kann dem Verein helfen, seine Ziele f\u00fcr diese Saison zu erreichen. Ich freue mich, wieder in Deutschland zu sein, und ich m\u00f6chte dem Vorstand und der Sportdirektorin von Allianz MTV Stuttgart f\u00fcr das Vertrauen danken, das sie mir entgegenbringen.\u201c<\/p>\n<p style=\"text-align: justify;\">Sportdirektorin Kim Renkema: \u201eEs ist keine leichte Situation mitten in der Saison einen neuen Trainer finden zu m\u00fcssen. Wir waren auf der Suche nach einem erfahrenen Trainer, der uns bis zum Saisonende mit aller Kraft unterst\u00fctzt, so dass wir weitersehen k\u00f6nnen, wie es in der neuen Spielzeit dann weitergehen wird. Mit Tore Aleksandersen haben wir die f\u00fcr uns und auch f\u00fcr ihn wohl ideale L\u00f6sung gefunden. Er kennt nicht nur die Bundesliga und verf\u00fcgt \u00fcber eine immense Erfahrung, sondern er kennt sich auch mit solchen kurzen und nicht ganz leichten Projekten, wie er es nun hier in Stuttgart angeht, aus. Dar\u00fcber hinaus sprechen nicht nur seine sportlichen Erfolge f\u00fcr ihn. Menschlich gesehen passt er mit seiner norwegischen Kultur und seinem ganzen Wesen hervorragend zu uns. Wir freuen uns sehr, dass er bei uns ist.\u201c<\/p>\n<hr \/>\n<p style=\"text-align: justify;\">\n","protected":false},"excerpt":{"rendered":"<p>Stuttgart.| Keine zwei Wochen nach der \u00fcberraschenden Trennung von Cheftrainer Giannis Athanasopoulos, der den Verein auf eigenen Wunsch hin verlassen hat kann der Deutsche Meister von 2019 bereits einen Nachfolger bekannt geben. Der norwegische Erfolgscoach Tore Aleksandersen \u00fcbernimmt ab dem 14.12. und soll den Verein bis zum Saisonende weiter voranbringen. Nach dem verlorenen Pokalhalbfinale und [&hellip;]<\/p>\n","protected":false},"author":4,"featured_media":0,"comment_status":"closed","ping_status":"open","sticky":false,"template":"","format":"standard","meta":{"inline_featured_image":false,"_exactmetrics_skip_tracking":false,"_exactmetrics_sitenote_active":false,"_exactmetrics_sitenote_note":"","_exactmetrics_sitenote_category":0,"footnotes":""},"categories":[110],"tags":[16187,14857,5,68,275,10629],"class_list":{"0":"post-140575","1":"post","2":"type-post","3":"status-publish","4":"format-standard","6":"category-sport","7":"tag-allianz-mtv","8":"tag-die-webzeitung","9":"tag-internetzeitung","10":"tag-online-zeitung","11":"tag-stuttgart","12":"tag-volleyball"},"image_feature":null,"author_name":"Redaktion","pure_taxonomies":{"categories":[{"term_id":110,"name":"Sport","slug":"sport","term_group":0,"term_taxonomy_id":112,"taxonomy":"category","description":"Sportberichte","parent":0,"count":1043,"filter":"raw","image":""}],"tags":[{"term_id":16187,"name":"Allianz MTV","slug":"allianz-mtv","term_group":0,"term_taxonomy_id":16206,"taxonomy":"post_tag","description":"","parent":0,"count":44,"filter":"raw","image":""},{"term_id":14857,"name":"Die-Webzeitung","slug":"die-webzeitung","term_group":0,"term_taxonomy_id":14876,"taxonomy":"post_tag","description":"","parent":0,"count":3625,"filter":"raw","image":""},{"term_id":5,"name":"Internetzeitung","slug":"internetzeitung","term_group":0,"term_taxonomy_id":5,"taxonomy":"post_tag","description":"","parent":0,"count":1461,"filter":"raw","image":""},{"term_id":68,"name":"Online-Zeitung","slug":"online-zeitung","term_group":0,"term_taxonomy_id":69,"taxonomy":"post_tag","description":"","parent":0,"count":3595,"filter":"raw","image":""},{"term_id":275,"name":"Stuttgart","slug":"stuttgart","term_group":0,"term_taxonomy_id":281,"taxonomy":"post_tag","description":"","parent":0,"count":1195,"filter":"raw","image":""},{"term_id":10629,"name":"Volleyball","slug":"volleyball","term_group":0,"term_taxonomy_id":10665,"taxonomy":"post_tag","description":"","parent":0,"count":90,"filter":"raw","image":""}]},"_links":{"self":[{"href":"https:\/\/die-webzeitung.de\/stuttgart\/wp-json\/wp\/v2\/posts\/140575","targetHints":{"allow":["GET"]}}],"collection":[{"href":"https:\/\/die-webzeitung.de\/stuttgart\/wp-json\/wp\/v2\/posts"}],"about":[{"href":"https:\/\/die-webzeitung.de\/stuttgart\/wp-json\/wp\/v2\/types\/post"}],"author":[{"embeddable":true,"href":"https:\/\/die-webzeitung.de\/stuttgart\/wp-json\/wp\/v2\/users\/4"}],"replies":[{"embeddable":true,"href":"https:\/\/die-webzeitung.de\/stuttgart\/wp-json\/wp\/v2\/comments?post=140575"}],"version-history":[{"count":1,"href":"https:\/\/die-webzeitung.de\/stuttgart\/wp-json\/wp\/v2\/posts\/140575\/revisions"}],"predecessor-version":[{"id":140576,"href":"https:\/\/die-webzeitung.de\/stuttgart\/wp-json\/wp\/v2\/posts\/140575\/revisions\/140576"}],"wp:attachment":[{"href":"https:\/\/die-webzeitung.de\/stuttgart\/wp-json\/wp\/v2\/media?parent=140575"}],"wp:term":[{"taxonomy":"category","embeddable":true,"href":"https:\/\/die-webzeitung.de\/stuttgart\/wp-json\/wp\/v2\/categories?post=140575"},{"taxonomy":"post_tag","embeddable":true,"href":"https:\/\/die-webzeitung.de\/stuttgart\/wp-json\/wp\/v2\/tags?post=140575"}],"curies":[{"name":"wp","href":"https:\/\/api.w.org\/{rel}","templated":true}]}}