{"id":140542,"date":"2020-11-27T17:48:06","date_gmt":"2020-11-27T16:48:06","guid":{"rendered":"https:\/\/die-webzeitung.de\/stuttgart\/?p=140542"},"modified":"2020-11-27T17:48:06","modified_gmt":"2020-11-27T16:48:06","slug":"weihnachten-2020-ein-fest-unter-speziellen-bedingungen","status":"publish","type":"post","link":"https:\/\/die-webzeitung.de\/stuttgart\/2020\/11\/27\/weihnachten-2020-ein-fest-unter-speziellen-bedingungen\/","title":{"rendered":"Weihnachten 2020: Ein Fest unter speziellen Bedingungen"},"content":{"rendered":"<p style=\"text-align: justify;\">Das Weihnachtsfest ist f\u00fcr viele Deutsche \u2013 so wie f\u00fcr Millionen Menschen weltweit \u2013 der vielleicht sch\u00f6nste Anlass des Jahres. Dass 2020 besondere Bedingungen gelten, kann eine Herausforderung sein, aber kein Grund f\u00fcr Traurigkeit.<\/p>\n<p style=\"text-align: justify;\"><strong>Mehr denn je: Online-Welt als Basis f\u00fcr Weihnachtseink\u00e4ufe<br \/>\n<\/strong>Deutschlands Gro\u00dfst\u00e4dte lieferten \u00fcber das Jahr stets anschauliche Bilder <a href=\"https:\/\/www.bundesgesundheitsministerium.de\/coronavirus\/chronik-coronavirus.html\" target=\"_blank\" rel=\"noopener noreferrer\">zum Verlauf der Pandemie<\/a>. V\u00f6llige Leere und Stillstand im M\u00e4rz, ein lebendiger, fast schon befreiter Sommer und ein ruhiger, aber immer noch aktiver Herbst \u2013 dieses Wechselbad zeigte sich auch in Stuttgart mehr als deutlich. Ebenfalls unterstrichen wurde die Bedeutung des Internets, dank dem die lokale Wirtschaft in Krisenzeiten immerhin einen Teil ihrer Umsatzverluste auffangen konnte.<\/p>\n<p style=\"text-align: justify;\">Hinsichtlich der kommenden Weihnachtszeit setzt sich dies fort. Zu verdanken ist dies dem Fundament, das in den letzten Jahren so rasant gewachsen ist. Neu sind die M\u00f6glichkeiten der Online-Welt schlie\u00dflich keineswegs und das betrifft praktisch alle Lebens- und Gesch\u00e4ftsbereiche: Ob f\u00fcr Arbeit, Shopping, Essensbestellungen, Unterhaltung oder Kommunikation, ist die digitale Welt l\u00e4ngst fest im Leben verankert. Und da <a href=\"https:\/\/www.rnd.de\/politik\/corona-regeln-an-weihnachten-und-silvester-das-gilt-vom-23-dezember-2020-bis-1-januar-2021-F4VNTRZM6JATVTECCGWJPFMLEY.html\" target=\"_blank\" rel=\"noopener noreferrer\">die coronabedingten Beschr\u00e4nkungen auch im Dezember<\/a> Bestand haben werden, ist der Fokus auf das Online-Gesch\u00e4ft f\u00fcr Verbraucher und Handel beinahe alternativlos.<\/p>\n<p style=\"text-align: justify;\"><strong>Darum sind die kommenden Wochen langfristig wichtig<br \/>\n<\/strong>Dies zeigt sich auch bei Themen, die einen gr\u00f6\u00dferen Zeithorizont erfassen. Dinge, die aktuell noch nicht m\u00f6glich sind, k\u00f6nnen n\u00e4mlich bereits jetzt arrangiert werden, und das aufgrund der Situation zu teils besonders attraktiven Konditionen. Beispiele daf\u00fcr gibt es viele: Unternehmen, die f\u00fcr n\u00e4chstes Jahr <a href=\"https:\/\/allocabo.com\/de\/deutschland\/tagungshotels-stuttgart\" target=\"_blank\" rel=\"noopener noreferrer\">ein Tagungshotel in Stuttgart<\/a> suchen, k\u00f6nnen dies weiterhin online tun und wichtige Termine bereits abdecken. Auch Fachmessen werden bereits eifrig geplant und die Gastronomie rechnet damit, im Laufe von 2021 endlich wieder richtig hochfahren zu k\u00f6nnen.<\/p>\n<p style=\"text-align: justify;\">Damit dies gelingt, wird die Bev\u00f6lkerung gebeten, w\u00e4hrend der Weihnachtszeit mit Bedacht vorzugehen. So soll das Fest f\u00fcr niemanden vollst\u00e4ndig ausfallen; nach M\u00f6glichkeit soll der Kreis jedoch klein gehalten werden, allen voran wegen \u00e4lteren Familienmitgliedern, die zur Risikogruppe geh\u00f6ren. Erg\u00e4nzend dazu wird eine freiwillige Selbstquarant\u00e4ne vor dem Fest empfohlen \u2013 diese soll dabei helfen, selbst bei Feiern mit der zul\u00e4ssigen Gesamtzahl von zehn Personen keine neue Infektionswelle zu verursachen. Kinder bis 14 Jahre fallen \u00fcbrigens nicht unter diese Vorgabe.<\/p>\n<p style=\"text-align: justify;\">Weitere Ma\u00dfnahmen wie die AHA-Regel (Abstand halten, Hygiene beachten und Alltagsmaske tragen) bleiben erg\u00e4nzend dazu bestehen. Daraus entsteht ein Gesamtpaket, aus dem in absehbarer Zeit Besserung folgen soll. Ob dies gelingt, wird sich kurz nach dem Jahreswechsel zeigen.<\/p>\n<hr \/>\n<p style=\"text-align: justify;\">\n","protected":false},"excerpt":{"rendered":"<p>Das Weihnachtsfest ist f\u00fcr viele Deutsche \u2013 so wie f\u00fcr Millionen Menschen weltweit \u2013 der vielleicht sch\u00f6nste Anlass des Jahres. Dass 2020 besondere Bedingungen gelten, kann eine Herausforderung sein, aber kein Grund f\u00fcr Traurigkeit. Mehr denn je: Online-Welt als Basis f\u00fcr Weihnachtseink\u00e4ufe Deutschlands Gro\u00dfst\u00e4dte lieferten \u00fcber das Jahr stets anschauliche Bilder zum Verlauf der Pandemie. [&hellip;]<\/p>\n","protected":false},"author":4,"featured_media":140543,"comment_status":"closed","ping_status":"open","sticky":false,"template":"","format":"standard","meta":{"inline_featured_image":false,"_exactmetrics_skip_tracking":false,"_exactmetrics_sitenote_active":false,"_exactmetrics_sitenote_note":"","_exactmetrics_sitenote_category":0,"footnotes":""},"categories":[2237],"tags":[14857,11553,68],"class_list":{"0":"post-140542","1":"post","2":"type-post","3":"status-publish","4":"format-standard","5":"has-post-thumbnail","7":"category-ratgeber-leben","8":"tag-die-webzeitung","9":"tag-nevdel","10":"tag-online-zeitung"},"image_feature":"https:\/\/die-webzeitung.de\/stuttgart\/wp-content\/uploads\/sites\/4\/2020\/11\/poinsettia-443488_1920.jpg","author_name":"Redaktion","pure_taxonomies":{"categories":[{"term_id":2237,"name":"Ratgeber","slug":"ratgeber-leben","term_group":0,"term_taxonomy_id":2250,"taxonomy":"category","description":"","parent":482,"count":380,"filter":"raw","image":""}],"tags":[{"term_id":14857,"name":"Die-Webzeitung","slug":"die-webzeitung","term_group":0,"term_taxonomy_id":14876,"taxonomy":"post_tag","description":"","parent":0,"count":3625,"filter":"raw","image":""},{"term_id":11553,"name":"NEVDEL","slug":"nevdel","term_group":0,"term_taxonomy_id":11591,"taxonomy":"post_tag","description":"","parent":0,"count":89,"filter":"raw","image":""},{"term_id":68,"name":"Online-Zeitung","slug":"online-zeitung","term_group":0,"term_taxonomy_id":69,"taxonomy":"post_tag","description":"","parent":0,"count":3595,"filter":"raw","image":""}]},"_links":{"self":[{"href":"https:\/\/die-webzeitung.de\/stuttgart\/wp-json\/wp\/v2\/posts\/140542","targetHints":{"allow":["GET"]}}],"collection":[{"href":"https:\/\/die-webzeitung.de\/stuttgart\/wp-json\/wp\/v2\/posts"}],"about":[{"href":"https:\/\/die-webzeitung.de\/stuttgart\/wp-json\/wp\/v2\/types\/post"}],"author":[{"embeddable":true,"href":"https:\/\/die-webzeitung.de\/stuttgart\/wp-json\/wp\/v2\/users\/4"}],"replies":[{"embeddable":true,"href":"https:\/\/die-webzeitung.de\/stuttgart\/wp-json\/wp\/v2\/comments?post=140542"}],"version-history":[{"count":1,"href":"https:\/\/die-webzeitung.de\/stuttgart\/wp-json\/wp\/v2\/posts\/140542\/revisions"}],"predecessor-version":[{"id":140544,"href":"https:\/\/die-webzeitung.de\/stuttgart\/wp-json\/wp\/v2\/posts\/140542\/revisions\/140544"}],"wp:featuredmedia":[{"embeddable":true,"href":"https:\/\/die-webzeitung.de\/stuttgart\/wp-json\/wp\/v2\/media\/140543"}],"wp:attachment":[{"href":"https:\/\/die-webzeitung.de\/stuttgart\/wp-json\/wp\/v2\/media?parent=140542"}],"wp:term":[{"taxonomy":"category","embeddable":true,"href":"https:\/\/die-webzeitung.de\/stuttgart\/wp-json\/wp\/v2\/categories?post=140542"},{"taxonomy":"post_tag","embeddable":true,"href":"https:\/\/die-webzeitung.de\/stuttgart\/wp-json\/wp\/v2\/tags?post=140542"}],"curies":[{"name":"wp","href":"https:\/\/api.w.org\/{rel}","templated":true}]}}