{"id":140516,"date":"2020-11-23T14:20:49","date_gmt":"2020-11-23T13:20:49","guid":{"rendered":"https:\/\/die-webzeitung.de\/stuttgart\/?p=140516"},"modified":"2020-11-23T14:20:49","modified_gmt":"2020-11-23T13:20:49","slug":"kirchheim-erhaelt-millionen-foerderung-fuer-glasfaserausbau","status":"publish","type":"post","link":"https:\/\/die-webzeitung.de\/stuttgart\/2020\/11\/23\/kirchheim-erhaelt-millionen-foerderung-fuer-glasfaserausbau\/","title":{"rendered":"Kirchheim erh\u00e4lt Millionen-F\u00f6rderung f\u00fcr Glasfaserausbau"},"content":{"rendered":"<p style=\"text-align: justify;\">Kirchheim\/Teck.| Erfreuliche Nachrichten f\u00fcr Kirchheim unter Teck: die Stadt erh\u00e4lt einen Bundeszuschuss in H\u00f6he von drei Millionen Euro f\u00fcr den Glasfaserausbau. Damit sollen unterversorgte Gewerbegebiete, Schulen und Haushalte ans Glasfasernetz angeschlossen werden.<\/p>\n<p style=\"text-align: justify;\">Der F\u00f6rderbescheid ist zun\u00e4chst vorl\u00e4ufig, da immer noch Bereiche aus der F\u00f6rderung fallen k\u00f6nnen, wenn diese zwischenzeitlich als versorgt eingeordnet werden. Die genaue H\u00f6he der Gesamtinvestition wird erst nach Abschluss der Ausschreibung feststehen.<\/p>\n<p style=\"text-align: justify;\">\u201eWir freuen uns, dass der Bund uns beim Glasfaserausbau unterst\u00fctzt und unseren F\u00f6rderantrag positiv beschieden hat. Mit dem Zuschuss in H\u00f6he von drei Millionen Euro k\u00f6nnen wir die f\u00fcr die Gewerbebetriebe, Schulen und privaten Haushalte notwendigen Voraussetzungen f\u00fcr die Glasfaserinfrastruktur schaffen. F\u00fcr einen zeitgem\u00e4\u00dfen Unterricht und f\u00fcr unser lokales Gewerbe ist dies zwingend erforderlich\u201c, so Kirchheims B\u00fcrgermeister Stefan W\u00f6rner in einem ersten Statement.<\/p>\n<p style=\"text-align: justify;\">Die Gesamtinvestition f\u00fcr die Anbindung der unterversorgten Gebiete bel\u00e4uft sich laut ersten Hochrechnungen in der Gro\u00dfen Kreisstadt auf insgesamt rund sechs Millionen Euro. Die F\u00f6rderung durch den Bund betr\u00e4gt 50 Prozent der Investitionskosten. \u201eDas ist der bisher h\u00f6chste F\u00f6rderbetrag, den wir erwirken konnten. Damit die F\u00f6rdergelder flie\u00dfen, leistet der Zweckverband eine Menge an Vorarbeit\u201c, sagt Landrat Heinz Eininger, der Vorsitzende des Zweckverbands Breitband im Landkreis Esslingen.<\/p>\n<p style=\"text-align: justify;\">Der F\u00f6rderantrag wurde vom Zweckverband Breitbandversorgung in Zusammenarbeit mit der Gigabit Region Stuttgart und der Stadt Kirchheim unter Teck erstellt. Daf\u00fcr mussten f\u00fcr alle in Frage kommenden Anschl\u00fcsse f\u00fcr die F\u00f6rderung eine Unterversorgung belegt werden. Dazu geh\u00f6rten die Abfrage des Marktes der Telekommunikationsanbieter im Rahmen eines Markterkundungsverfahrens. Dar\u00fcber hinaus mussten die Bedarfe f\u00fcr einzelne Kategorien wie Schule, Gewerbe und private Haushalte nachgewiesen werden.<\/p>\n<p style=\"text-align: justify;\">Im n\u00e4chsten Schritt wird der Zweckverband eine Kofinanzierung beim Land Baden-W\u00fcrttemberg in H\u00f6he von weiteren 40 Prozent der Gesamtinvestition beantragen, sodass die restliche Finanzierung durch die F\u00f6rderung des Landes (40 Prozent) sowie durch kommunale Eigenmittel gestemmt werden kann. Zudem wird der Zweckverband die Ausschreibung zur Umsetzung des Breitbandausbaus f\u00fcr die genannten Einrichtungen und Gebiete vorbereiten.<\/p>\n<hr \/>\n<p style=\"text-align: justify;\">\n","protected":false},"excerpt":{"rendered":"<p>Kirchheim\/Teck.| Erfreuliche Nachrichten f\u00fcr Kirchheim unter Teck: die Stadt erh\u00e4lt einen Bundeszuschuss in H\u00f6he von drei Millionen Euro f\u00fcr den Glasfaserausbau. Damit sollen unterversorgte Gewerbegebiete, Schulen und Haushalte ans Glasfasernetz angeschlossen werden. Der F\u00f6rderbescheid ist zun\u00e4chst vorl\u00e4ufig, da immer noch Bereiche aus der F\u00f6rderung fallen k\u00f6nnen, wenn diese zwischenzeitlich als versorgt eingeordnet werden. Die genaue [&hellip;]<\/p>\n","protected":false},"author":4,"featured_media":0,"comment_status":"closed","ping_status":"open","sticky":false,"template":"","format":"standard","meta":{"inline_featured_image":false,"_exactmetrics_skip_tracking":false,"_exactmetrics_sitenote_active":false,"_exactmetrics_sitenote_note":"","_exactmetrics_sitenote_category":0,"footnotes":""},"categories":[59,2247],"tags":[14857,16855,5,13954,68,9,11532],"class_list":{"0":"post-140516","1":"post","2":"type-post","3":"status-publish","4":"format-standard","6":"category-aktuell","7":"category-kreis-esslingen","8":"tag-die-webzeitung","9":"tag-glasfaseranschluss","10":"tag-internetzeitung","11":"tag-kirchheim","12":"tag-online-zeitung","13":"tag-schaumedia","14":"tag-teck"},"image_feature":null,"author_name":"Redaktion","pure_taxonomies":{"categories":[{"term_id":59,"name":"Aktuell","slug":"aktuell","term_group":0,"term_taxonomy_id":60,"taxonomy":"category","description":"","parent":0,"count":1017,"filter":"raw","image":""},{"term_id":2247,"name":"Kreis Esslingen","slug":"kreis-esslingen","term_group":0,"term_taxonomy_id":2260,"taxonomy":"category","description":"Informationen aus dem Landkreis Esslingen","parent":171,"count":214,"filter":"raw","image":""}],"tags":[{"term_id":14857,"name":"Die-Webzeitung","slug":"die-webzeitung","term_group":0,"term_taxonomy_id":14876,"taxonomy":"post_tag","description":"","parent":0,"count":3625,"filter":"raw","image":""},{"term_id":16855,"name":"Glasfaseranschlu\u00df","slug":"glasfaseranschluss","term_group":0,"term_taxonomy_id":16874,"taxonomy":"post_tag","description":"","parent":0,"count":1,"filter":"raw","image":""},{"term_id":5,"name":"Internetzeitung","slug":"internetzeitung","term_group":0,"term_taxonomy_id":5,"taxonomy":"post_tag","description":"","parent":0,"count":1461,"filter":"raw","image":""},{"term_id":13954,"name":"Kirchheim","slug":"kirchheim","term_group":0,"term_taxonomy_id":13996,"taxonomy":"post_tag","description":"","parent":0,"count":5,"filter":"raw","image":""},{"term_id":68,"name":"Online-Zeitung","slug":"online-zeitung","term_group":0,"term_taxonomy_id":69,"taxonomy":"post_tag","description":"","parent":0,"count":3595,"filter":"raw","image":""},{"term_id":9,"name":"SchauMedia","slug":"schaumedia","term_group":0,"term_taxonomy_id":9,"taxonomy":"post_tag","description":"","parent":0,"count":1607,"filter":"raw","image":""},{"term_id":11532,"name":"Teck","slug":"teck","term_group":0,"term_taxonomy_id":11570,"taxonomy":"post_tag","description":"","parent":0,"count":3,"filter":"raw","image":""}]},"_links":{"self":[{"href":"https:\/\/die-webzeitung.de\/stuttgart\/wp-json\/wp\/v2\/posts\/140516","targetHints":{"allow":["GET"]}}],"collection":[{"href":"https:\/\/die-webzeitung.de\/stuttgart\/wp-json\/wp\/v2\/posts"}],"about":[{"href":"https:\/\/die-webzeitung.de\/stuttgart\/wp-json\/wp\/v2\/types\/post"}],"author":[{"embeddable":true,"href":"https:\/\/die-webzeitung.de\/stuttgart\/wp-json\/wp\/v2\/users\/4"}],"replies":[{"embeddable":true,"href":"https:\/\/die-webzeitung.de\/stuttgart\/wp-json\/wp\/v2\/comments?post=140516"}],"version-history":[{"count":1,"href":"https:\/\/die-webzeitung.de\/stuttgart\/wp-json\/wp\/v2\/posts\/140516\/revisions"}],"predecessor-version":[{"id":140517,"href":"https:\/\/die-webzeitung.de\/stuttgart\/wp-json\/wp\/v2\/posts\/140516\/revisions\/140517"}],"wp:attachment":[{"href":"https:\/\/die-webzeitung.de\/stuttgart\/wp-json\/wp\/v2\/media?parent=140516"}],"wp:term":[{"taxonomy":"category","embeddable":true,"href":"https:\/\/die-webzeitung.de\/stuttgart\/wp-json\/wp\/v2\/categories?post=140516"},{"taxonomy":"post_tag","embeddable":true,"href":"https:\/\/die-webzeitung.de\/stuttgart\/wp-json\/wp\/v2\/tags?post=140516"}],"curies":[{"name":"wp","href":"https:\/\/api.w.org\/{rel}","templated":true}]}}