{"id":140510,"date":"2020-11-23T12:16:18","date_gmt":"2020-11-23T11:16:18","guid":{"rendered":"https:\/\/die-webzeitung.de\/stuttgart\/2020\/11\/23\/mit-18-spielerinnen-in-die-em-vorbereitung\/"},"modified":"2020-11-23T12:16:48","modified_gmt":"2020-11-23T11:16:48","slug":"mit-18-spielerinnen-in-die-em-vorbereitung","status":"publish","type":"post","link":"https:\/\/die-webzeitung.de\/stuttgart\/2020\/11\/23\/mit-18-spielerinnen-in-die-em-vorbereitung\/","title":{"rendered":"Mit 18 Spielerinnen in die Handball-EM-Vorbereitung"},"content":{"rendered":"<p style=\"text-align: justify;\">EM-Vorbereitung in Frankfurt am Main gestartet Die Frauen-Nationalmannschaft des Deutschen Handballbundes ist in Frankfurt am Main in die Vorbereitung auf die EHF EURO 2020 gestartet. Insgesamt 18 Spielerinnen nominierte Bundestrainer Henk Groener f\u00fcr die finale Ma\u00dfnahme vor der Europameisterschaft.<\/p>\n<p style=\"text-align: justify;\">\u201eDie Spielerinnen haben, aufgrund verschiedener Corona-Einschr\u00e4nkungen, in den vergangenen Wochen unterschiedliche Trainings- und Spielbelastungen gehabt\u201c, sagt Bundestrainer Groener. \u201eDaher haben wir uns im Trainerteam dazu entschlossen, mit einem gr\u00f6\u00dferen Aufgebot in die Vorbereitung auf die EHF EURO zu gehen.\u201c<\/p>\n<p style=\"text-align: justify;\">Die EHF EURO 2020 der Frauen\u00a0soll\u00a0vom 3. bis zum 20. Dezember\u00a0nur\u00a0in\u00a0D\u00e4nemark ausgetragen\u00a0werden.\u00a0Das gaben die Europ\u00e4ische Handball F\u00f6deration (EHF) sowie der d\u00e4nische Handballverband nach weiteren Gespr\u00e4chen\u00a0in einer\u00a0weiteren,\u00a0gemeinsamen\u00a0Absichtserkl\u00e4rung\u00a0am\u00a0Sonntagmittag\u00a0bekannt. Es fehle allerdings weiter eine\u00a0Zusage\u00a0der d\u00e4nischen Regierung,\u00a0das Turnier auszutragen,\u00a0wie beide Parteien mitteilten.\u00a0Als einziger d\u00e4nischer Spielort ist bisher\u00a0Herning\u00a0gesetzt.\u00a0Norwegen, urspr\u00fcnglich als zweiter Gastgeber der Europameisterschaft vorgesehen, zog die Ausrichtung des Turniers\u00a0vor einer Woche\u00a0zur\u00fcck.<\/p>\n<p style=\"text-align: justify;\">Urspr\u00fcnglich war im Rahmen der Vorbereitung\u00a0eine Reise ins norwegische Bergen geplant,\u00a0wo Kapit\u00e4nin Kim Naidzinavicius\u00a0und Co. vom 26. bis zum 29. November an der\u00a0mit Gastgeber Norwegen, Frankreich und D\u00e4nemark\u00a0hochkar\u00e4tig besetzten Golden League\u00a0teilnehmen sollten. Aufgrund der Absage der EM in Norwegen wird auch dieses Turnier nicht ausgetragen.<\/p>\n<p style=\"text-align: justify;\">Der Vorbereitungsplan der Frauen-Nationalmannschaft wird\u00a0mit Blick auf die neuen\u00a0Entwicklungen\u00a0stetig\u00a0angepasst.\u00a0\u201eIn diesen herausfordernden Zeiten\u00a0ist ein H\u00f6chstma\u00df an Flexibilit\u00e4t\u00a0von\u00a0allen Parteien gefordert. Das umfasst die\u00a0Arbeit\u00a0der EHF und des d\u00e4nischen Handballverbandes wie auch unsere Arbeit\u00a0als teilnehmender Verband\u201d, sagt Axel Kromer, Vorstand Sport des Deutschen Handballbundes.\u00a0\u201eDaher\u00a0arbeiten\u00a0wir mit Hochdruck\u00a0daran,\u00a0unter Ber\u00fccksichtigung aller m\u00f6glichen Vorkehrungen\u00a0und\u00a0aktuellen\u00a0Entwicklungen,\u00a0den Rahmen f\u00fcr die finale Vorbereitungsphase zu stellen.\u201d<\/p>\n<p style=\"text-align: justify;\">Ihren EM-Auftakt soll die DHB-Auswahl am Donnerstag, 3. Dezember, gegen Rum\u00e4nien bestreiten.\u00a0Am Vorabend\u00a0des ersten Spiels muss das Trainerteam dann\u00a0den Kader auf 16 Spielerinnen reduzieren. Im Laufe der Vorrunde sind bis zu zwei\u00a0Wechsel aus dem Anfang November\u00a0benannten,\u00a0erweiterten 30er Aufgebot\u00a0m\u00f6glich.<\/p>\n<p style=\"text-align: justify;\">Nach dem Spiel gegen Rum\u00e4nien\u00a0folgen weitere Vorrundenspiele gegen Norwegen (5. Dezember) und Polen (7. Dezember). Die besten\u00a0drei\u00a0Mannschaften\u00a0qualifizieren sich f\u00fcr die Hauptrunde.\u00a0M\u00f6gliche Hauptrundengegner der deutschen Nationalmannschaft sind Weltmeister Niederlande,\u00a0Serbien, Kroatien und Ungarn.<\/p>\n<p style=\"text-align: justify;\"><strong>Das Aufgebot der Frauen-Nationalmannschaft:\u00a0\u00a0<\/strong><\/p>\n<p style=\"text-align: justify;\">Tor: Dinah Eckerle (Metz Handball\/FRA), Ann-Cathrin Giegerich (Debreceni\u00a0VSC\/HUN), Isabell Roch (Borussia Dortmund)<\/p>\n<p style=\"text-align: justify;\">Feld: <strong>Amelie Berger (SG BBM Bietigheim)<\/strong>, Marlene Zapf (TuS Metzingen), Ina Gro\u00dfmann (Th\u00fcringer HC), <strong>Antje Lauenroth (SG BBM Bietigheim)<\/strong>, Julia Behnke (Ferencvaros\u00a0Budapest\/HUN), <strong>Luisa Schulze (SG BBM Bietigheim)<\/strong>, <strong>Julia\u00a0Maidhof\u00a0(SG BBM Bietigheim)<\/strong>, Maren Weigel (TuS Metzingen), Emily B\u00f6lk (Ferencvaros\u00a0Budapest\/HUN), Alina\u00a0Grijseels\u00a0(Borussia Dortmund),\u00a0Shenia\u00a0Minevskaja\u00a0(SCM\u00a0Ramnicu\u00a0Valcea\/ROU), <strong>Kim\u00a0Naidzinavicius\u00a0(SG BBM Bietigheim)<\/strong>, <strong>Xenia Smits (SG BBM Bietigheim)<\/strong>, Mia Zschocke (Bayer 04 Leverkusen), Jennifer Rode (Borussia Dortmund)<\/p>\n<hr \/>\n<p style=\"text-align: justify;\">\n","protected":false},"excerpt":{"rendered":"<p>EM-Vorbereitung in Frankfurt am Main gestartet Die Frauen-Nationalmannschaft des Deutschen Handballbundes ist in Frankfurt am Main in die Vorbereitung auf die EHF EURO 2020 gestartet. Insgesamt 18 Spielerinnen nominierte Bundestrainer Henk Groener f\u00fcr die finale Ma\u00dfnahme vor der Europameisterschaft. \u201eDie Spielerinnen haben, aufgrund verschiedener Corona-Einschr\u00e4nkungen, in den vergangenen Wochen unterschiedliche Trainings- und Spielbelastungen gehabt\u201c, sagt [&hellip;]<\/p>\n","protected":false},"author":4,"featured_media":0,"comment_status":"closed","ping_status":"open","sticky":false,"template":"","format":"standard","meta":{"inline_featured_image":false,"_exactmetrics_skip_tracking":false,"_exactmetrics_sitenote_active":false,"_exactmetrics_sitenote_note":"","_exactmetrics_sitenote_category":0,"footnotes":""},"categories":[110],"tags":[9121,131,10033,14857,9788,133,5,68,9,16854],"class_list":{"0":"post-140510","1":"post","2":"type-post","3":"status-publish","4":"format-standard","6":"category-sport","7":"tag-bietigheim-bissingen","8":"tag-bundesliga","9":"tag-dhb","10":"tag-die-webzeitung","11":"tag-em","12":"tag-handball","13":"tag-internetzeitung","14":"tag-online-zeitung","15":"tag-schaumedia","16":"tag-vorbereitung"},"image_feature":null,"author_name":"Redaktion","pure_taxonomies":{"categories":[{"term_id":110,"name":"Sport","slug":"sport","term_group":0,"term_taxonomy_id":112,"taxonomy":"category","description":"Sportberichte","parent":0,"count":1043,"filter":"raw","image":""}],"tags":[{"term_id":9121,"name":"Bietigheim-Bissingen","slug":"bietigheim-bissingen","term_group":0,"term_taxonomy_id":9147,"taxonomy":"post_tag","description":"","parent":0,"count":291,"filter":"raw","image":""},{"term_id":131,"name":"Bundesliga","slug":"bundesliga","term_group":0,"term_taxonomy_id":133,"taxonomy":"post_tag","description":"","parent":0,"count":699,"filter":"raw","image":""},{"term_id":10033,"name":"DHB","slug":"dhb","term_group":0,"term_taxonomy_id":10064,"taxonomy":"post_tag","description":"","parent":0,"count":12,"filter":"raw","image":""},{"term_id":14857,"name":"Die-Webzeitung","slug":"die-webzeitung","term_group":0,"term_taxonomy_id":14876,"taxonomy":"post_tag","description":"","parent":0,"count":3625,"filter":"raw","image":""},{"term_id":9788,"name":"EM","slug":"em","term_group":0,"term_taxonomy_id":9819,"taxonomy":"post_tag","description":"","parent":0,"count":14,"filter":"raw","image":""},{"term_id":133,"name":"Handball","slug":"handball","term_group":0,"term_taxonomy_id":135,"taxonomy":"post_tag","description":"","parent":0,"count":387,"filter":"raw","image":""},{"term_id":5,"name":"Internetzeitung","slug":"internetzeitung","term_group":0,"term_taxonomy_id":5,"taxonomy":"post_tag","description":"","parent":0,"count":1461,"filter":"raw","image":""},{"term_id":68,"name":"Online-Zeitung","slug":"online-zeitung","term_group":0,"term_taxonomy_id":69,"taxonomy":"post_tag","description":"","parent":0,"count":3595,"filter":"raw","image":""},{"term_id":9,"name":"SchauMedia","slug":"schaumedia","term_group":0,"term_taxonomy_id":9,"taxonomy":"post_tag","description":"","parent":0,"count":1607,"filter":"raw","image":""},{"term_id":16854,"name":"Vorbereitung","slug":"vorbereitung","term_group":0,"term_taxonomy_id":16873,"taxonomy":"post_tag","description":"","parent":0,"count":2,"filter":"raw","image":""}]},"_links":{"self":[{"href":"https:\/\/die-webzeitung.de\/stuttgart\/wp-json\/wp\/v2\/posts\/140510","targetHints":{"allow":["GET"]}}],"collection":[{"href":"https:\/\/die-webzeitung.de\/stuttgart\/wp-json\/wp\/v2\/posts"}],"about":[{"href":"https:\/\/die-webzeitung.de\/stuttgart\/wp-json\/wp\/v2\/types\/post"}],"author":[{"embeddable":true,"href":"https:\/\/die-webzeitung.de\/stuttgart\/wp-json\/wp\/v2\/users\/4"}],"replies":[{"embeddable":true,"href":"https:\/\/die-webzeitung.de\/stuttgart\/wp-json\/wp\/v2\/comments?post=140510"}],"version-history":[{"count":1,"href":"https:\/\/die-webzeitung.de\/stuttgart\/wp-json\/wp\/v2\/posts\/140510\/revisions"}],"predecessor-version":[{"id":140511,"href":"https:\/\/die-webzeitung.de\/stuttgart\/wp-json\/wp\/v2\/posts\/140510\/revisions\/140511"}],"wp:attachment":[{"href":"https:\/\/die-webzeitung.de\/stuttgart\/wp-json\/wp\/v2\/media?parent=140510"}],"wp:term":[{"taxonomy":"category","embeddable":true,"href":"https:\/\/die-webzeitung.de\/stuttgart\/wp-json\/wp\/v2\/categories?post=140510"},{"taxonomy":"post_tag","embeddable":true,"href":"https:\/\/die-webzeitung.de\/stuttgart\/wp-json\/wp\/v2\/tags?post=140510"}],"curies":[{"name":"wp","href":"https:\/\/api.w.org\/{rel}","templated":true}]}}