{"id":140495,"date":"2020-11-22T11:03:39","date_gmt":"2020-11-22T10:03:39","guid":{"rendered":"https:\/\/die-webzeitung.de\/stuttgart\/?p=140495"},"modified":"2020-11-22T11:03:39","modified_gmt":"2020-11-22T10:03:39","slug":"allianz-mtv-stuttgart-entlaesst-trainer","status":"publish","type":"post","link":"https:\/\/die-webzeitung.de\/stuttgart\/2020\/11\/22\/allianz-mtv-stuttgart-entlaesst-trainer\/","title":{"rendered":"Allianz MTV Stuttgart entl\u00e4\u00dft Trainer"},"content":{"rendered":"<h5 style=\"text-align: justify;\"><strong>Volleyball-Bundesligist Allianz MTV Stuttgart und sein Cheftrainer Giannis Athanasopoulos gehen ab sofort getrennte Wege<\/strong><\/h5>\n<p style=\"text-align: justify;\">Stuttgart.| Nach dem \u00fcberraschenden und klaren Ausscheiden aus dem DVV-Pokal 2021 haben Vereinsf\u00fchrung, sportliche Leitung, Mannschaft und Trainerteam gemeinsam das Spiel und die vergangenen Wochen aufgearbeitet. \u00dcber die Weiterentwicklung des Vereins in der Zukunft gab es hierbei unterschiedliche Auffassungen. Cheftrainer Giannis Athanasopoulos hat in diesem Zusammenhang angeboten, das Vertragsverh\u00e4ltnis mit dem Verein aufzul\u00f6sen. Im gegenseitigen Einvernehmen haben Vereinsf\u00fchrung, sportliche Leitung und der Cheftrainer nun vereinbart, dass das Vertragsverh\u00e4ltnis mit sofortiger Wirkung beendet wird.<\/p>\n<p style=\"text-align: justify;\">Allianz MTV Stuttgart dankt Giannis Athanasopoulos, der seit 2017 Head-Coach der Stuttgarter Volleyballerinnen und zuvor schon drei Jahre als Assistenzcoach bei Allianz MTV Stuttgart t\u00e4tig war, f\u00fcr seine gro\u00dfen Verdienste um den Verein \u2013 darunter als gr\u00f6\u00dfter Erfolg der Gewinn des Deutschen Meistertitels im Jahr 2019.<\/p>\n<p style=\"text-align: justify;\">Bis eine endg\u00fcltige Nachfolgeregelung gefunden ist, wird Co-Trainer Erik Reitsma kommissarisch die F\u00fchrung des Teams als Interimstrainer \u00fcbernehmen.<\/p>\n<hr \/>\n<p style=\"text-align: justify;\">\n","protected":false},"excerpt":{"rendered":"<p>Volleyball-Bundesligist Allianz MTV Stuttgart und sein Cheftrainer Giannis Athanasopoulos gehen ab sofort getrennte Wege Stuttgart.| Nach dem \u00fcberraschenden und klaren Ausscheiden aus dem DVV-Pokal 2021 haben Vereinsf\u00fchrung, sportliche Leitung, Mannschaft und Trainerteam gemeinsam das Spiel und die vergangenen Wochen aufgearbeitet. \u00dcber die Weiterentwicklung des Vereins in der Zukunft gab es hierbei unterschiedliche Auffassungen. Cheftrainer Giannis [&hellip;]<\/p>\n","protected":false},"author":4,"featured_media":0,"comment_status":"closed","ping_status":"open","sticky":false,"template":"","format":"standard","meta":{"inline_featured_image":false,"_exactmetrics_skip_tracking":false,"_exactmetrics_sitenote_active":false,"_exactmetrics_sitenote_note":"","_exactmetrics_sitenote_category":0,"footnotes":""},"categories":[110],"tags":[16187,131,14857,5,68,9,275,10629],"class_list":{"0":"post-140495","1":"post","2":"type-post","3":"status-publish","4":"format-standard","6":"category-sport","7":"tag-allianz-mtv","8":"tag-bundesliga","9":"tag-die-webzeitung","10":"tag-internetzeitung","11":"tag-online-zeitung","12":"tag-schaumedia","13":"tag-stuttgart","14":"tag-volleyball"},"image_feature":null,"author_name":"Redaktion","pure_taxonomies":{"categories":[{"term_id":110,"name":"Sport","slug":"sport","term_group":0,"term_taxonomy_id":112,"taxonomy":"category","description":"Sportberichte","parent":0,"count":1043,"filter":"raw","image":""}],"tags":[{"term_id":16187,"name":"Allianz MTV","slug":"allianz-mtv","term_group":0,"term_taxonomy_id":16206,"taxonomy":"post_tag","description":"","parent":0,"count":44,"filter":"raw","image":""},{"term_id":131,"name":"Bundesliga","slug":"bundesliga","term_group":0,"term_taxonomy_id":133,"taxonomy":"post_tag","description":"","parent":0,"count":699,"filter":"raw","image":""},{"term_id":14857,"name":"Die-Webzeitung","slug":"die-webzeitung","term_group":0,"term_taxonomy_id":14876,"taxonomy":"post_tag","description":"","parent":0,"count":3625,"filter":"raw","image":""},{"term_id":5,"name":"Internetzeitung","slug":"internetzeitung","term_group":0,"term_taxonomy_id":5,"taxonomy":"post_tag","description":"","parent":0,"count":1461,"filter":"raw","image":""},{"term_id":68,"name":"Online-Zeitung","slug":"online-zeitung","term_group":0,"term_taxonomy_id":69,"taxonomy":"post_tag","description":"","parent":0,"count":3595,"filter":"raw","image":""},{"term_id":9,"name":"SchauMedia","slug":"schaumedia","term_group":0,"term_taxonomy_id":9,"taxonomy":"post_tag","description":"","parent":0,"count":1607,"filter":"raw","image":""},{"term_id":275,"name":"Stuttgart","slug":"stuttgart","term_group":0,"term_taxonomy_id":281,"taxonomy":"post_tag","description":"","parent":0,"count":1195,"filter":"raw","image":""},{"term_id":10629,"name":"Volleyball","slug":"volleyball","term_group":0,"term_taxonomy_id":10665,"taxonomy":"post_tag","description":"","parent":0,"count":90,"filter":"raw","image":""}]},"_links":{"self":[{"href":"https:\/\/die-webzeitung.de\/stuttgart\/wp-json\/wp\/v2\/posts\/140495","targetHints":{"allow":["GET"]}}],"collection":[{"href":"https:\/\/die-webzeitung.de\/stuttgart\/wp-json\/wp\/v2\/posts"}],"about":[{"href":"https:\/\/die-webzeitung.de\/stuttgart\/wp-json\/wp\/v2\/types\/post"}],"author":[{"embeddable":true,"href":"https:\/\/die-webzeitung.de\/stuttgart\/wp-json\/wp\/v2\/users\/4"}],"replies":[{"embeddable":true,"href":"https:\/\/die-webzeitung.de\/stuttgart\/wp-json\/wp\/v2\/comments?post=140495"}],"version-history":[{"count":1,"href":"https:\/\/die-webzeitung.de\/stuttgart\/wp-json\/wp\/v2\/posts\/140495\/revisions"}],"predecessor-version":[{"id":140496,"href":"https:\/\/die-webzeitung.de\/stuttgart\/wp-json\/wp\/v2\/posts\/140495\/revisions\/140496"}],"wp:attachment":[{"href":"https:\/\/die-webzeitung.de\/stuttgart\/wp-json\/wp\/v2\/media?parent=140495"}],"wp:term":[{"taxonomy":"category","embeddable":true,"href":"https:\/\/die-webzeitung.de\/stuttgart\/wp-json\/wp\/v2\/categories?post=140495"},{"taxonomy":"post_tag","embeddable":true,"href":"https:\/\/die-webzeitung.de\/stuttgart\/wp-json\/wp\/v2\/tags?post=140495"}],"curies":[{"name":"wp","href":"https:\/\/api.w.org\/{rel}","templated":true}]}}