{"id":140411,"date":"2020-11-13T14:17:10","date_gmt":"2020-11-13T13:17:10","guid":{"rendered":"https:\/\/die-webzeitung.de\/stuttgart\/2020\/11\/13\/ww-gruppe-weiter-auf-solidem-kurs\/"},"modified":"2020-11-13T14:17:10","modified_gmt":"2020-11-13T13:17:10","slug":"ww-gruppe-weiter-auf-solidem-kurs","status":"publish","type":"post","link":"https:\/\/die-webzeitung.de\/stuttgart\/2020\/11\/13\/ww-gruppe-weiter-auf-solidem-kurs\/","title":{"rendered":"W&#038;W-Gruppe weiter auf solidem Kurs"},"content":{"rendered":"<ul>\n<li style=\"text-align: justify;\"><strong>Konzern\u00fcberschuss erreicht nach neun Monaten 170,4 Millionen Euro.<\/strong><\/li>\n<li style=\"text-align: justify;\"><strong>Gutes Neugesch\u00e4ft in der Baufinanzierung und in den Versicherungssparten sowie konsequentes Kostenmanagement.<\/strong><\/li>\n<li style=\"text-align: justify;\"><strong>Weiterer Ausbau neuer digitaler Produkte.<\/strong><\/li>\n<li style=\"text-align: justify;\"><strong>Vorstandsvorsitzender J\u00fcrgen A. Junker: \u201eUnsere erfolgreiche Digitalisierung von Produkten und Prozessen sichert Kundenn\u00e4he und Kundenvertrauen \u2013 gerade in Corona-Zeiten.\u201c<\/strong><\/li>\n<\/ul>\n<p style=\"text-align: justify;\">Die W\u00fcstenrot &amp; W\u00fcrttembergische-Gruppe (W&amp;W) hat im dritten Quartal 2020 ihren soliden Kurs fortgesetzt. Mit 170,4 Millionen Euro wurde trotz Einschr\u00e4nkungen aufgrund der Coronavirus-Pandemie und der volatilen Finanz- und Kapitalm\u00e4rkte ein solider Konzern\u00fcberschuss erzielt (Vorjahreszeitraum: 220,0 Millionen Euro). Davon entfielen allein 63,4 Millionen auf das dritte Quartal nach 44,2 Millionen im gleichen Quartal 2019. Positiv auf die Gesch\u00e4ftsentwicklung wirkten sich ein weiterhin gutes Neugesch\u00e4ft, Effizienzfortschritte durch die Digitalisierung, ein konsequentes Kostenmanagement sowie ein g\u00fcnstiger Schadenverlauf aus. So lagen die Verwaltungsaufwendungen im Konzern nach neun Monaten um 5,2 Prozent unter dem entsprechenden Vorjahreswert. Im Finanzergebnis sind weiterhin Belastungen aus der Bewertung von Eigenkapital- und Fremdkapitaltiteln sowie bei der Risikovorsorge enthalten. Der Vorstand h\u00e4lt an seiner Ergebniserwartung f\u00fcr das Gesamtjahr 2020 fest.<\/p>\n<p style=\"text-align: justify;\">J\u00fcrgen A. Junker, Vorstandsvorsitzender der W&amp;W AG: \u201eDie ersten neun Monate dieses Jahres haben klar gezeigt, dass der Aufbruch unseres Konzerns in eine digitale Zukunft mit erheblichen Investitionen in neue Produkte und in effizientere Prozesse die Widerstandskraft und die Wettbewerbsf\u00e4higkeit der W&amp;W-Gruppe erheblich gest\u00e4rkt hat. Wir sind trotz Coronavirus-Pandemie, Null- und Negativzinsen und wachsender Regulatorik ein Unternehmen im Vorw\u00e4rtsgang, entwickeln unser Leistungsangebot kontinuierlich weiter und gewinnen Kunden und Marktanteile. Dank moderner digitaler Kommunikation halten wir zudem engen Kontakt zu unseren Kundinnen und Kunden, die gerade in unsicheren Zeiten wie diesen unsere volle Unterst\u00fctzung brauchen. Die neuerlichen Einschr\u00e4nkungen des \u00f6ffentlichen Lebens in Deutschland zeigen, dass wir weiterhin gut daran tun, unsere Wettbewerbskraft zu st\u00e4rken. Die Hoffnung auf eine z\u00fcgige Normalisierung der Rahmenbedingungen bleibt bestehen, ist aber unsicher.\u201c<\/p>\n<p style=\"text-align: justify;\"><strong>Gesch\u00e4ftsfeld Wohnen<br \/>\n<\/strong>Im Gesch\u00e4ftsfeld Wohnen, in dem die W&amp;W-Gruppe in der Finanzierung und durch die W\u00fcstenrot Haus- und St\u00e4dtebau sowie W\u00fcstenrot Immobilien im Bau und Vertrieb von Immobilien t\u00e4tig ist, entwickelte sich das Baufinanzierungsgesch\u00e4ft weiterhin erfreulich. In den ersten neun Monaten 2020 wurde ein Zuwachs im Neugesch\u00e4ft um 5,6 Prozent auf 4,93 Milliarden Euro erreicht (inklusive der Vermittlungen ins Fremdbuch; Vorjahreszeitraum: 4,67 Milliarden Euro). Nach dem ersten Halbjahr hatte der Zuwachs noch bei 3,3\u00a0Prozent gelegen.<\/p>\n<p style=\"text-align: justify;\">Die W\u00fcstenrot Bausparkasse verzeichnete von Januar bis September 2020 ein eingel\u00f6stes Neugesch\u00e4ft nach Bausparsumme von 7,55\u00a0Milliarden Euro nach 7,99 Milliarden Euro im gleichen Vorjahreszeitraum (minus 5,4 Prozent). Damit entwickelte sie sich jedoch besser als der Markt insgesamt und erh\u00f6hte in der Folge ihren Marktanteil. Der Corona-bedingte Filial-Lockdown f\u00fchrte vor allem bei Kooperationspartnern zu Einbu\u00dfen, w\u00e4hrend sich der eigene Au\u00dfendienst der Bausparkasse st\u00e4rker entwickelte.<\/p>\n<p style=\"text-align: justify;\"><strong>Gesch\u00e4ftsfeld Versichern<br \/>\n<\/strong>Die gebuchten Bruttobeitr\u00e4ge in der Personenversicherung erreichten in den ersten drei Quartalen 2020 mit 1,73 Milliarden Euro das Vorjahresniveau. In der Schaden- und Unfallversicherung stiegen die Bruttobeitr\u00e4ge um 5,2\u00a0Prozent auf 1,73 Milliarden Euro (Vorjahreszeitraum: 1,64 Milliarden Euro). Zudem weist die Sparte eine auf 87,8 Prozent verbesserte Combined Ratio brutto auf (neun Monate 2019: 90,6\u00a0Prozent).<\/p>\n<p style=\"text-align: justify;\"><strong>Mehr Kundenservice durch neue Digitalangebote<br \/>\n<\/strong>Die 2017 gestartete Digitalmarke Adam Riese hat mittlerweile rund 150.000 Kundinnen und Kunden gewonnen. Dabei geht die Ausweitung von Produktangebot und Serviceniveau Hand in Hand. So lag Adam Riese bei der Studie \u201eVersicherer des Jahres 2020\u201c, die vom Deutschen Institut f\u00fcr Service-Qualit\u00e4t erstellt wird, bei der Kundenzufriedenheit auf Platz 1 unter den Direktversicherern. Im Oktober 2020 brachte die Digitalmarke mit einer Unfallversicherung bereits das f\u00fcnfte Produkt f\u00fcr Privatkunden auf den Markt.<\/p>\n<p style=\"text-align: justify;\">Im Gesch\u00e4ftsfeld Wohnen bieten mehr und mehr Immobilienmakler jetzt auch virtuelle und damit kontaktlose Wohnungsbesichtigungen an \u2013 nicht nur in Corona-Zeiten ein Mehr an Service f\u00fcr Immobiliensuchende.<\/p>\n<p style=\"text-align: justify;\">Der FinanzGuide, der digitale Finanzassistent f\u00fcr Kunden der W&amp;W-Gruppe, bietet den Kunden der W\u00fcrttembergischen Krankenversicherung nun auch an, ihre Belege und Rechnungen einfach und bequem digital abzurechnen.<\/p>\n<p style=\"text-align: justify;\"><strong>Ausblick auf das Gesamtjahr 2020<br \/>\n<\/strong>Vor dem Hintergrund der negativen wirtschaftlichen Auswirkungen der Coronavirus-Pandemie und der damit zusammenh\u00e4ngenden Kapitalmarktentwicklungen hat die W&amp;W-Gruppe ihre Erwartungen f\u00fcr das Gesch\u00e4ftsjahr 2020 bereits im ersten Halbjahr angepasst. Vorbehaltlich einer sich erneut zuspitzenden Pandemie- und Kapitalmarktentwicklung rechnet das Unternehmen weiter mit einem Konzernergebnis \u00fcber dem Ergebnis der ersten neun Monate 2020, jedoch weiterhin unterhalb des mittelfristigen Zielkorridors von 220 bis 250 Millionen Euro.<\/p>\n<hr \/>\n<p style=\"text-align: justify;\">\n","protected":false},"excerpt":{"rendered":"<p>Konzern\u00fcberschuss erreicht nach neun Monaten 170,4 Millionen Euro. Gutes Neugesch\u00e4ft in der Baufinanzierung und in den Versicherungssparten sowie konsequentes Kostenmanagement. Weiterer Ausbau neuer digitaler Produkte. Vorstandsvorsitzender J\u00fcrgen A. Junker: \u201eUnsere erfolgreiche Digitalisierung von Produkten und Prozessen sichert Kundenn\u00e4he und Kundenvertrauen \u2013 gerade in Corona-Zeiten.\u201c Die W\u00fcstenrot &amp; W\u00fcrttembergische-Gruppe (W&amp;W) hat im dritten Quartal 2020 ihren [&hellip;]<\/p>\n","protected":false},"author":4,"featured_media":0,"comment_status":"closed","ping_status":"open","sticky":false,"template":"","format":"standard","meta":{"inline_featured_image":false,"_exactmetrics_skip_tracking":false,"_exactmetrics_sitenote_active":false,"_exactmetrics_sitenote_note":"","_exactmetrics_sitenote_category":0,"footnotes":""},"categories":[59,479],"tags":[14857,5,68,9,1442,18,19],"class_list":{"0":"post-140411","1":"post","2":"type-post","3":"status-publish","4":"format-standard","6":"category-aktuell","7":"category-wirtschaft","8":"tag-die-webzeitung","9":"tag-internetzeitung","10":"tag-online-zeitung","11":"tag-schaumedia","12":"tag-ww","13":"tag-wurttembergische","14":"tag-wustenrot"},"image_feature":null,"author_name":"Redaktion","pure_taxonomies":{"categories":[{"term_id":59,"name":"Aktuell","slug":"aktuell","term_group":0,"term_taxonomy_id":60,"taxonomy":"category","description":"","parent":0,"count":1017,"filter":"raw","image":""},{"term_id":479,"name":"Wirtschaft","slug":"wirtschaft","term_group":0,"term_taxonomy_id":1941,"taxonomy":"category","description":"","parent":0,"count":282,"filter":"raw","image":""}],"tags":[{"term_id":14857,"name":"Die-Webzeitung","slug":"die-webzeitung","term_group":0,"term_taxonomy_id":14876,"taxonomy":"post_tag","description":"","parent":0,"count":3625,"filter":"raw","image":""},{"term_id":5,"name":"Internetzeitung","slug":"internetzeitung","term_group":0,"term_taxonomy_id":5,"taxonomy":"post_tag","description":"","parent":0,"count":1461,"filter":"raw","image":""},{"term_id":68,"name":"Online-Zeitung","slug":"online-zeitung","term_group":0,"term_taxonomy_id":69,"taxonomy":"post_tag","description":"","parent":0,"count":3595,"filter":"raw","image":""},{"term_id":9,"name":"SchauMedia","slug":"schaumedia","term_group":0,"term_taxonomy_id":9,"taxonomy":"post_tag","description":"","parent":0,"count":1607,"filter":"raw","image":""},{"term_id":1442,"name":"W&amp;W","slug":"ww","term_group":0,"term_taxonomy_id":1451,"taxonomy":"post_tag","description":"","parent":0,"count":79,"filter":"raw","image":""},{"term_id":18,"name":"W\u00fcrttembergische","slug":"wurttembergische","term_group":0,"term_taxonomy_id":18,"taxonomy":"post_tag","description":"","parent":0,"count":111,"filter":"raw","image":""},{"term_id":19,"name":"W\u00fcstenrot","slug":"wustenrot","term_group":0,"term_taxonomy_id":19,"taxonomy":"post_tag","description":"","parent":0,"count":171,"filter":"raw","image":""}]},"_links":{"self":[{"href":"https:\/\/die-webzeitung.de\/stuttgart\/wp-json\/wp\/v2\/posts\/140411","targetHints":{"allow":["GET"]}}],"collection":[{"href":"https:\/\/die-webzeitung.de\/stuttgart\/wp-json\/wp\/v2\/posts"}],"about":[{"href":"https:\/\/die-webzeitung.de\/stuttgart\/wp-json\/wp\/v2\/types\/post"}],"author":[{"embeddable":true,"href":"https:\/\/die-webzeitung.de\/stuttgart\/wp-json\/wp\/v2\/users\/4"}],"replies":[{"embeddable":true,"href":"https:\/\/die-webzeitung.de\/stuttgart\/wp-json\/wp\/v2\/comments?post=140411"}],"version-history":[{"count":0,"href":"https:\/\/die-webzeitung.de\/stuttgart\/wp-json\/wp\/v2\/posts\/140411\/revisions"}],"wp:attachment":[{"href":"https:\/\/die-webzeitung.de\/stuttgart\/wp-json\/wp\/v2\/media?parent=140411"}],"wp:term":[{"taxonomy":"category","embeddable":true,"href":"https:\/\/die-webzeitung.de\/stuttgart\/wp-json\/wp\/v2\/categories?post=140411"},{"taxonomy":"post_tag","embeddable":true,"href":"https:\/\/die-webzeitung.de\/stuttgart\/wp-json\/wp\/v2\/tags?post=140411"}],"curies":[{"name":"wp","href":"https:\/\/api.w.org\/{rel}","templated":true}]}}