{"id":140347,"date":"2020-11-05T14:14:04","date_gmt":"2020-11-05T13:14:04","guid":{"rendered":"https:\/\/die-webzeitung.de\/stuttgart\/2020\/11\/05\/waelder-koennten-schon-bald-zum-problem-fuer-das-klima-werden\/"},"modified":"2020-11-05T14:14:04","modified_gmt":"2020-11-05T13:14:04","slug":"waelder-koennten-schon-bald-zum-problem-fuer-das-klima-werden","status":"publish","type":"post","link":"https:\/\/die-webzeitung.de\/stuttgart\/2020\/11\/05\/waelder-koennten-schon-bald-zum-problem-fuer-das-klima-werden\/","title":{"rendered":"W\u00e4lder k\u00f6nnten schon bald zum Problem f\u00fcr das Klima werden"},"content":{"rendered":"<h5 style=\"text-align: justify;\"><strong>NABU-Landeschef Enssle: \u201eF\u00f6rster m\u00fcssen als Klimabotschafter aktiv werden\u201c<\/strong><\/h5>\n<p style=\"text-align: justify;\">Durch den Klimawandel \u00e4ndern sich die Rahmenbedingungen f\u00fcr unsere W\u00e4lder rasant. Sie k\u00f6nnen sich jedoch nur sehr langsam an den Klimawandel anpassen. Gleichzeitig steigen die gesellschaftlichen Erwartungen an den Wald und an die Forstwirtschaft: \u201eDas Multitalent Wald soll Holz liefern, Wasser filtern, Kohlenstoff binden, Tiere und Pflanzen sch\u00fctzen und gleichzeitig noch Arbeitsplatz sowie ein Ort der Erholung und geistigen Inspiration f\u00fcr uns gestresste Menschen sein\u201c, sagt NABU-Landeschef Johannes Enssle anl\u00e4sslich der heutigen Vorstellung der Waldstrategie 2050 durch Ministerpr\u00e4sident Winfried Kretschmann und Forstminister Peter Hauk in Freiburg.<\/p>\n<p style=\"text-align: justify;\">Es sei daher gut, dass sich die neu gegr\u00fcndete Landesforstverwaltung in einem intensiven Strategieprozess Gedanken dar\u00fcber mache, wie sich die vielf\u00e4ltigen Anspr\u00fcche an die W\u00e4lder im Land sinnvoll unter einen Hut bringen lassen. Der NABU wird diesen Prozess auch weiterhin intensiv begleiten.<\/p>\n<p style=\"text-align: justify;\">Gro\u00dfe Sorge machen dem NABU-Landeschef die schnellen Klimaver\u00e4nderungen: \u201eDie W\u00e4lder sind die \u00d6kosysteme, an denen wir am schnellsten und eindr\u00fccklichsten sehen k\u00f6nnen, wie dramatisch die Auswirkungen des Klimawandels sind.\u201c Die D\u00fcrre- und Hitzewellen der letzten beiden Jahre seien dabei erst die Vorboten einer noch viel dramatischeren Entwicklung gewesen, die noch bevorstehe. \u201eWenn es uns nicht gelingt, die Klimakrise abzuwenden, werden wir unsere W\u00e4lder in wenigen Jahren nicht wiedererkennen. Die Vorstellung mancher Forstleute, der deutsche Wald k\u00f6nne durch vermehrte Holznutzung das Klima retten, ist v\u00f6llig realit\u00e4tsfern. Vielmehr wird der Wald eines der ersten Opfer der Klimakrise sein. Wenn W\u00e4lder absterben oder gar brennen, verwandeln sie sich von einer CO2-Senke zu einer CO2-Quelle und werden damit selbst zu einem Treiber des Klimawandels.\u201c<\/p>\n<p style=\"text-align: justify;\">Der NABU appelliert daher an alle F\u00f6rsterinnen und F\u00f6rster sowie an die rund 260.000 Waldeigent\u00fcmerinnen und -eigent\u00fcmer in Baden-W\u00fcrttemberg, sich nicht nur um den eigenen Wald zu k\u00fcmmern, sondern auch gesellschaftlich noch sichtbarer zu werden. \u201eF\u00f6rsterinnen und F\u00f6rster m\u00fcssen sich \u00f6ffentlichkeitswirksam als Klimabotschafterinnen und -botschafter f\u00fcr den Erhalt unserer W\u00e4lder und f\u00fcr mehr Klimaschutz stark machen\u201c, ruft Enssle auf. Diese gesellschaftspolitische Rolle der Forstwirtschaft als Mahner und Warner fehle im aktuellen Entwurf der Waldstrategie 2050 des Landes derzeit noch komplett.<\/p>\n<hr \/>\n<p style=\"text-align: justify;\">\n","protected":false},"excerpt":{"rendered":"<p>NABU-Landeschef Enssle: \u201eF\u00f6rster m\u00fcssen als Klimabotschafter aktiv werden\u201c Durch den Klimawandel \u00e4ndern sich die Rahmenbedingungen f\u00fcr unsere W\u00e4lder rasant. Sie k\u00f6nnen sich jedoch nur sehr langsam an den Klimawandel anpassen. Gleichzeitig steigen die gesellschaftlichen Erwartungen an den Wald und an die Forstwirtschaft: \u201eDas Multitalent Wald soll Holz liefern, Wasser filtern, Kohlenstoff binden, Tiere und Pflanzen [&hellip;]<\/p>\n","protected":false},"author":4,"featured_media":140348,"comment_status":"closed","ping_status":"open","sticky":false,"template":"","format":"standard","meta":{"inline_featured_image":false,"_exactmetrics_skip_tracking":false,"_exactmetrics_sitenote_active":false,"_exactmetrics_sitenote_note":"","_exactmetrics_sitenote_category":0,"footnotes":""},"categories":[59,9098],"tags":[14857,5,466,68,9,1335],"class_list":{"0":"post-140347","1":"post","2":"type-post","3":"status-publish","4":"format-standard","5":"has-post-thumbnail","7":"category-aktuell","8":"category-baden-wuerttemberg","9":"tag-die-webzeitung","10":"tag-internetzeitung","11":"tag-klima","12":"tag-online-zeitung","13":"tag-schaumedia","14":"tag-wald"},"image_feature":"https:\/\/die-webzeitung.de\/stuttgart\/wp-content\/uploads\/sites\/4\/2020\/11\/road-1072823_1920.jpg","author_name":"Redaktion","pure_taxonomies":{"categories":[{"term_id":59,"name":"Aktuell","slug":"aktuell","term_group":0,"term_taxonomy_id":60,"taxonomy":"category","description":"","parent":0,"count":1017,"filter":"raw","image":""},{"term_id":9098,"name":"Baden-W\u00fcrttemberg","slug":"baden-wuerttemberg","term_group":0,"term_taxonomy_id":9124,"taxonomy":"category","description":"","parent":171,"count":238,"filter":"raw","image":""}],"tags":[{"term_id":14857,"name":"Die-Webzeitung","slug":"die-webzeitung","term_group":0,"term_taxonomy_id":14876,"taxonomy":"post_tag","description":"","parent":0,"count":3625,"filter":"raw","image":""},{"term_id":5,"name":"Internetzeitung","slug":"internetzeitung","term_group":0,"term_taxonomy_id":5,"taxonomy":"post_tag","description":"","parent":0,"count":1461,"filter":"raw","image":""},{"term_id":466,"name":"Klima","slug":"klima","term_group":0,"term_taxonomy_id":473,"taxonomy":"post_tag","description":"","parent":0,"count":5,"filter":"raw","image":""},{"term_id":68,"name":"Online-Zeitung","slug":"online-zeitung","term_group":0,"term_taxonomy_id":69,"taxonomy":"post_tag","description":"","parent":0,"count":3595,"filter":"raw","image":""},{"term_id":9,"name":"SchauMedia","slug":"schaumedia","term_group":0,"term_taxonomy_id":9,"taxonomy":"post_tag","description":"","parent":0,"count":1607,"filter":"raw","image":""},{"term_id":1335,"name":"Wald","slug":"wald","term_group":0,"term_taxonomy_id":1344,"taxonomy":"post_tag","description":"","parent":0,"count":12,"filter":"raw","image":""}]},"_links":{"self":[{"href":"https:\/\/die-webzeitung.de\/stuttgart\/wp-json\/wp\/v2\/posts\/140347","targetHints":{"allow":["GET"]}}],"collection":[{"href":"https:\/\/die-webzeitung.de\/stuttgart\/wp-json\/wp\/v2\/posts"}],"about":[{"href":"https:\/\/die-webzeitung.de\/stuttgart\/wp-json\/wp\/v2\/types\/post"}],"author":[{"embeddable":true,"href":"https:\/\/die-webzeitung.de\/stuttgart\/wp-json\/wp\/v2\/users\/4"}],"replies":[{"embeddable":true,"href":"https:\/\/die-webzeitung.de\/stuttgart\/wp-json\/wp\/v2\/comments?post=140347"}],"version-history":[{"count":0,"href":"https:\/\/die-webzeitung.de\/stuttgart\/wp-json\/wp\/v2\/posts\/140347\/revisions"}],"wp:featuredmedia":[{"embeddable":true,"href":"https:\/\/die-webzeitung.de\/stuttgart\/wp-json\/wp\/v2\/media\/140348"}],"wp:attachment":[{"href":"https:\/\/die-webzeitung.de\/stuttgart\/wp-json\/wp\/v2\/media?parent=140347"}],"wp:term":[{"taxonomy":"category","embeddable":true,"href":"https:\/\/die-webzeitung.de\/stuttgart\/wp-json\/wp\/v2\/categories?post=140347"},{"taxonomy":"post_tag","embeddable":true,"href":"https:\/\/die-webzeitung.de\/stuttgart\/wp-json\/wp\/v2\/tags?post=140347"}],"curies":[{"name":"wp","href":"https:\/\/api.w.org\/{rel}","templated":true}]}}