{"id":140298,"date":"2020-10-30T16:10:27","date_gmt":"2020-10-30T15:10:27","guid":{"rendered":"https:\/\/die-webzeitung.de\/stuttgart\/?p=140298"},"modified":"2020-10-30T16:10:27","modified_gmt":"2020-10-30T15:10:27","slug":"bonatzbau-sanierung-der-grossen-schalterhalle-beginnt","status":"publish","type":"post","link":"https:\/\/die-webzeitung.de\/stuttgart\/2020\/10\/30\/bonatzbau-sanierung-der-grossen-schalterhalle-beginnt\/","title":{"rendered":"Bonatzbau: Sanierung der Gro\u00dfen Schalterhalle beginnt"},"content":{"rendered":"<p style=\"text-align: justify;\">Stuttgart.| Die Deutsche Bahn geht bei der Modernisierung des Bonatzbaus den n\u00e4chsten Schritt und saniert die Gro\u00dfe Schalterhalle im s\u00fcdlichen Bereich des Bahnhofsgeb\u00e4udes. W\u00e4hrend der Arbeiten st\u00fctzt ein Ger\u00fcst von innen die Au\u00dfenw\u00e4nde der Halle. Damit dieses eingebaut werden kann, muss die Gro\u00dfe Schalterhalle geschlossen werden.<\/p>\n<p style=\"text-align: justify;\">Von Mittwoch, 4. November 2020, an k\u00f6nnen Reisende und Passanten den Weg durch die Gro\u00dfe Schalterhalle von der Kopfbahnsteighalle, der Schillerstra\u00dfe sowie von der Klettpassage aus nicht mehr nutzen. Informationsbanner und Leitstreifen auf dem Boden verweisen auf die alternativen Eing\u00e4nge in den Bonatzbau \u00fcber den Mittelausgang, die Kleine Schalterhalle oder den Nordausgang. Um Bahnkunden die Orientierung zu erleichtern, setzt die Deutsche Bahn in den ersten Wochen nach der Schlie\u00dfung ganzt\u00e4gig sogenannte Baustellenbuddys ein. Erkennbar an ihren roten Kapuzenpullovern mit der Aufschrift \u201eIhr Weg durch die Baustelle \u2013 fragen Sie mich!\u201c helfen sie bei Fragen gerne weiter.<\/p>\n<p style=\"text-align: justify;\">Reisende und Passanten k\u00f6nnen den Bonatzbau \u00fcber den Nordausgang und \u00fcber einen Aufzug in der Kleinen Schalterhalle barrierefrei erreichen. Zudem steht weiterhin der Aufzug zwischen S-Bahn-Haltestelle und Kopfbahnsteighalle zur Verf\u00fcgung.<\/p>\n<hr \/>\n<p style=\"text-align: justify;\">\n","protected":false},"excerpt":{"rendered":"<p>Stuttgart.| Die Deutsche Bahn geht bei der Modernisierung des Bonatzbaus den n\u00e4chsten Schritt und saniert die Gro\u00dfe Schalterhalle im s\u00fcdlichen Bereich des Bahnhofsgeb\u00e4udes. W\u00e4hrend der Arbeiten st\u00fctzt ein Ger\u00fcst von innen die Au\u00dfenw\u00e4nde der Halle. Damit dieses eingebaut werden kann, muss die Gro\u00dfe Schalterhalle geschlossen werden. Von Mittwoch, 4. November 2020, an k\u00f6nnen Reisende und [&hellip;]<\/p>\n","protected":false},"author":4,"featured_media":0,"comment_status":"closed","ping_status":"open","sticky":false,"template":"","format":"standard","meta":{"inline_featured_image":false,"_exactmetrics_skip_tracking":false,"_exactmetrics_sitenote_active":false,"_exactmetrics_sitenote_note":"","_exactmetrics_sitenote_category":0,"footnotes":""},"categories":[59,2239],"tags":[15995,14857,5,68,16438,9,275],"class_list":{"0":"post-140298","1":"post","2":"type-post","3":"status-publish","4":"format-standard","6":"category-aktuell","7":"category-stuttgart-lokal","8":"tag-bonatzbau","9":"tag-die-webzeitung","10":"tag-internetzeitung","11":"tag-online-zeitung","12":"tag-schalterhalle","13":"tag-schaumedia","14":"tag-stuttgart"},"image_feature":null,"author_name":"Redaktion","pure_taxonomies":{"categories":[{"term_id":59,"name":"Aktuell","slug":"aktuell","term_group":0,"term_taxonomy_id":60,"taxonomy":"category","description":"","parent":0,"count":1017,"filter":"raw","image":""},{"term_id":2239,"name":"Stuttgart","slug":"stuttgart-lokal","term_group":0,"term_taxonomy_id":2252,"taxonomy":"category","description":"Berichte und Informationen aus Stuttgart","parent":1433,"count":942,"filter":"raw","image":""}],"tags":[{"term_id":15995,"name":"Bonatzbau","slug":"bonatzbau","term_group":0,"term_taxonomy_id":16014,"taxonomy":"post_tag","description":"","parent":0,"count":8,"filter":"raw","image":""},{"term_id":14857,"name":"Die-Webzeitung","slug":"die-webzeitung","term_group":0,"term_taxonomy_id":14876,"taxonomy":"post_tag","description":"","parent":0,"count":3625,"filter":"raw","image":""},{"term_id":5,"name":"Internetzeitung","slug":"internetzeitung","term_group":0,"term_taxonomy_id":5,"taxonomy":"post_tag","description":"","parent":0,"count":1461,"filter":"raw","image":""},{"term_id":68,"name":"Online-Zeitung","slug":"online-zeitung","term_group":0,"term_taxonomy_id":69,"taxonomy":"post_tag","description":"","parent":0,"count":3595,"filter":"raw","image":""},{"term_id":16438,"name":"Schalterhalle","slug":"schalterhalle","term_group":0,"term_taxonomy_id":16457,"taxonomy":"post_tag","description":"","parent":0,"count":2,"filter":"raw","image":""},{"term_id":9,"name":"SchauMedia","slug":"schaumedia","term_group":0,"term_taxonomy_id":9,"taxonomy":"post_tag","description":"","parent":0,"count":1607,"filter":"raw","image":""},{"term_id":275,"name":"Stuttgart","slug":"stuttgart","term_group":0,"term_taxonomy_id":281,"taxonomy":"post_tag","description":"","parent":0,"count":1195,"filter":"raw","image":""}]},"_links":{"self":[{"href":"https:\/\/die-webzeitung.de\/stuttgart\/wp-json\/wp\/v2\/posts\/140298","targetHints":{"allow":["GET"]}}],"collection":[{"href":"https:\/\/die-webzeitung.de\/stuttgart\/wp-json\/wp\/v2\/posts"}],"about":[{"href":"https:\/\/die-webzeitung.de\/stuttgart\/wp-json\/wp\/v2\/types\/post"}],"author":[{"embeddable":true,"href":"https:\/\/die-webzeitung.de\/stuttgart\/wp-json\/wp\/v2\/users\/4"}],"replies":[{"embeddable":true,"href":"https:\/\/die-webzeitung.de\/stuttgart\/wp-json\/wp\/v2\/comments?post=140298"}],"version-history":[{"count":1,"href":"https:\/\/die-webzeitung.de\/stuttgart\/wp-json\/wp\/v2\/posts\/140298\/revisions"}],"predecessor-version":[{"id":140299,"href":"https:\/\/die-webzeitung.de\/stuttgart\/wp-json\/wp\/v2\/posts\/140298\/revisions\/140299"}],"wp:attachment":[{"href":"https:\/\/die-webzeitung.de\/stuttgart\/wp-json\/wp\/v2\/media?parent=140298"}],"wp:term":[{"taxonomy":"category","embeddable":true,"href":"https:\/\/die-webzeitung.de\/stuttgart\/wp-json\/wp\/v2\/categories?post=140298"},{"taxonomy":"post_tag","embeddable":true,"href":"https:\/\/die-webzeitung.de\/stuttgart\/wp-json\/wp\/v2\/tags?post=140298"}],"curies":[{"name":"wp","href":"https:\/\/api.w.org\/{rel}","templated":true}]}}