{"id":140292,"date":"2020-10-30T14:18:59","date_gmt":"2020-10-30T13:18:59","guid":{"rendered":"https:\/\/die-webzeitung.de\/stuttgart\/?p=140292"},"modified":"2020-10-30T14:18:59","modified_gmt":"2020-10-30T13:18:59","slug":"landkreis-esslingen-stellt-zusaetzliche-busse-im-schuelerverkehr-ein","status":"publish","type":"post","link":"https:\/\/die-webzeitung.de\/stuttgart\/2020\/10\/30\/landkreis-esslingen-stellt-zusaetzliche-busse-im-schuelerverkehr-ein\/","title":{"rendered":"Kreis Esslingen stellt zus\u00e4tzliche Busse im Sch\u00fclerverkehr ein"},"content":{"rendered":"<p style=\"text-align: justify;\">Kreis Esslingen.| Im Zuge der Covid19-Pr\u00e4vention hat der Landkreis Esslingen zusammen mit den zust\u00e4ndigen Verkehrsunternehmen M\u00f6glichkeiten gepr\u00fcft, im Sch\u00fclerverkehr zus\u00e4tzliche Kapazit\u00e4ten zur Verf\u00fcgung zu stellen. Erste zus\u00e4tzliche Fahrten auf den Linien 106, 130, 131, 141, 143, 149, 179, 195, 816A und 818 verkehren ab Montag, den 02. November 2020, zum Schulbeginn nach den Herbstferien.<\/p>\n<p style=\"text-align: justify;\">Es wird fortlaufend gepr\u00fcft, auf welchen Relationen weitere verst\u00e4rkende Ma\u00dfnahmen umgesetzt werden k\u00f6nnen. Ausschlaggebend hierbei ist die Verf\u00fcgbarkeit von zus\u00e4tzlichen Fahrzeugen und Fahrpersonal.<\/p>\n<p style=\"text-align: justify;\">Informationen zu den verst\u00e4rkten Fahrten der oben genannten Linien mit Abfahrt- und Ankunftszeit sind auf der Homepage des Landkreises Esslingen, <a href=\"http:\/\/www.landkreis-esslingen.de\" target=\"_blank\" rel=\"noopener noreferrer\">www.landkreis-esslingen.de<\/a> unter dem Suchbegriff \u201e\u00d6PNV, Sch\u00fclerbef\u00f6rderung\u201c zu finden oder<br \/>\n<a href=\"https:\/\/www.landkreis-esslingen.de\/OEPNV_Schuelerbefoerderung\" target=\"_blank\" rel=\"noopener noreferrer\">https:\/\/www.landkreis-esslingen.de\/OEPNV_Schuelerbefoerderung<\/a><\/p>\n<hr \/>\n<p style=\"text-align: justify;\">\n","protected":false},"excerpt":{"rendered":"<p>Kreis Esslingen.| Im Zuge der Covid19-Pr\u00e4vention hat der Landkreis Esslingen zusammen mit den zust\u00e4ndigen Verkehrsunternehmen M\u00f6glichkeiten gepr\u00fcft, im Sch\u00fclerverkehr zus\u00e4tzliche Kapazit\u00e4ten zur Verf\u00fcgung zu stellen. Erste zus\u00e4tzliche Fahrten auf den Linien 106, 130, 131, 141, 143, 149, 179, 195, 816A und 818 verkehren ab Montag, den 02. November 2020, zum Schulbeginn nach den Herbstferien. Es [&hellip;]<\/p>\n","protected":false},"author":4,"featured_media":0,"comment_status":"closed","ping_status":"open","sticky":false,"template":"","format":"standard","meta":{"inline_featured_image":false,"_exactmetrics_skip_tracking":false,"_exactmetrics_sitenote_active":false,"_exactmetrics_sitenote_note":"","_exactmetrics_sitenote_category":0,"footnotes":""},"categories":[2247],"tags":[16841,695,14857,14440,5,68,16840],"class_list":{"0":"post-140292","1":"post","2":"type-post","3":"status-publish","4":"format-standard","6":"category-kreis-esslingen","7":"tag-befoerderung","8":"tag-bus","9":"tag-die-webzeitung","10":"tag-esslingen","11":"tag-internetzeitung","12":"tag-online-zeitung","13":"tag-schuelerverkehr"},"image_feature":null,"author_name":"Redaktion","pure_taxonomies":{"categories":[{"term_id":2247,"name":"Kreis Esslingen","slug":"kreis-esslingen","term_group":0,"term_taxonomy_id":2260,"taxonomy":"category","description":"Informationen aus dem Landkreis Esslingen","parent":171,"count":214,"filter":"raw","image":""}],"tags":[{"term_id":16841,"name":"Bef\u00f6rderung","slug":"befoerderung","term_group":0,"term_taxonomy_id":16860,"taxonomy":"post_tag","description":"","parent":0,"count":1,"filter":"raw","image":""},{"term_id":695,"name":"Bus","slug":"bus","term_group":0,"term_taxonomy_id":703,"taxonomy":"post_tag","description":"","parent":0,"count":17,"filter":"raw","image":""},{"term_id":14857,"name":"Die-Webzeitung","slug":"die-webzeitung","term_group":0,"term_taxonomy_id":14876,"taxonomy":"post_tag","description":"","parent":0,"count":3625,"filter":"raw","image":""},{"term_id":14440,"name":"Esslingen","slug":"esslingen","term_group":0,"term_taxonomy_id":3885,"taxonomy":"post_tag","description":"","parent":0,"count":202,"filter":"raw","image":""},{"term_id":5,"name":"Internetzeitung","slug":"internetzeitung","term_group":0,"term_taxonomy_id":5,"taxonomy":"post_tag","description":"","parent":0,"count":1461,"filter":"raw","image":""},{"term_id":68,"name":"Online-Zeitung","slug":"online-zeitung","term_group":0,"term_taxonomy_id":69,"taxonomy":"post_tag","description":"","parent":0,"count":3595,"filter":"raw","image":""},{"term_id":16840,"name":"Sch\u00fclerverkehr","slug":"schuelerverkehr","term_group":0,"term_taxonomy_id":16859,"taxonomy":"post_tag","description":"","parent":0,"count":1,"filter":"raw","image":""}]},"_links":{"self":[{"href":"https:\/\/die-webzeitung.de\/stuttgart\/wp-json\/wp\/v2\/posts\/140292","targetHints":{"allow":["GET"]}}],"collection":[{"href":"https:\/\/die-webzeitung.de\/stuttgart\/wp-json\/wp\/v2\/posts"}],"about":[{"href":"https:\/\/die-webzeitung.de\/stuttgart\/wp-json\/wp\/v2\/types\/post"}],"author":[{"embeddable":true,"href":"https:\/\/die-webzeitung.de\/stuttgart\/wp-json\/wp\/v2\/users\/4"}],"replies":[{"embeddable":true,"href":"https:\/\/die-webzeitung.de\/stuttgart\/wp-json\/wp\/v2\/comments?post=140292"}],"version-history":[{"count":1,"href":"https:\/\/die-webzeitung.de\/stuttgart\/wp-json\/wp\/v2\/posts\/140292\/revisions"}],"predecessor-version":[{"id":140293,"href":"https:\/\/die-webzeitung.de\/stuttgart\/wp-json\/wp\/v2\/posts\/140292\/revisions\/140293"}],"wp:attachment":[{"href":"https:\/\/die-webzeitung.de\/stuttgart\/wp-json\/wp\/v2\/media?parent=140292"}],"wp:term":[{"taxonomy":"category","embeddable":true,"href":"https:\/\/die-webzeitung.de\/stuttgart\/wp-json\/wp\/v2\/categories?post=140292"},{"taxonomy":"post_tag","embeddable":true,"href":"https:\/\/die-webzeitung.de\/stuttgart\/wp-json\/wp\/v2\/tags?post=140292"}],"curies":[{"name":"wp","href":"https:\/\/api.w.org\/{rel}","templated":true}]}}