{"id":140275,"date":"2020-10-28T14:24:45","date_gmt":"2020-10-28T13:24:45","guid":{"rendered":"https:\/\/die-webzeitung.de\/stuttgart\/?p=140275"},"modified":"2020-10-28T14:24:45","modified_gmt":"2020-10-28T13:24:45","slug":"allianz-mtv-stuttgart-fuer-gruppenphase-der-cev-champions-league-qualifiziert","status":"publish","type":"post","link":"https:\/\/die-webzeitung.de\/stuttgart\/2020\/10\/28\/allianz-mtv-stuttgart-fuer-gruppenphase-der-cev-champions-league-qualifiziert\/","title":{"rendered":"Allianz MTV Stuttgart f\u00fcr Gruppenphase der CEV Champions League qualifiziert"},"content":{"rendered":"<p style=\"text-align: justify;\">Stuttgart.| Aufgrund von aktuellen Reisebeschr\u00e4nkungen kann das Spiel zwischen Allianz MTV Stuttgart und Dinamo Moskau in der Schweiz nicht wie geplant stattfinden. Da sich des Weiteren auch das finnische Team LP Salo aufgrund von Problemen aus der CEV Champions League zur\u00fcckgezogen hat, wurde vom Europ\u00e4ischen Volleyballverband heute beschlossen, die beiden freien Pl\u00e4tze in der Gruppenphase aufgrund von definierten Ranglisten zu vergeben. Diese M\u00f6glichkeit hatten sowohl Allianz MTV Stuttgart als auch Dinamo Moskau vorgeschlagen.<\/p>\n<p style=\"text-align: justify;\">Allianz MTV Stuttgart und Dinamo Moskau landeten sowohl in der Rangliste der fr\u00fcheren Begegnungen als auch im CEV European Cup Ranking auf den ersten beiden Pl\u00e4tzen und erhalten damit einen Startplatz f\u00fcr die Gruppenphase in der aktuellen Saison. Beide Mannschaften werden der Gruppe D zugeteilt, in der mit Eczacibasi VitrA ISTANBUL und Lokomotiv KALININGRAD zwei Schwergewichte des europ\u00e4ischen Volleyballs warten.<\/p>\n<p style=\"text-align: justify;\">Die Gruppenphase soll nach bisheriger Planung in einem Turniermodus gespielt werden, der genaue Ort und Ablauf steht aber zum jetzigen Zeitpunkt noch nicht abschlie\u00dfend fest.<\/p>\n<p style=\"text-align: justify;\">Gesch\u00e4ftsf\u00fchrer Aurel Irion: \u201eIn der jetzigen Situation die einzige M\u00f6glichkeit vielleicht den Wettbewerb irgendwie spielen zu k\u00f6nnen. Wir sind sehr froh, dass der CEV hier eine vern\u00fcnftige Entscheidung getroffen hat und wir es jetzt doch in die Gruppenphase geschafft haben. \u201c<\/p>\n<p style=\"text-align: justify;\">Und Kim Renkema, Sportdirektorin bei Allianz MTV Stuttgart erg\u00e4nzt: \u201eWir danken der CEV f\u00fcr diese vern\u00fcnftige L\u00f6sung. Wir sind sehr gl\u00fccklich dar\u00fcber, uns jetzt f\u00fcr die Gruppenphase qualifiziert zu haben. Sportlich gesehen ist das ein Ziel der Mannschaft gewesen und sie freut sich jetzt darauf, sich jetzt in der Champions League zeigen zu d\u00fcrfen.<\/p>\n<p style=\"text-align: justify;\">Die vorgeschlagene Turnierform halte ich f\u00fcr richtig und in der momentanen Situation f\u00fcr den einzig m\u00f6glichen Weg.\u201c<\/p>\n<hr \/>\n<p style=\"text-align: justify;\">\n","protected":false},"excerpt":{"rendered":"<p>Stuttgart.| Aufgrund von aktuellen Reisebeschr\u00e4nkungen kann das Spiel zwischen Allianz MTV Stuttgart und Dinamo Moskau in der Schweiz nicht wie geplant stattfinden. Da sich des Weiteren auch das finnische Team LP Salo aufgrund von Problemen aus der CEV Champions League zur\u00fcckgezogen hat, wurde vom Europ\u00e4ischen Volleyballverband heute beschlossen, die beiden freien Pl\u00e4tze in der Gruppenphase [&hellip;]<\/p>\n","protected":false},"author":4,"featured_media":0,"comment_status":"closed","ping_status":"open","sticky":false,"template":"","format":"standard","meta":{"inline_featured_image":false,"_exactmetrics_skip_tracking":false,"_exactmetrics_sitenote_active":false,"_exactmetrics_sitenote_note":"","_exactmetrics_sitenote_category":0,"footnotes":""},"categories":[110],"tags":[16187,14857,5,68,9,275,10629],"class_list":{"0":"post-140275","1":"post","2":"type-post","3":"status-publish","4":"format-standard","6":"category-sport","7":"tag-allianz-mtv","8":"tag-die-webzeitung","9":"tag-internetzeitung","10":"tag-online-zeitung","11":"tag-schaumedia","12":"tag-stuttgart","13":"tag-volleyball"},"image_feature":null,"author_name":"Redaktion","pure_taxonomies":{"categories":[{"term_id":110,"name":"Sport","slug":"sport","term_group":0,"term_taxonomy_id":112,"taxonomy":"category","description":"Sportberichte","parent":0,"count":1043,"filter":"raw","image":""}],"tags":[{"term_id":16187,"name":"Allianz MTV","slug":"allianz-mtv","term_group":0,"term_taxonomy_id":16206,"taxonomy":"post_tag","description":"","parent":0,"count":44,"filter":"raw","image":""},{"term_id":14857,"name":"Die-Webzeitung","slug":"die-webzeitung","term_group":0,"term_taxonomy_id":14876,"taxonomy":"post_tag","description":"","parent":0,"count":3625,"filter":"raw","image":""},{"term_id":5,"name":"Internetzeitung","slug":"internetzeitung","term_group":0,"term_taxonomy_id":5,"taxonomy":"post_tag","description":"","parent":0,"count":1461,"filter":"raw","image":""},{"term_id":68,"name":"Online-Zeitung","slug":"online-zeitung","term_group":0,"term_taxonomy_id":69,"taxonomy":"post_tag","description":"","parent":0,"count":3595,"filter":"raw","image":""},{"term_id":9,"name":"SchauMedia","slug":"schaumedia","term_group":0,"term_taxonomy_id":9,"taxonomy":"post_tag","description":"","parent":0,"count":1607,"filter":"raw","image":""},{"term_id":275,"name":"Stuttgart","slug":"stuttgart","term_group":0,"term_taxonomy_id":281,"taxonomy":"post_tag","description":"","parent":0,"count":1195,"filter":"raw","image":""},{"term_id":10629,"name":"Volleyball","slug":"volleyball","term_group":0,"term_taxonomy_id":10665,"taxonomy":"post_tag","description":"","parent":0,"count":90,"filter":"raw","image":""}]},"_links":{"self":[{"href":"https:\/\/die-webzeitung.de\/stuttgart\/wp-json\/wp\/v2\/posts\/140275","targetHints":{"allow":["GET"]}}],"collection":[{"href":"https:\/\/die-webzeitung.de\/stuttgart\/wp-json\/wp\/v2\/posts"}],"about":[{"href":"https:\/\/die-webzeitung.de\/stuttgart\/wp-json\/wp\/v2\/types\/post"}],"author":[{"embeddable":true,"href":"https:\/\/die-webzeitung.de\/stuttgart\/wp-json\/wp\/v2\/users\/4"}],"replies":[{"embeddable":true,"href":"https:\/\/die-webzeitung.de\/stuttgart\/wp-json\/wp\/v2\/comments?post=140275"}],"version-history":[{"count":1,"href":"https:\/\/die-webzeitung.de\/stuttgart\/wp-json\/wp\/v2\/posts\/140275\/revisions"}],"predecessor-version":[{"id":140276,"href":"https:\/\/die-webzeitung.de\/stuttgart\/wp-json\/wp\/v2\/posts\/140275\/revisions\/140276"}],"wp:attachment":[{"href":"https:\/\/die-webzeitung.de\/stuttgart\/wp-json\/wp\/v2\/media?parent=140275"}],"wp:term":[{"taxonomy":"category","embeddable":true,"href":"https:\/\/die-webzeitung.de\/stuttgart\/wp-json\/wp\/v2\/categories?post=140275"},{"taxonomy":"post_tag","embeddable":true,"href":"https:\/\/die-webzeitung.de\/stuttgart\/wp-json\/wp\/v2\/tags?post=140275"}],"curies":[{"name":"wp","href":"https:\/\/api.w.org\/{rel}","templated":true}]}}