{"id":140248,"date":"2020-10-24T11:23:27","date_gmt":"2020-10-24T10:23:27","guid":{"rendered":"https:\/\/die-webzeitung.de\/stuttgart\/?p=140248"},"modified":"2020-10-24T11:23:27","modified_gmt":"2020-10-24T10:23:27","slug":"allgemeine-sperrstunde-ab-23-uhr-im-kreis","status":"publish","type":"post","link":"https:\/\/die-webzeitung.de\/stuttgart\/2020\/10\/24\/allgemeine-sperrstunde-ab-23-uhr-im-kreis\/","title":{"rendered":"Allgemeine Sperrstunde ab 23 Uhr im Kreis"},"content":{"rendered":"<h5 style=\"text-align: justify;\"><strong>Allgemeinverf\u00fcgung des Landratsamts mit weiter versch\u00e4rften Regeln tritt ab Samstag, 24. Oktober, in Kraft<\/strong><\/h5>\n<p style=\"text-align: justify;\"><strong>Inzidenz im Landkreis heute (23.10.2020) bei 85,28<\/strong><\/p>\n<p style=\"text-align: justify;\">Kreis B\u00f6blingen.| Auch der Landkreis B\u00f6blingen f\u00fchrt nun die Sperrstunde ab 23 Uhr ein. Die neue Allgemeinverf\u00fcgung mit dieser und weiteren, versch\u00e4rften Regeln gilt ab Samstag, 24. Oktober. \u201eDie Sperrstunde trifft die Gastronomiebetriebe hart\u201c, wei\u00df Landrat Roland Bernhard. \u201eDennoch sind wir aktuell gezwungen, zu handeln.\u201c<\/p>\n<p style=\"text-align: justify;\">Nachdem der Inzidenzwert \u2013 also die Ansteckung pro 100.000 in sieben Tagen \u2013 zu Beginn der Woche um den Wert 50 pendelte, verzeichnet der Landkreis inzwischen nach einem Wert von etwas \u00fcber 70 am Donnerstag seit heute bereits 85,3. \u201eAngesichts dieser Zahlen m\u00fcssen wir dieses Mittel ziehen.\u201c Auch das Sozialministerium hat mit seinem Erlass von heute klargestellt, dass Landkreise bei mehr als 50 Neuinfektionen pro 100 000 Einwohner in sieben Tagen eine Sperrstunde ab 23 Uhr f\u00fcr die Gastronomie per Allgemeinverf\u00fcgung verh\u00e4ngen m\u00fcssen.<\/p>\n<p style=\"text-align: justify;\">Neben der Anordnung der Sperrstunde wird auch das bereits bestehende Alkoholabgabeverbot f\u00fcr Donnerstag, Freitag und Samstag ab 23 Uhr auf alle Tage ausgedehnt. Und f\u00fcr Veranstaltungen gilt eine generelle Obergrenze von 100 Personen. Dies betrifft am Wochenende vor allem Sportveranstaltungen.<\/p>\n<p style=\"text-align: justify;\">Die Allgemeinverf\u00fcgung des Landkreises B\u00f6blingen wird am 23.10. \u00fcber die Homepage des Landkreises, <a href=\"http:\/\/www.lrabb.de\" target=\"_blank\" rel=\"noopener noreferrer\">www.lrabb.de<\/a>, verk\u00fcndet und tritt am Tag nach ihrer Bekanntmachung in Kraft.<\/p>\n<p style=\"text-align: justify;\">Derzeit gibt es 555 Menschen aktive F\u00e4lle kreisweit.<\/p>\n<hr \/>\n<p style=\"text-align: justify;\">\n","protected":false},"excerpt":{"rendered":"<p>Allgemeinverf\u00fcgung des Landratsamts mit weiter versch\u00e4rften Regeln tritt ab Samstag, 24. Oktober, in Kraft Inzidenz im Landkreis heute (23.10.2020) bei 85,28 Kreis B\u00f6blingen.| Auch der Landkreis B\u00f6blingen f\u00fchrt nun die Sperrstunde ab 23 Uhr ein. Die neue Allgemeinverf\u00fcgung mit dieser und weiteren, versch\u00e4rften Regeln gilt ab Samstag, 24. Oktober. \u201eDie Sperrstunde trifft die Gastronomiebetriebe hart\u201c, [&hellip;]<\/p>\n","protected":false},"author":4,"featured_media":0,"comment_status":"closed","ping_status":"open","sticky":false,"template":"","format":"standard","meta":{"inline_featured_image":false,"_exactmetrics_skip_tracking":false,"_exactmetrics_sitenote_active":false,"_exactmetrics_sitenote_note":"","_exactmetrics_sitenote_category":0,"footnotes":""},"categories":[59,2246],"tags":[3061,16573,14857,5,16838,68,16837],"class_list":{"0":"post-140248","1":"post","2":"type-post","3":"status-publish","4":"format-standard","6":"category-aktuell","7":"category-kreis-boeblingen","8":"tag-boblingen","9":"tag-corona","10":"tag-die-webzeitung","11":"tag-internetzeitung","12":"tag-inzidenz","13":"tag-online-zeitung","14":"tag-sperrstunde"},"image_feature":null,"author_name":"Redaktion","pure_taxonomies":{"categories":[{"term_id":59,"name":"Aktuell","slug":"aktuell","term_group":0,"term_taxonomy_id":60,"taxonomy":"category","description":"","parent":0,"count":1017,"filter":"raw","image":""},{"term_id":2246,"name":"Kreis B\u00f6blingen","slug":"kreis-boeblingen","term_group":0,"term_taxonomy_id":2259,"taxonomy":"category","description":"","parent":171,"count":197,"filter":"raw","image":""}],"tags":[{"term_id":3061,"name":"B\u00f6blingen","slug":"boblingen","term_group":0,"term_taxonomy_id":3075,"taxonomy":"post_tag","description":"","parent":0,"count":260,"filter":"raw","image":""},{"term_id":16573,"name":"Corona","slug":"corona","term_group":0,"term_taxonomy_id":16592,"taxonomy":"post_tag","description":"","parent":0,"count":81,"filter":"raw","image":""},{"term_id":14857,"name":"Die-Webzeitung","slug":"die-webzeitung","term_group":0,"term_taxonomy_id":14876,"taxonomy":"post_tag","description":"","parent":0,"count":3625,"filter":"raw","image":""},{"term_id":5,"name":"Internetzeitung","slug":"internetzeitung","term_group":0,"term_taxonomy_id":5,"taxonomy":"post_tag","description":"","parent":0,"count":1461,"filter":"raw","image":""},{"term_id":16838,"name":"Inzidenz","slug":"inzidenz","term_group":0,"term_taxonomy_id":16857,"taxonomy":"post_tag","description":"","parent":0,"count":19,"filter":"raw","image":""},{"term_id":68,"name":"Online-Zeitung","slug":"online-zeitung","term_group":0,"term_taxonomy_id":69,"taxonomy":"post_tag","description":"","parent":0,"count":3595,"filter":"raw","image":""},{"term_id":16837,"name":"Sperrstunde","slug":"sperrstunde","term_group":0,"term_taxonomy_id":16856,"taxonomy":"post_tag","description":"","parent":0,"count":2,"filter":"raw","image":""}]},"_links":{"self":[{"href":"https:\/\/die-webzeitung.de\/stuttgart\/wp-json\/wp\/v2\/posts\/140248","targetHints":{"allow":["GET"]}}],"collection":[{"href":"https:\/\/die-webzeitung.de\/stuttgart\/wp-json\/wp\/v2\/posts"}],"about":[{"href":"https:\/\/die-webzeitung.de\/stuttgart\/wp-json\/wp\/v2\/types\/post"}],"author":[{"embeddable":true,"href":"https:\/\/die-webzeitung.de\/stuttgart\/wp-json\/wp\/v2\/users\/4"}],"replies":[{"embeddable":true,"href":"https:\/\/die-webzeitung.de\/stuttgart\/wp-json\/wp\/v2\/comments?post=140248"}],"version-history":[{"count":1,"href":"https:\/\/die-webzeitung.de\/stuttgart\/wp-json\/wp\/v2\/posts\/140248\/revisions"}],"predecessor-version":[{"id":140249,"href":"https:\/\/die-webzeitung.de\/stuttgart\/wp-json\/wp\/v2\/posts\/140248\/revisions\/140249"}],"wp:attachment":[{"href":"https:\/\/die-webzeitung.de\/stuttgart\/wp-json\/wp\/v2\/media?parent=140248"}],"wp:term":[{"taxonomy":"category","embeddable":true,"href":"https:\/\/die-webzeitung.de\/stuttgart\/wp-json\/wp\/v2\/categories?post=140248"},{"taxonomy":"post_tag","embeddable":true,"href":"https:\/\/die-webzeitung.de\/stuttgart\/wp-json\/wp\/v2\/tags?post=140248"}],"curies":[{"name":"wp","href":"https:\/\/api.w.org\/{rel}","templated":true}]}}