{"id":140173,"date":"2020-10-16T16:42:37","date_gmt":"2020-10-16T15:42:37","guid":{"rendered":"https:\/\/die-webzeitung.de\/stuttgart\/?p=140173"},"modified":"2020-10-16T16:42:37","modified_gmt":"2020-10-16T15:42:37","slug":"landkreis-boeblingen-wird-vermutlich-bald-zum-risikogebiet","status":"publish","type":"post","link":"https:\/\/die-webzeitung.de\/stuttgart\/2020\/10\/16\/landkreis-boeblingen-wird-vermutlich-bald-zum-risikogebiet\/","title":{"rendered":"Landkreis B\u00f6blingen wird vermutlich bald zum Risikogebiet"},"content":{"rendered":"<ul>\n<li style=\"text-align: justify;\"><strong>Die Allgemeinverf\u00fcgung des Landkreises B\u00f6blingen wird dann versch\u00e4rft<\/strong><\/li>\n<li style=\"text-align: justify;\"><strong>Landrat Roland Bernhard: \u201eHelfen Sie mit, dass sich die Lage nicht weiter verschlimmert!\u201c<\/strong><\/li>\n<\/ul>\n<p style=\"text-align: justify;\">Kreis B\u00f6blingen.| Am Dienstag erst hatte der Landkreis B\u00f6blingen eine Allgemeinverf\u00fcgung erlassen, angesichts eines erreichten Inzidenzwerts von 35. (Der Inzidenzwert meint die Zahl der Neuinfektionen der vergangenen 7 Tage, bezogen auf 100.000 Einwohner). Diese muss nun wahrscheinlich bald angepasst werden \u2013 zum einen, analog der Beschl\u00fcsse der Bund-L\u00e4nder-Konferenz, zum anderen weil die Zahl 50 demn\u00e4chst erreicht ist. \u201eLeider stehen wir nun auch im Landkreis B\u00f6blingen kurz vor der Inzidenz von 50 und sind damit wohl demn\u00e4chst Risikogebiet. Wir m\u00fcssen bei der Verf\u00fcgung nacharbeiten\u201c, so Landrat Roland Bernhard. Er wirbt um Verst\u00e4ndnis: \u201eDie neuerlichen Einschr\u00e4nkungen sind bedauerlich und insbesondere f\u00fcr alle, die aktuell private Feierlichkeiten geplant hatten, bitter. Jedoch ist nicht zu leugnen, dass gerade diese Feiern oft Infektionsherde darstellen.\u201c Ausschlaggebend ist der Inzidenzwert, wie ihn das Landesgesundheitsamt ver\u00f6ffentlicht; sobald dieser \u00fcber 50 geht, wird die neue Allgemeinverf\u00fcgung ver\u00f6ffentlicht.<\/p>\n<p style=\"text-align: justify;\">Nach der aktualisierten Verf\u00fcgung ist die Teilnehmerzahl bei privaten Feierlichkeiten in \u00f6ffentlichen R\u00e4umen auf maximal 10 Personen zu begrenzen, in privaten R\u00e4umen d\u00fcrfen diese 10 nur noch aus maximal zwei Haushalten kommen. Dar\u00fcber hinaus d\u00fcrfen im \u00f6ffentlichen Raum nur noch maximal 10 Personen zusammenkommen. (Gemeint sind Ansammlungen im Sinne der Corona Verordnung &#8211; Zusammentreffen verschiedener Personen unabh\u00e4ngig vom jeweiligen Zweck).<\/p>\n<p style=\"text-align: justify;\">Es gilt eine erg\u00e4nzende Maskenpflicht im \u00f6ffentlichen Raum. Hier ist gemeint, dass das Tragen einer Mund-Nasen-Bedeckung im der \u00d6ffentlichkeit frei zug\u00e4nglichen Raum im Freien und in geschlossenen R\u00e4umen verpflichtend ist, wenn ein Mindestabstand von 1,5 Metern zu anderen Personen nicht eingehalten werden kann. Bei Veranstaltungen ist die Zahl der Teilnehmer auf 100 begrenzt und f\u00fcr die Gastronomie gilt ein generelles Au\u00dfenabgabeverbot von Alkohol.<\/p>\n<p style=\"text-align: justify;\">Die Verf\u00fcgung wird \u00fcber die Website des Landkreises B\u00f6blingen notverk\u00fcndet und tritt am Tag nach ihrer Bekanntmachung in Kraft.<\/p>\n<p style=\"text-align: justify;\">\u201eHelfen Sie mit, die Infektionszahlen wieder zu senken. Wir sind alle gefordert, mit umsichtigem Verhalten und den bekannten AHA-Regeln daf\u00fcr zu sorgen, dass die Pandemie sich nicht weiter verschlimmert\u201c, ruft der Landrat zur Einhaltung der Regeln auf. \u201eUnser Augenmerk liegt auf der Situation in den Kliniken. Als Gesellschaft m\u00fcssen wir jetzt zusammenstehen und alle unseren Beitrag leisten.\u201c<\/p>\n<hr \/>\n<p style=\"text-align: justify;\">\n","protected":false},"excerpt":{"rendered":"<p>Die Allgemeinverf\u00fcgung des Landkreises B\u00f6blingen wird dann versch\u00e4rft Landrat Roland Bernhard: \u201eHelfen Sie mit, dass sich die Lage nicht weiter verschlimmert!\u201c Kreis B\u00f6blingen.| Am Dienstag erst hatte der Landkreis B\u00f6blingen eine Allgemeinverf\u00fcgung erlassen, angesichts eines erreichten Inzidenzwerts von 35. (Der Inzidenzwert meint die Zahl der Neuinfektionen der vergangenen 7 Tage, bezogen auf 100.000 Einwohner). Diese [&hellip;]<\/p>\n","protected":false},"author":4,"featured_media":0,"comment_status":"closed","ping_status":"open","sticky":false,"template":"","format":"standard","meta":{"inline_featured_image":false,"_exactmetrics_skip_tracking":false,"_exactmetrics_sitenote_active":false,"_exactmetrics_sitenote_note":"","_exactmetrics_sitenote_category":0,"footnotes":""},"categories":[59,2246],"tags":[3061,16573,14857,5,68,16831,9],"class_list":{"0":"post-140173","1":"post","2":"type-post","3":"status-publish","4":"format-standard","6":"category-aktuell","7":"category-kreis-boeblingen","8":"tag-boblingen","9":"tag-corona","10":"tag-die-webzeitung","11":"tag-internetzeitung","12":"tag-online-zeitung","13":"tag-risikogebiet","14":"tag-schaumedia"},"image_feature":null,"author_name":"Redaktion","pure_taxonomies":{"categories":[{"term_id":59,"name":"Aktuell","slug":"aktuell","term_group":0,"term_taxonomy_id":60,"taxonomy":"category","description":"","parent":0,"count":1017,"filter":"raw","image":""},{"term_id":2246,"name":"Kreis B\u00f6blingen","slug":"kreis-boeblingen","term_group":0,"term_taxonomy_id":2259,"taxonomy":"category","description":"","parent":171,"count":197,"filter":"raw","image":""}],"tags":[{"term_id":3061,"name":"B\u00f6blingen","slug":"boblingen","term_group":0,"term_taxonomy_id":3075,"taxonomy":"post_tag","description":"","parent":0,"count":260,"filter":"raw","image":""},{"term_id":16573,"name":"Corona","slug":"corona","term_group":0,"term_taxonomy_id":16592,"taxonomy":"post_tag","description":"","parent":0,"count":81,"filter":"raw","image":""},{"term_id":14857,"name":"Die-Webzeitung","slug":"die-webzeitung","term_group":0,"term_taxonomy_id":14876,"taxonomy":"post_tag","description":"","parent":0,"count":3625,"filter":"raw","image":""},{"term_id":5,"name":"Internetzeitung","slug":"internetzeitung","term_group":0,"term_taxonomy_id":5,"taxonomy":"post_tag","description":"","parent":0,"count":1461,"filter":"raw","image":""},{"term_id":68,"name":"Online-Zeitung","slug":"online-zeitung","term_group":0,"term_taxonomy_id":69,"taxonomy":"post_tag","description":"","parent":0,"count":3595,"filter":"raw","image":""},{"term_id":16831,"name":"Risikogebiet","slug":"risikogebiet","term_group":0,"term_taxonomy_id":16850,"taxonomy":"post_tag","description":"","parent":0,"count":1,"filter":"raw","image":""},{"term_id":9,"name":"SchauMedia","slug":"schaumedia","term_group":0,"term_taxonomy_id":9,"taxonomy":"post_tag","description":"","parent":0,"count":1607,"filter":"raw","image":""}]},"_links":{"self":[{"href":"https:\/\/die-webzeitung.de\/stuttgart\/wp-json\/wp\/v2\/posts\/140173","targetHints":{"allow":["GET"]}}],"collection":[{"href":"https:\/\/die-webzeitung.de\/stuttgart\/wp-json\/wp\/v2\/posts"}],"about":[{"href":"https:\/\/die-webzeitung.de\/stuttgart\/wp-json\/wp\/v2\/types\/post"}],"author":[{"embeddable":true,"href":"https:\/\/die-webzeitung.de\/stuttgart\/wp-json\/wp\/v2\/users\/4"}],"replies":[{"embeddable":true,"href":"https:\/\/die-webzeitung.de\/stuttgart\/wp-json\/wp\/v2\/comments?post=140173"}],"version-history":[{"count":1,"href":"https:\/\/die-webzeitung.de\/stuttgart\/wp-json\/wp\/v2\/posts\/140173\/revisions"}],"predecessor-version":[{"id":140174,"href":"https:\/\/die-webzeitung.de\/stuttgart\/wp-json\/wp\/v2\/posts\/140173\/revisions\/140174"}],"wp:attachment":[{"href":"https:\/\/die-webzeitung.de\/stuttgart\/wp-json\/wp\/v2\/media?parent=140173"}],"wp:term":[{"taxonomy":"category","embeddable":true,"href":"https:\/\/die-webzeitung.de\/stuttgart\/wp-json\/wp\/v2\/categories?post=140173"},{"taxonomy":"post_tag","embeddable":true,"href":"https:\/\/die-webzeitung.de\/stuttgart\/wp-json\/wp\/v2\/tags?post=140173"}],"curies":[{"name":"wp","href":"https:\/\/api.w.org\/{rel}","templated":true}]}}