{"id":140160,"date":"2020-10-14T18:03:46","date_gmt":"2020-10-14T17:03:46","guid":{"rendered":"https:\/\/die-webzeitung.de\/stuttgart\/2020\/10\/14\/svl-wasserballer-wollen-ganz-nach-vorne\/"},"modified":"2020-10-14T18:03:46","modified_gmt":"2020-10-14T17:03:46","slug":"svl-wasserballer-wollen-ganz-nach-vorne","status":"publish","type":"post","link":"https:\/\/die-webzeitung.de\/stuttgart\/2020\/10\/14\/svl-wasserballer-wollen-ganz-nach-vorne\/","title":{"rendered":"SVL-Wasserballer wollen ganz nach vorne"},"content":{"rendered":"<h5><strong>Saisonstart Ende Oktober<\/strong><\/h5>\n<p style=\"text-align: justify;\">Ludwigsburg.| Die Wasserballer des SV Ludwigsburg starten am 31. Oktober mit einem Heimspiel in die neue Bundesliga-Saison. Vieles ist in der Spielzeit der obersten Liga Pro A wegen der Corona-Pandemie noch ungewiss. Bis dato ist zum Beispiel nicht gekl\u00e4rt, wo dieses erste Spiel gegen Duisburg \u00fcberhaupt stattfinden wird.<\/p>\n<p style=\"text-align: justify;\">Der Team-Manager Adrijan Jakovcev sagt, die Mannschaft w\u00fcrde am liebsten daheim spielen, im guten alten Stadionbad. Doch eigentlich ist das Becken zu klein, der Verband m\u00fcsste eine Ausnahmegenehmigung erteilen. Die Alternative ist das Inselbad in Stuttgart. Die Verantwortlichen beim SVL denken zudem dar\u00fcber nach, ob es wom\u00f6glich eine Option sein k\u00f6nnte, im Freibad in Winnenden anzutreten, das 50-Meter-Sportbecken im Wunnebad wird den ganzen Winter \u00fcber geheizt und ist beliebt bei Schwimmern aus der gesamten Region Stuttgart.<\/p>\n<p style=\"text-align: justify;\">Klar indes ist, wohin die Reise gehen soll: nach ganz vorne, sagt Adrijan Jakovcev, und dabei guckt und l\u00e4chelt der 34-J\u00e4hrige recht zufrieden. Die vergangene Saison hat Ludwigsburg mit einem guten sechsten Platz in der Pro A abgeschlossen. Der Manager, der von 2014 bis 2019 selbst Teil der Mannschaft war, sagt, man wolle sich Jahr f\u00fcr Jahr um einen Platz verbessern.<\/p>\n<p style=\"text-align: justify;\">Wohin dieses Vorhaben f\u00fchren k\u00f6nne, das sei \u201ereine Mathematik\u201c. Als der Manager diesen Satz sagt grinst er verschmizt. Sein Plan ist ehrgeizig. Sehr ehrgeizig. Ludwigsburg, sagt Jakovcev, wolle\u00a0in f\u00fcnf Jahren mit um den Titel spielen. Noch indes seien die Wasserfreunde Spandau aus Berlin und Waspo Hannover kaum zu schlagen. In Deutschland spielen nur in diesen beiden Mannschaften fast ausnahmslos Vollprofis.<\/p>\n<p style=\"text-align: justify;\">Der Team-Manager sagt, der R\u00fcckblick auf die vergangenen Jahre zeige aber, dass es m\u00f6glich sei, gro\u00dfe Schritte zu machen. \u201eVor vier Jahren standen wir kurz vor dem Abstieg aus der zweiten Liga.\u201c Und jetzt habe sich die Mannschaft sogar f\u00fcr den Europacup qualifiziert. Wenn alles glatt l\u00e4uft, dann startet das Experiment Europa f\u00fcr den SVL am 4. Dezember. Wo die Spiele gegen die anderen europ\u00e4ischen Spitzenclubs stattfinden, ist allerdings noch nicht gekl\u00e4rt.<\/p>\n<p style=\"text-align: justify;\">Der Schwimmverein wolle sich und die Stadt Ludwigsburg \u201egut in Europa pr\u00e4sentieren\u201c. Ziel sei es auch, in der Barockstadt Wasserball als die zweite wichtige Sportart nach Basketball zu etablieren. Immerhin stelle der Verein mit seinem Nationalspieler Timo van der Bosch aktuell den Ludwigsburger Sportler der Jahres.<\/p>\n<p style=\"text-align: justify;\">In Europa tritt Ludwigsburg gegen Teams unter anderem aus Kroatien und aus Ungarn an. In diesen beiden L\u00e4ndern ist Wasserball weit popul\u00e4rer als hierzulande. Allein in Ungarns Hauptstadt Budapest, sagt Jakovcev, gebe es \u201emehr als 20 B\u00e4der f\u00fcr Wasserball\u201c. In Deutschland indes, auch in der Wirtschaftsmetropole-Region Stuttgart, fehlen vielerorts Hallenb\u00e4der. \u201eWir diskutieren hier \u00fcber e i n e Traglufthalle.\u201c<\/p>\n<p style=\"text-align: justify;\">Die Spiele des Europacups werden erst Mitte November ausgelost. Doch wegen Corona \u201esei leider noch alles offen\u201c &#8211; wer wei\u00df, wom\u00f6glich kann in manchen L\u00e4ndern gar nicht gespielt werden. Ein Blick nach Ungarn &#8211; wo der Ligabetrieb bereits begonnen hat &#8211; l\u00e4sst Ungemach erwarten: einige Ligaspiele in dem Land mussten wegen positiver Corona-Tests von Spielern abgesagt beziehungsweise verschoben werden. Der Team-Manager sagt: \u201eWir sind gespannt und warten.\u201c<\/p>\n<p style=\"text-align: justify;\">Die erste Mannschaft des SVL mit ihrem Kapit\u00e4n, dem Torwart Ivan Pisk, sei jedenfalls topfit. Die M\u00e4nner haben bis Ende September im Freibad Hoheneck trainiert, jetzt stehen in Ludwigsburg das Stadionbad und das Campusbad zur Verf\u00fcgung.<\/p>\n<p style=\"text-align: justify;\">Der weit \u00fcber die Stadtgrenzen bekannteste Ludwigsburg Spieler ist Timo van der Bosch, er geh\u00f6rt zum deutschen Olympiakader. Der Polizist ist f\u00fcr die kommenden Monate f\u00fcr sein Training vom Dienst komplett freigestellt worden. Das Team Deutschland tritt im Februar kommenden Jahres beim Qualifikationsturnier f\u00fcr die Olympischen Spiele an.<\/p>\n<p style=\"text-align: justify;\">Mit Blick auf van der Bosch erkl\u00e4rt der Manager: \u201eAuch das ist etwas Gro\u00dfes und Historisches f\u00fcr uns.\u201c Adrijan Jakovcev selbst spielt \u00fcbrigens immer noch Wasserball: jetzt allerdings in der dritten SVL-Mannschaft. Dieses Team, das vom SVL-Urgestein Dieter Gscheidle gemanaged wird, tritt in der Verbandsliga an.<\/p>\n<p style=\"text-align: justify;\">Mit Blick auf das ambitionierte Ziel, sich Jahr f\u00fcr Jahr um einem Platz zu verbessern, sagt der Manager augenzwinkernd: \u201eWir sind auch offen f\u00fcr mehr.\u201c F\u00fcr mehr als Platz f\u00fcnf in dieser Saison also. Platz vier w\u00e4re wirklich top, denn damit w\u00fcrde sich der SVL direkt f\u00fcr das Viertelfinale qualifizieren und einen m\u00f6glichen Abstieg in die Pro B von vorne herein komplett unm\u00f6glich machen.<\/p>\n<p style=\"text-align: justify;\">Die Wasserball-Bundesliga ist in die ProA und die Pro B unterteilt, in den beiden Ligen spielen jeweils acht Mannschaften um den Auf- und den Abstieg beziehungsweise um die Meisterschaft.<\/p>\n<p style=\"text-align: justify;\">Ludwigsburg hat im Abschlussturnier der Saison 2019\/2020 Potsdam geschlagen, das Team, das schlie\u00dflich auf Platz drei gelandet ist. Und auch gegen den Traditionsverein aus Duisburg hat sich der SVL durchgesetzt. Diese Siege stimmen den Team-Manager optimistisch. Ein wom\u00f6glich gutes Omen f\u00fcr das Auftaktspiel &#8211; wo auch immer es stattfinden wird. Adrijan Jakovcev ist sich sicher: \u201eMit Ludwigsburg ist zu rechnen, alle Mannschaften m\u00fcssen sich warm anziehen.\u201c<\/p>\n<p style=\"text-align: justify;\">Das Ludwigsburger Team ist zu 80 Prozent das selbe wie in der zu Ende gegangen Saison. Derzeit stammen nur zwei Spieler aus der Ludwigsburger Jugend: Toni Tadic und Leopold Friedrich. Ein weiteres wichtiges Ziel sei es, Jahr f\u00fcr Jahr m\u00f6glichst mindestens einen weiteren Spieler aus der eigenen Jugend in die erste Mannschaft zu integrieren.<\/p>\n<p style=\"text-align: justify;\">Derzeit sind die meisten Spieler\u00a0Sportler aus S\u00fcdosteuropa, einige von ihnen arbeiten beim SVL, zum Beispiel als Schwimmtrainer oder als Leiter der Schwimmkurse. Neuer Trainer-Spieler ist Marko Martinic, er hat bereits in der vergangenen Saison beim SVL gespielt. Nun \u00fcbernimmt er also die Doppelrolle.<\/p>\n<p style=\"text-align: justify;\">Der Vizepr\u00e4sident des SV Ludwigsburg, Matthias Nagel, erkl\u00e4rt mit Blick auf die Corona-Pandemie, er bef\u00fcrchte, dass nur wenig Zuschauer zu den Spielen zugelassen werden &#8211; v\u00f6llig egal, ob im Stadionbad gespielt wird oder unter der Traglufthalle des Inselbads in Stuttgart.<\/p>\n<p style=\"text-align: justify;\">F\u00fcr die Fans des SVL und f\u00fcr alle Wasserball-Freunde werde die neue Saison vermutlich \u201ekeine sch\u00f6ne\u201c, leider. F\u00fcr die Spieler werden die n\u00e4chsten Monate jedenfalls eine extrem anspruchsvolle Zeit: Nagel sagt, er rechne bis Weihnachten Wochenende f\u00fcr Wochenende mit ein bis zwei Spielen &#8211; viele Sportler arbeiten regul\u00e4ren in einem Fulltime-Job. Auch der Manager, er ist Bauingenieur.<\/p>\n<p style=\"text-align: justify;\">Von Januar bis M\u00e4rz 2021 pausiert der Spielbetrieb in der Bundesliga, damit sich die Nationalspieler wie der SVLer van der Bosch optimal auf das wichtige Quali-Turnier vorbereiten k\u00f6nnen, das Ende Februar in Holland ausgetragen werden soll. So Corona will.<\/p>\n<hr \/>\n<p style=\"text-align: justify;\">\n","protected":false},"excerpt":{"rendered":"<p>Saisonstart Ende Oktober Ludwigsburg.| Die Wasserballer des SV Ludwigsburg starten am 31. Oktober mit einem Heimspiel in die neue Bundesliga-Saison. Vieles ist in der Spielzeit der obersten Liga Pro A wegen der Corona-Pandemie noch ungewiss. Bis dato ist zum Beispiel nicht gekl\u00e4rt, wo dieses erste Spiel gegen Duisburg \u00fcberhaupt stattfinden wird. Der Team-Manager Adrijan Jakovcev [&hellip;]<\/p>\n","protected":false},"author":4,"featured_media":0,"comment_status":"closed","ping_status":"open","sticky":false,"template":"","format":"standard","meta":{"inline_featured_image":false,"_exactmetrics_skip_tracking":false,"_exactmetrics_sitenote_active":false,"_exactmetrics_sitenote_note":"","_exactmetrics_sitenote_category":0,"footnotes":""},"categories":[110],"tags":[131,14857,5,6,68,9,15012,14387,14388],"class_list":{"0":"post-140160","1":"post","2":"type-post","3":"status-publish","4":"format-standard","6":"category-sport","7":"tag-bundesliga","8":"tag-die-webzeitung","9":"tag-internetzeitung","10":"tag-ludwigsburg","11":"tag-online-zeitung","12":"tag-schaumedia","13":"tag-schwimmen","14":"tag-schwimmverein","15":"tag-svl"},"image_feature":null,"author_name":"Redaktion","pure_taxonomies":{"categories":[{"term_id":110,"name":"Sport","slug":"sport","term_group":0,"term_taxonomy_id":112,"taxonomy":"category","description":"Sportberichte","parent":0,"count":1043,"filter":"raw","image":""}],"tags":[{"term_id":131,"name":"Bundesliga","slug":"bundesliga","term_group":0,"term_taxonomy_id":133,"taxonomy":"post_tag","description":"","parent":0,"count":699,"filter":"raw","image":""},{"term_id":14857,"name":"Die-Webzeitung","slug":"die-webzeitung","term_group":0,"term_taxonomy_id":14876,"taxonomy":"post_tag","description":"","parent":0,"count":3625,"filter":"raw","image":""},{"term_id":5,"name":"Internetzeitung","slug":"internetzeitung","term_group":0,"term_taxonomy_id":5,"taxonomy":"post_tag","description":"","parent":0,"count":1461,"filter":"raw","image":""},{"term_id":6,"name":"Ludwigsburg","slug":"ludwigsburg","term_group":0,"term_taxonomy_id":6,"taxonomy":"post_tag","description":"","parent":0,"count":180,"filter":"raw","image":""},{"term_id":68,"name":"Online-Zeitung","slug":"online-zeitung","term_group":0,"term_taxonomy_id":69,"taxonomy":"post_tag","description":"","parent":0,"count":3595,"filter":"raw","image":""},{"term_id":9,"name":"SchauMedia","slug":"schaumedia","term_group":0,"term_taxonomy_id":9,"taxonomy":"post_tag","description":"","parent":0,"count":1607,"filter":"raw","image":""},{"term_id":15012,"name":"schwimmen","slug":"schwimmen","term_group":0,"term_taxonomy_id":15031,"taxonomy":"post_tag","description":"","parent":0,"count":149,"filter":"raw","image":""},{"term_id":14387,"name":"Schwimmverein","slug":"schwimmverein","term_group":0,"term_taxonomy_id":14421,"taxonomy":"post_tag","description":"","parent":0,"count":152,"filter":"raw","image":""},{"term_id":14388,"name":"SVL","slug":"svl","term_group":0,"term_taxonomy_id":14422,"taxonomy":"post_tag","description":"","parent":0,"count":151,"filter":"raw","image":""}]},"_links":{"self":[{"href":"https:\/\/die-webzeitung.de\/stuttgart\/wp-json\/wp\/v2\/posts\/140160","targetHints":{"allow":["GET"]}}],"collection":[{"href":"https:\/\/die-webzeitung.de\/stuttgart\/wp-json\/wp\/v2\/posts"}],"about":[{"href":"https:\/\/die-webzeitung.de\/stuttgart\/wp-json\/wp\/v2\/types\/post"}],"author":[{"embeddable":true,"href":"https:\/\/die-webzeitung.de\/stuttgart\/wp-json\/wp\/v2\/users\/4"}],"replies":[{"embeddable":true,"href":"https:\/\/die-webzeitung.de\/stuttgart\/wp-json\/wp\/v2\/comments?post=140160"}],"version-history":[{"count":0,"href":"https:\/\/die-webzeitung.de\/stuttgart\/wp-json\/wp\/v2\/posts\/140160\/revisions"}],"wp:attachment":[{"href":"https:\/\/die-webzeitung.de\/stuttgart\/wp-json\/wp\/v2\/media?parent=140160"}],"wp:term":[{"taxonomy":"category","embeddable":true,"href":"https:\/\/die-webzeitung.de\/stuttgart\/wp-json\/wp\/v2\/categories?post=140160"},{"taxonomy":"post_tag","embeddable":true,"href":"https:\/\/die-webzeitung.de\/stuttgart\/wp-json\/wp\/v2\/tags?post=140160"}],"curies":[{"name":"wp","href":"https:\/\/api.w.org\/{rel}","templated":true}]}}