{"id":140154,"date":"2020-10-13T18:04:21","date_gmt":"2020-10-13T17:04:21","guid":{"rendered":"https:\/\/die-webzeitung.de\/stuttgart\/?p=140154"},"modified":"2020-10-13T18:04:21","modified_gmt":"2020-10-13T17:04:21","slug":"allgemeinverfuegung-des-landkreises-zu-privaten-feiern-und-veranstaltungen","status":"publish","type":"post","link":"https:\/\/die-webzeitung.de\/stuttgart\/2020\/10\/13\/allgemeinverfuegung-des-landkreises-zu-privaten-feiern-und-veranstaltungen\/","title":{"rendered":"Allgemeinverf\u00fcgung des Landkreises zu privaten Feiern und Veranstaltungen"},"content":{"rendered":"<h5 style=\"text-align: justify;\"><strong>Zahl der Neuinfektionen der vergangenen 7 Tage \u00fcberschreitet kritische Marke<\/strong><\/h5>\n<p style=\"text-align: justify;\">Kreis B\u00f6blingen.| Stand heute (13.10.) liegt die Inzidenz im Landkreis B\u00f6blingen bei 37,79. Der Inzidenzwert meint die Zahl der Neuinfektionen der vergangenen 7 Tage, bezogen auf 100.000 Einwohner. Damit ist die erste kritische Marke von 35 \u00fcberschritten. Der Landkreis B\u00f6blingen erl\u00e4sst deshalb eine Allgemeinverf\u00fcgung zu privaten Feiern und Veranstaltungen. Diese sind mit Inkrafttreten der Verf\u00fcgung in \u00f6ffentlichen R\u00e4umen nur noch bis 50 Personen zul\u00e4ssig, in privaten R\u00e4umen bis 25 Personen. Die Allgemeinverf\u00fcgung tritt am Tag nach ihrer Bekanntmachung in Kraft.<\/p>\n<p style=\"text-align: justify;\">Die Auslegung, was eine private Veranstaltung ist, ist klar geregelt. Demnach sind die Teilnehmenden bekannt und die Anzahl begrenzt, sie haben zueinander oder zur veranstaltenden Person eine innerliche Verbundenheit und es besteht eine gemeinsame private Sph\u00e4re \u2013 so der Begr\u00fcndungstext zur Verf\u00fcgung. Gemeint sind also beispielsweise Geburtstagsfeiern, Hochzeiten, Taufen oder auch Beerdigungen. Dem gegen\u00fcber stehen Firmenfeiern, Vereinstreffen oder Wohnungseigent\u00fcmer-versammlungen. Letztere sind keine privaten Veranstaltungen und sind entsprechend auch nicht von der Verf\u00fcgung betroffen. Hier gelten nach wie vor die Regeln der Corona-Verordnung des Landes, in der Fassung vom 12.10.2020.<\/p>\n<p style=\"text-align: justify;\">\u201eDas sind unsere aktuellen Ma\u00dfnahmen, sollten wir den n\u00e4chsten Wert bei 50 rei\u00dfen, werden weitere folgen\u201c, k\u00fcndigt Landrat Roland Bernhard an. Wie schon in fr\u00fcheren Pressever\u00f6ffentlichungen erw\u00e4hnt, sollen die Obergrenzen f\u00fcr private Feiern und Veranstaltungen dann auch 25 bzw. 10 Personen begrenzt werden. Zudem soll dann auch eine Maskenpflicht im \u00f6ffentlichen Raum, insbesondere wo der Mindestabstand von 1,50 Meter nicht eingehalten werden kann, kommen. \u201cWir bereiten diese weitergehenden Einschr\u00e4nkungen vor, wenn wir auch hoffen, dass wir sie vielleicht nicht brauchen\u201c, so Bernhard.<\/p>\n<p style=\"text-align: justify;\">Die Zahl der Neuinfektionen ist, Stand 13.10., um 25 auf 392 gestiegen und ist damit auf dem Stand von Anfang Mai diesen Jahres. In den vier Kliniken des Klinikverbunds S\u00fcdwest im Landkreis B\u00f6blingen sind aktuell 16 Patienten station\u00e4r, davon 6 intensiv (4 beatmet).<\/p>\n<p style=\"text-align: justify;\">Eine Aktualisierung noch &#8211; am Testzentrum Herrenberg werden die \u00d6ffnungszeiten ab 19.10. nochmals ausgeweitet. Es ist dann von Montag bis Donnerstag 18 bis 20 Uhr, am Sonntag von 10 bis 12 ge\u00f6ffnet. Die Testkapazit\u00e4ten in den beiden Testzentren in Sindelfingen und Herrenberg reichen so aktuell aus, um die von der Hotline vergebenen Termine zu bew\u00e4ltigen. Es werden im Durchschnitt t\u00e4glich rd. 250 Testungen durchgef\u00fchrt.<\/p>\n<hr \/>\n<p style=\"text-align: justify;\">\n","protected":false},"excerpt":{"rendered":"<p>Zahl der Neuinfektionen der vergangenen 7 Tage \u00fcberschreitet kritische Marke Kreis B\u00f6blingen.| Stand heute (13.10.) liegt die Inzidenz im Landkreis B\u00f6blingen bei 37,79. Der Inzidenzwert meint die Zahl der Neuinfektionen der vergangenen 7 Tage, bezogen auf 100.000 Einwohner. Damit ist die erste kritische Marke von 35 \u00fcberschritten. Der Landkreis B\u00f6blingen erl\u00e4sst deshalb eine Allgemeinverf\u00fcgung zu [&hellip;]<\/p>\n","protected":false},"author":4,"featured_media":0,"comment_status":"closed","ping_status":"open","sticky":false,"template":"","format":"standard","meta":{"inline_featured_image":false,"_exactmetrics_skip_tracking":false,"_exactmetrics_sitenote_active":false,"_exactmetrics_sitenote_note":"","_exactmetrics_sitenote_category":0,"footnotes":""},"categories":[2246],"tags":[16829,3061,14857,5,68,9],"class_list":{"0":"post-140154","1":"post","2":"type-post","3":"status-publish","4":"format-standard","6":"category-kreis-boeblingen","7":"tag-allgemeinverfuegung","8":"tag-boblingen","9":"tag-die-webzeitung","10":"tag-internetzeitung","11":"tag-online-zeitung","12":"tag-schaumedia"},"image_feature":null,"author_name":"Redaktion","pure_taxonomies":{"categories":[{"term_id":2246,"name":"Kreis B\u00f6blingen","slug":"kreis-boeblingen","term_group":0,"term_taxonomy_id":2259,"taxonomy":"category","description":"","parent":171,"count":197,"filter":"raw","image":""}],"tags":[{"term_id":16829,"name":"Allgemeinverf\u00fcgung","slug":"allgemeinverfuegung","term_group":0,"term_taxonomy_id":16848,"taxonomy":"post_tag","description":"","parent":0,"count":1,"filter":"raw","image":""},{"term_id":3061,"name":"B\u00f6blingen","slug":"boblingen","term_group":0,"term_taxonomy_id":3075,"taxonomy":"post_tag","description":"","parent":0,"count":260,"filter":"raw","image":""},{"term_id":14857,"name":"Die-Webzeitung","slug":"die-webzeitung","term_group":0,"term_taxonomy_id":14876,"taxonomy":"post_tag","description":"","parent":0,"count":3625,"filter":"raw","image":""},{"term_id":5,"name":"Internetzeitung","slug":"internetzeitung","term_group":0,"term_taxonomy_id":5,"taxonomy":"post_tag","description":"","parent":0,"count":1461,"filter":"raw","image":""},{"term_id":68,"name":"Online-Zeitung","slug":"online-zeitung","term_group":0,"term_taxonomy_id":69,"taxonomy":"post_tag","description":"","parent":0,"count":3595,"filter":"raw","image":""},{"term_id":9,"name":"SchauMedia","slug":"schaumedia","term_group":0,"term_taxonomy_id":9,"taxonomy":"post_tag","description":"","parent":0,"count":1607,"filter":"raw","image":""}]},"_links":{"self":[{"href":"https:\/\/die-webzeitung.de\/stuttgart\/wp-json\/wp\/v2\/posts\/140154","targetHints":{"allow":["GET"]}}],"collection":[{"href":"https:\/\/die-webzeitung.de\/stuttgart\/wp-json\/wp\/v2\/posts"}],"about":[{"href":"https:\/\/die-webzeitung.de\/stuttgart\/wp-json\/wp\/v2\/types\/post"}],"author":[{"embeddable":true,"href":"https:\/\/die-webzeitung.de\/stuttgart\/wp-json\/wp\/v2\/users\/4"}],"replies":[{"embeddable":true,"href":"https:\/\/die-webzeitung.de\/stuttgart\/wp-json\/wp\/v2\/comments?post=140154"}],"version-history":[{"count":1,"href":"https:\/\/die-webzeitung.de\/stuttgart\/wp-json\/wp\/v2\/posts\/140154\/revisions"}],"predecessor-version":[{"id":140155,"href":"https:\/\/die-webzeitung.de\/stuttgart\/wp-json\/wp\/v2\/posts\/140154\/revisions\/140155"}],"wp:attachment":[{"href":"https:\/\/die-webzeitung.de\/stuttgart\/wp-json\/wp\/v2\/media?parent=140154"}],"wp:term":[{"taxonomy":"category","embeddable":true,"href":"https:\/\/die-webzeitung.de\/stuttgart\/wp-json\/wp\/v2\/categories?post=140154"},{"taxonomy":"post_tag","embeddable":true,"href":"https:\/\/die-webzeitung.de\/stuttgart\/wp-json\/wp\/v2\/tags?post=140154"}],"curies":[{"name":"wp","href":"https:\/\/api.w.org\/{rel}","templated":true}]}}