{"id":140143,"date":"2020-10-13T13:58:20","date_gmt":"2020-10-13T12:58:20","guid":{"rendered":"https:\/\/die-webzeitung.de\/stuttgart\/?p=140143"},"modified":"2020-10-13T13:58:36","modified_gmt":"2020-10-13T12:58:36","slug":"coronavirus-stuttgart-verfugt-neue-massnahmen-zur-eindammung-der-pandemie","status":"publish","type":"post","link":"https:\/\/die-webzeitung.de\/stuttgart\/2020\/10\/13\/coronavirus-stuttgart-verfugt-neue-massnahmen-zur-eindammung-der-pandemie\/","title":{"rendered":"Stuttgart verfu\u0308gt neue Ma\u00dfnahmen zur Einda\u0308mmung der Pandemie"},"content":{"rendered":"<p style=\"text-align: justify;\">Stuttgart.| In der Landeshauptstadt Stuttgart gelten ab Mittwoch, 14. Oktober, neue Vorgaben zur Einda\u0308mmung des Coronavirus. Sie regeln private Feiern, das Tragen von Mund- Nasen-Bedeckungen im City-Ring, den Verkauf und den Konsum von Alkohol, den Schulunterricht sowie den Besuch von Fu\u00dfballspielen. Die dazugeho\u0308rigen Verfu\u0308gungen hat die Stadt am Montag, 12. Oktober, vero\u0308ffentlicht. Rechtlich bindend sind sie ab Mittwoch. Sie gelten zuna\u0308chst bis einschlie\u00dflich Sonntag, 1. November. Bei Nichteinhaltung droht ein Bu\u00dfgeld.<\/p>\n<p style=\"text-align: justify;\">An privaten Feiern in Privatra\u0308umen du\u0308rfen nicht mehr als 10 Personen teilnehmen. In angemieteten Ra\u0308umen du\u0308rfen es nicht mehr als 25 Personen sein.<\/p>\n<p style=\"text-align: justify;\">Fu\u0308r folgende o\u0308ffentliche Verkehrsfla\u0308chen in der Innenstadt (sog. City-Ring), die durch die genannten Stra\u00dfen, Wege und Pla\u0308tze umschlossen werden, gilt die Pflicht zum Tragen einer Mund-Nasen-Bedeckung: Arnulf-Klett-Platz (mit Arnulf-Klett-Passage), Friedrichstra\u00dfe, Theodor-Heuss-Stra\u00dfe, Rotebu\u0308hlplatz (einschlie\u00dflich City Plaza und Rotebu\u0308hlpassage), Paulinenstra\u00dfe, Rupert-Mayer-Platz, Vorplatz der Kirche St. Maria, Feinstra\u00dfe, O\u0308sterreichischer Platz, Hauptsta\u0308tter Stra\u00dfe, Charlottenplatz (einschlie\u00dflich Charlotten-Passage), Konrad-Adenauer-Stra\u00dfe, Gebhard-Mu\u0308ller-Platz, Schillerstra\u00dfe. Es werden jeweils beide Seiten der genannten Stra\u00dfen und alle Seiten der genannten Pla\u0308tze erfasst.<br \/>\nDie Vorgabe gilt auch fu\u0308r alle Wochenma\u0308rkte in Stuttgart.<\/p>\n<p style=\"text-align: justify;\">Ausgenommen von der Pflicht sind Kinder unter 6 Jahren oder Personen, die aufgrund einer gesundheitlichen Beeintra\u0308chtigung oder Behinderung keine Mund- Nasen-Bedeckung tragen ko\u0308nnen. Au\u00dferdem sind ausgenommen Bauarbeiter bei der Arbeit und Personen, die essen oder trinken, joggen oder Fahrrad fahren.<\/p>\n<p style=\"text-align: justify;\">Fortan untersagt ist der Verkauf von alkoholischen Getra\u0308nken an Donnerstagen, Freitagen und Samstagen in der Zeit von 21 Uhr bis 6 Uhr des Folgetags: Diese Regel gilt fu\u0308r Gastro-Betriebe, die Getra\u0308nke zum Mitnehmen (\u201eTo Go\u201c) verkaufen sowie fu\u0308r La\u0308den und Superma\u0308rkte.<\/p>\n<p style=\"text-align: justify;\">An diesen Tagen ist auf o\u0308ffentlichen Stra\u00dfen, Wegen, Pla\u0308tzen und in Anlagen ab 23 Uhr der Konsum alkoholischer Getra\u0308nke untersagt. Die Vorgabe bezieht sich neben dem City-Ring auf die Bereiche:<br \/>\n&#8211; Mittlerer und Unterer Schlossgarten<br \/>\n&#8211; Wilhelmsplatz (Stuttgart-Mitte)<br \/>\n&#8211; Feuersee<br \/>\n&#8211; Wei\u00dfenburgpark<br \/>\n&#8211; Marienplatz<br \/>\n&#8211; Erwin-Schoettle-Platz<br \/>\n&#8211; Karlsho\u0308he<br \/>\n&#8211; Bismarckplatz<br \/>\n&#8211; Berliner Platz einschlie\u00dflich Bosch-Areal<br \/>\n&#8211; Stadtgarten<br \/>\n&#8211; Pariser Platz<br \/>\n&#8211; Maila\u0308nder Platz<br \/>\n&#8211; Ho\u0308henpark Killesberg<br \/>\n&#8211; Parkanlage Villa Berg<br \/>\n&#8211; Wilhelmsplatz in Bad Cannstatt<br \/>\n&#8211; Bahnhofsvorplatz in Bad Cannstatt<br \/>\n&#8211; Kurpark in Bad Cannstatt<br \/>\n&#8211; Wilhelm-Geiger-Platz in Feuerbach<br \/>\n&#8211; Lo\u0308wenmarkt in Weilimdorf.<\/p>\n<p>Bei o\u0308ffentlichen Veranstaltungen ist im gesamten Stadtgebiet durchga\u0308ngig eine Mund-Nasen-Bedeckung zu tragen. Fu\u00dfballspiele sind unter Auflagen nur noch mit bis zu 200 Teilnehmenden mo\u0308glich. Die Stuttgarter Kickers erhalten fu\u0308r die beiden anstehenden Heimspiele am 14. und am 17. Oktober eine Ausnahmegenehmigung fu\u0308r die Teilnahme von 500 Zuschauern, weil die Karten bereits verkauft waren.<\/p>\n<p style=\"text-align: justify;\">Masken sind auch zu tragen in den auf der Grundschule aufbauenden allgemeinen Schulen, den beruflichen Schulen sowie den Sonderpa\u0308dagogischen Bildungs- und Beratungszentren ab Beginn der Hauptstufe, jeweils in o\u0308ffentlicher und freier Tra\u0308gerschaft. Die Vorgabe gilt \u2013 auch wa\u0308hrend des Unterrichts \u2013 fu\u0308r Schu\u0308lerinnen und Schu\u0308ler, Lehrkra\u0308fte sowie sonstige anwesende Personen. In den Grundschulen sind Masken zu tragen von den Lehrkra\u0308ften sowie sonstigen anwesenden Personen ab 16 Jahren, auch hier wa\u0308hrend des Unterrichts.<br \/>\nFu\u0308r die Schu\u0308ler ab der Klassenstufe 8 beginnt der Unterricht fru\u0308hestens zur zweiten Stunde. Diese Anordnung soll den o\u0308ffentlichen Nahverkehr entlasten.<\/p>\n<p style=\"text-align: justify;\">Aufgehoben wird das Verbot sexueller Dienstleistungen. Grund dafu\u0308r ist ein Urteil des Verwaltungsgerichtshofs sowie eine neue Landesverordnung.<\/p>\n<hr \/>\n<p style=\"text-align: justify;\">\n","protected":false},"excerpt":{"rendered":"<p>Stuttgart.| In der Landeshauptstadt Stuttgart gelten ab Mittwoch, 14. Oktober, neue Vorgaben zur Einda\u0308mmung des Coronavirus. Sie regeln private Feiern, das Tragen von Mund- Nasen-Bedeckungen im City-Ring, den Verkauf und den Konsum von Alkohol, den Schulunterricht sowie den Besuch von Fu\u00dfballspielen. Die dazugeho\u0308rigen Verfu\u0308gungen hat die Stadt am Montag, 12. Oktober, vero\u0308ffentlicht. Rechtlich bindend sind [&hellip;]<\/p>\n","protected":false},"author":4,"featured_media":0,"comment_status":"closed","ping_status":"open","sticky":false,"template":"","format":"standard","meta":{"inline_featured_image":false,"_exactmetrics_skip_tracking":false,"_exactmetrics_sitenote_active":false,"_exactmetrics_sitenote_note":"","_exactmetrics_sitenote_category":0,"footnotes":""},"categories":[59,2239],"tags":[16573,14857,5,68,9,275],"class_list":{"0":"post-140143","1":"post","2":"type-post","3":"status-publish","4":"format-standard","6":"category-aktuell","7":"category-stuttgart-lokal","8":"tag-corona","9":"tag-die-webzeitung","10":"tag-internetzeitung","11":"tag-online-zeitung","12":"tag-schaumedia","13":"tag-stuttgart"},"image_feature":null,"author_name":"Redaktion","pure_taxonomies":{"categories":[{"term_id":59,"name":"Aktuell","slug":"aktuell","term_group":0,"term_taxonomy_id":60,"taxonomy":"category","description":"","parent":0,"count":1017,"filter":"raw","image":""},{"term_id":2239,"name":"Stuttgart","slug":"stuttgart-lokal","term_group":0,"term_taxonomy_id":2252,"taxonomy":"category","description":"Berichte und Informationen aus Stuttgart","parent":1433,"count":942,"filter":"raw","image":""}],"tags":[{"term_id":16573,"name":"Corona","slug":"corona","term_group":0,"term_taxonomy_id":16592,"taxonomy":"post_tag","description":"","parent":0,"count":81,"filter":"raw","image":""},{"term_id":14857,"name":"Die-Webzeitung","slug":"die-webzeitung","term_group":0,"term_taxonomy_id":14876,"taxonomy":"post_tag","description":"","parent":0,"count":3625,"filter":"raw","image":""},{"term_id":5,"name":"Internetzeitung","slug":"internetzeitung","term_group":0,"term_taxonomy_id":5,"taxonomy":"post_tag","description":"","parent":0,"count":1461,"filter":"raw","image":""},{"term_id":68,"name":"Online-Zeitung","slug":"online-zeitung","term_group":0,"term_taxonomy_id":69,"taxonomy":"post_tag","description":"","parent":0,"count":3595,"filter":"raw","image":""},{"term_id":9,"name":"SchauMedia","slug":"schaumedia","term_group":0,"term_taxonomy_id":9,"taxonomy":"post_tag","description":"","parent":0,"count":1607,"filter":"raw","image":""},{"term_id":275,"name":"Stuttgart","slug":"stuttgart","term_group":0,"term_taxonomy_id":281,"taxonomy":"post_tag","description":"","parent":0,"count":1195,"filter":"raw","image":""}]},"_links":{"self":[{"href":"https:\/\/die-webzeitung.de\/stuttgart\/wp-json\/wp\/v2\/posts\/140143","targetHints":{"allow":["GET"]}}],"collection":[{"href":"https:\/\/die-webzeitung.de\/stuttgart\/wp-json\/wp\/v2\/posts"}],"about":[{"href":"https:\/\/die-webzeitung.de\/stuttgart\/wp-json\/wp\/v2\/types\/post"}],"author":[{"embeddable":true,"href":"https:\/\/die-webzeitung.de\/stuttgart\/wp-json\/wp\/v2\/users\/4"}],"replies":[{"embeddable":true,"href":"https:\/\/die-webzeitung.de\/stuttgart\/wp-json\/wp\/v2\/comments?post=140143"}],"version-history":[{"count":2,"href":"https:\/\/die-webzeitung.de\/stuttgart\/wp-json\/wp\/v2\/posts\/140143\/revisions"}],"predecessor-version":[{"id":140145,"href":"https:\/\/die-webzeitung.de\/stuttgart\/wp-json\/wp\/v2\/posts\/140143\/revisions\/140145"}],"wp:attachment":[{"href":"https:\/\/die-webzeitung.de\/stuttgart\/wp-json\/wp\/v2\/media?parent=140143"}],"wp:term":[{"taxonomy":"category","embeddable":true,"href":"https:\/\/die-webzeitung.de\/stuttgart\/wp-json\/wp\/v2\/categories?post=140143"},{"taxonomy":"post_tag","embeddable":true,"href":"https:\/\/die-webzeitung.de\/stuttgart\/wp-json\/wp\/v2\/tags?post=140143"}],"curies":[{"name":"wp","href":"https:\/\/api.w.org\/{rel}","templated":true}]}}