{"id":140141,"date":"2020-10-13T13:53:31","date_gmt":"2020-10-13T12:53:31","guid":{"rendered":"https:\/\/die-webzeitung.de\/stuttgart\/?p=140141"},"modified":"2020-10-13T13:53:31","modified_gmt":"2020-10-13T12:53:31","slug":"infektionszahlen-im-kreis-esslingen-steigen-weiter","status":"publish","type":"post","link":"https:\/\/die-webzeitung.de\/stuttgart\/2020\/10\/13\/infektionszahlen-im-kreis-esslingen-steigen-weiter\/","title":{"rendered":"Infektionszahlen im Kreis Esslingen steigen weiter"},"content":{"rendered":"<h5 style=\"text-align: justify;\"><strong>Schulbeginn wird gestaffelt, Maskenpflicht pr\u00e4zisiert<\/strong><\/h5>\n<p style=\"text-align: justify;\">Kreis Esslingen.| Am Wochenende ist die Sieben-Tage-Inzidenz im Landkreis Esslingen weiter angestiegen, sie lag am Montagvormittag bei 74,4. Das Infektionsgeschehen konzentriert sich weiterhin auf ein diffuses Geschehen im famili\u00e4ren Umfeld sowie Hotspots in Fl\u00fcchtlingsunterk\u00fcnften und in einem Frachtzentrum. Das haben Kontaktnachverfolgungen im Gesundheitsamt am Wochenende weiter erh\u00e4rtet.<\/p>\n<p style=\"text-align: justify;\">Seit vergangenen Freitag ist im Landkreis Esslingen die Allgemeinverf\u00fcgung in Kraft, wonach die Teilnehmerzahl von privaten Feiern in \u00f6ffentlichen R\u00e4umen auf 25 und in privaten R\u00e4umen auf zehn begrenzt ist. \u201eUm die Infektionsketten im famili\u00e4ren Umfeld zu unterbrechen ist es jetzt wichtig, diese Begrenzung unbedingt einzuhalten\u201c, sagt Landrat Heinz Eininger. Dabei komme es darauf an, dass die Allgemeinverf\u00fcgung umgesetzt werde, durch die Einsicht jedes Einzelnen und auch mit Kontrollen durch die Ortspolizeibeh\u00f6rden.<\/p>\n<p style=\"text-align: justify;\">Daneben setzt das Gesundheitsamt auf die Information vor allem in Familien mit Migrationshintergrund. Mit einer Aufkl\u00e4rungskampagne und Informationsbl\u00e4ttern in mehreren Sprachen soll dort auf die Gefahr durch das Coronavirus und auf vorbeugende Ma\u00dfnahmen zum Schutz vor der Infektion aufmerksam gemacht werden.<\/p>\n<p style=\"text-align: justify;\">Die weitere Verf\u00fcgung zum Tragen einer Maske auf \u00f6ffentlichen Pl\u00e4tzen wurde pr\u00e4zisiert: dieses ist \u00fcberall dort notwendig, wo ein Mindestabstand von eineinhalb Meter nicht eingehalten kann.<\/p>\n<p style=\"text-align: justify;\">Das Landratsamt empfiehlt wo es m\u00f6glich ist, eine Staffelung des Schulbeginns zur ersten und zweiten Schulstunde ab der Klassenstufe 9 zu pr\u00fcfen. \u201eDamit wollen wir vor allem das zeitweise hohe Fahrgastaufkommen in Schulbussen entzerren und so zum Infektionsschutz beitragen\u201c, sagt Eininger. Gleichzeitig dankte er den Schulen, die das bereits umsetzen, f\u00fcr ihr \u201eumsichtiges und verantwortungsvolles Vorgehen\u201c.<\/p>\n<p style=\"text-align: justify;\">\u201eBeim neuerlichen Anstieg der Infektionszahlen ist zu beachten, dass wir im Landkreis Esslingen derzeit deutlich mehr testen als noch im M\u00e4rz\u201c, erkl\u00e4rt Dr. Dominique Scheuermann, die Leiterin des Gesundheitsamts im Landratsamt. Dadurch werde die Dunkelziffer der Infizierten in Relation deutlich minimiert, es steige aber auch die Zahl der positiven Testergebnisse.<\/p>\n<p style=\"text-align: justify;\">Nach dem Erlass der Allgemeinverf\u00fcgungen muss nun abgewartet werden, wie sich das Infektionsgeschehen entwickelt. Die Menschen mit einer aktuellen Corona-Infektion haben sich zirka ein bis zwei Wochen vor der positiven Meldung infiziert. Die Ma\u00dfnahmen von vergangenen Freitag k\u00f6nnen noch keine Wirkung entfaltet haben. Nachdem sich das Virus gegen Ende der Sommerferien von Reiser\u00fcckkehrern aus Risikogebieten in Familien eingetragen wurde, verbreitet es sich nun von dort aus in Kindertageseinrichtungen und Schulen, an Arbeitsst\u00e4tten, in Vereinen und sonstigen Einrichtungen.<\/p>\n<p style=\"text-align: justify;\">Ein Schwerpunkt von Corona-Infektionen ist weiterhin in Fl\u00fcchtlingsunterk\u00fcnften auszumachen. Dort werden nun Reihentestungen durchgef\u00fchrt. \u201eAuch hier wollen wir mit einer Informationskampagne in mehreren Sprachen auf die Problematik einer Infektion und vorbeugenden Ma\u00dfnahmen aufmerksam machen\u201c, sagt der Gesundheitsdezernent Christian Baron. Bei Gespr\u00e4chen mit Menschen in Fl\u00fcchtlingsunterk\u00fcnften und auch bei den Mitarbeitern mit Migrationshintergrund in einem Frachtzentrum sei aufgefallen, dass Fl\u00fcchtlinge oder Mitarbeiter aus Furcht vor dem Verlust des Arbeitsplatzes und aufgrund mangelnder Erfahrung mit der medizinischen Versorgung oft einen Besuch beim Arzt scheuten.<\/p>\n<p style=\"text-align: justify;\">Zur Unterst\u00fctzung des Gesundheitsamts sind am Montagnachmittag die ersten Einsatzkr\u00e4fte der Bundeswehr ins Landratsamt gekommen. Bei der Kontaktnachverfolgung sind auch t\u00e4glich etwa 25 Mitarbeiter aus anderen Bereichen des Landratsamts im Einsatz. Die Kreissparkasse Esslingen-N\u00fcrtingen unterst\u00fctzt das Gesundheitsamt 14 Mitarbeitern aus dem Call-Center des Kreditinstituts.<\/p>\n<hr \/>\n<p style=\"text-align: justify;\">\n","protected":false},"excerpt":{"rendered":"<p>Schulbeginn wird gestaffelt, Maskenpflicht pr\u00e4zisiert Kreis Esslingen.| Am Wochenende ist die Sieben-Tage-Inzidenz im Landkreis Esslingen weiter angestiegen, sie lag am Montagvormittag bei 74,4. Das Infektionsgeschehen konzentriert sich weiterhin auf ein diffuses Geschehen im famili\u00e4ren Umfeld sowie Hotspots in Fl\u00fcchtlingsunterk\u00fcnften und in einem Frachtzentrum. Das haben Kontaktnachverfolgungen im Gesundheitsamt am Wochenende weiter erh\u00e4rtet. Seit vergangenen Freitag [&hellip;]<\/p>\n","protected":false},"author":4,"featured_media":0,"comment_status":"closed","ping_status":"open","sticky":false,"template":"","format":"standard","meta":{"inline_featured_image":false,"_exactmetrics_skip_tracking":false,"_exactmetrics_sitenote_active":false,"_exactmetrics_sitenote_note":"","_exactmetrics_sitenote_category":0,"footnotes":""},"categories":[59,2247],"tags":[16573,14857,14440,5,16826,68,9],"class_list":{"0":"post-140141","1":"post","2":"type-post","3":"status-publish","4":"format-standard","6":"category-aktuell","7":"category-kreis-esslingen","8":"tag-corona","9":"tag-die-webzeitung","10":"tag-esslingen","11":"tag-internetzeitung","12":"tag-inzidenz-wert","13":"tag-online-zeitung","14":"tag-schaumedia"},"image_feature":null,"author_name":"Redaktion","pure_taxonomies":{"categories":[{"term_id":59,"name":"Aktuell","slug":"aktuell","term_group":0,"term_taxonomy_id":60,"taxonomy":"category","description":"","parent":0,"count":1017,"filter":"raw","image":""},{"term_id":2247,"name":"Kreis Esslingen","slug":"kreis-esslingen","term_group":0,"term_taxonomy_id":2260,"taxonomy":"category","description":"Informationen aus dem Landkreis Esslingen","parent":171,"count":214,"filter":"raw","image":""}],"tags":[{"term_id":16573,"name":"Corona","slug":"corona","term_group":0,"term_taxonomy_id":16592,"taxonomy":"post_tag","description":"","parent":0,"count":81,"filter":"raw","image":""},{"term_id":14857,"name":"Die-Webzeitung","slug":"die-webzeitung","term_group":0,"term_taxonomy_id":14876,"taxonomy":"post_tag","description":"","parent":0,"count":3625,"filter":"raw","image":""},{"term_id":14440,"name":"Esslingen","slug":"esslingen","term_group":0,"term_taxonomy_id":3885,"taxonomy":"post_tag","description":"","parent":0,"count":202,"filter":"raw","image":""},{"term_id":5,"name":"Internetzeitung","slug":"internetzeitung","term_group":0,"term_taxonomy_id":5,"taxonomy":"post_tag","description":"","parent":0,"count":1461,"filter":"raw","image":""},{"term_id":16826,"name":"Inzidenz-Wert","slug":"inzidenz-wert","term_group":0,"term_taxonomy_id":16845,"taxonomy":"post_tag","description":"","parent":0,"count":3,"filter":"raw","image":""},{"term_id":68,"name":"Online-Zeitung","slug":"online-zeitung","term_group":0,"term_taxonomy_id":69,"taxonomy":"post_tag","description":"","parent":0,"count":3595,"filter":"raw","image":""},{"term_id":9,"name":"SchauMedia","slug":"schaumedia","term_group":0,"term_taxonomy_id":9,"taxonomy":"post_tag","description":"","parent":0,"count":1607,"filter":"raw","image":""}]},"_links":{"self":[{"href":"https:\/\/die-webzeitung.de\/stuttgart\/wp-json\/wp\/v2\/posts\/140141","targetHints":{"allow":["GET"]}}],"collection":[{"href":"https:\/\/die-webzeitung.de\/stuttgart\/wp-json\/wp\/v2\/posts"}],"about":[{"href":"https:\/\/die-webzeitung.de\/stuttgart\/wp-json\/wp\/v2\/types\/post"}],"author":[{"embeddable":true,"href":"https:\/\/die-webzeitung.de\/stuttgart\/wp-json\/wp\/v2\/users\/4"}],"replies":[{"embeddable":true,"href":"https:\/\/die-webzeitung.de\/stuttgart\/wp-json\/wp\/v2\/comments?post=140141"}],"version-history":[{"count":1,"href":"https:\/\/die-webzeitung.de\/stuttgart\/wp-json\/wp\/v2\/posts\/140141\/revisions"}],"predecessor-version":[{"id":140142,"href":"https:\/\/die-webzeitung.de\/stuttgart\/wp-json\/wp\/v2\/posts\/140141\/revisions\/140142"}],"wp:attachment":[{"href":"https:\/\/die-webzeitung.de\/stuttgart\/wp-json\/wp\/v2\/media?parent=140141"}],"wp:term":[{"taxonomy":"category","embeddable":true,"href":"https:\/\/die-webzeitung.de\/stuttgart\/wp-json\/wp\/v2\/categories?post=140141"},{"taxonomy":"post_tag","embeddable":true,"href":"https:\/\/die-webzeitung.de\/stuttgart\/wp-json\/wp\/v2\/tags?post=140141"}],"curies":[{"name":"wp","href":"https:\/\/api.w.org\/{rel}","templated":true}]}}