{"id":140129,"date":"2020-10-11T18:05:06","date_gmt":"2020-10-11T17:05:06","guid":{"rendered":"https:\/\/die-webzeitung.de\/stuttgart\/2020\/10\/11\/doppelsieg-in-zolder-rast-sorgt-fuer-spannung\/"},"modified":"2020-10-11T18:05:06","modified_gmt":"2020-10-11T17:05:06","slug":"doppelsieg-in-zolder-rast-sorgt-fuer-spannung","status":"publish","type":"post","link":"https:\/\/die-webzeitung.de\/stuttgart\/2020\/10\/11\/doppelsieg-in-zolder-rast-sorgt-fuer-spannung\/","title":{"rendered":"Doppelsieg in Zolder: Rast sorgt f\u00fcr Spannung"},"content":{"rendered":"<ul>\n<li style=\"text-align: justify;\"><strong>Titelverteidiger gewinnt auch das Sonntagsrennen <\/strong><\/li>\n<li style=\"text-align: justify;\"><strong>Nur noch zehn Punkte R\u00fcckstand auf Tabellenf\u00fchrer Nico M\u00fcller<\/strong><\/li>\n<li style=\"text-align: justify;\"><strong>Audi Sport Team Abt Sportsline gewinnt vorzeitig die Teammeisterschaft<\/strong><\/li>\n<\/ul>\n<p style=\"text-align: justify;\">Zolder.| Ren\u00e9 Rast vom Audi Sport Team Rosberg macht die DTM spannend: Der Titelverteidiger gewann in Zolder (Belgien) nach seinem \u00fcberlegenen Sieg am Samstag auch das Sonntagsrennen und hat nur noch zehn Punkte R\u00fcckstand auf Tabellenf\u00fchrer Nico M\u00fcller. Das Audi Sport Team Abt Sportsline sicherte sich trotzdem vorzeitig die Teammeisterschaft.<\/p>\n<p style=\"text-align: justify;\">Auf dem Weg zu seinem vierten Saisonsieg zeigte Rast Nervenst\u00e4rke und hatte auch das n\u00f6tige Qu\u00e4ntchen Gl\u00fcck. Vor dem Rennen schlugen wegen einer Verpuffung pl\u00f6tzlich Flammen aus dem Motorraum seines Audi RS 5 DTM. Rast konnte trotzdem am Rennen teilnehmen und legte aus der zweiten Startreihe einen Blitzstart hin: Noch vor der ersten Kurve hatte er die beiden vor ihm gestarteten BMW \u00fcberholt. Die Entscheidung seines Teams, Rast in Runde zw\u00f6lf zum Reifenwechsel an die Box zu holen, erwies sich als goldrichtig: Nur eine Runde sp\u00e4ter kam das Safety-Car auf die Strecke. Damit waren all jene Fahrer chancenlos, die zu diesem Zeitpunkt noch nicht an der Box gewesen waren \u2013 darunter auch der Meisterschaftsf\u00fchrende Nico M\u00fcller.<\/p>\n<p style=\"text-align: justify;\">\u201eDas war ein verr\u00fccktes Rennen, in dem viele Dinge passiert sind\u201c, sagte Rast. \u201eDas Feuer in der Startaufstellung. Am Start von drei auf eins noch vor der ersten Kurve. Das Safety-Car. Wir haben heute die richtigen Entscheidungen getroffen und hatten erneut ein perfektes Auto. Ich habe immer gesagt, dass ein oder zwei Rennen alles entscheiden und sich die Dinge ganz schnell wieder drehen k\u00f6nnen. Man hat heute gesehen, was alles passieren kann.\u201c<\/p>\n<p style=\"text-align: justify;\">Fast schon kurios ist, dass das Safety-Car ausgerechnet durch einen seiner beiden Titelrivalen verursacht wurde. Robin Frijns hatte sich in der Anfangsphase vom achten Startplatz auf Rang drei nach vorn gek\u00e4mpft, als er nach seinem Reifenwechsel in der Boxenausfahrt auf eine feuchte Stelle kam und gegen die Leitplanken prallte. \u201eDas war ganz alleine mein Fehler, der mir f\u00fcr mich, vor allem aber auch f\u00fcr mein Team sehr leidtut\u201c, sagte Frijns. \u201eDer Ausfall tut weh, aber noch werden \u00fcber 100 Punkte vergeben \u2013 es ist weiter alles m\u00f6glich.\u201c<\/p>\n<p style=\"text-align: justify;\">Das Safety-Car brachte auch seinen Teamkollegen Nico M\u00fcller um wertvolle Punkte. \u201eRen\u00e9 und Mike (Rockenfeller) haben die Boxentafel bekommen, noch ehe Gelbe Flaggen drau\u00dfen waren\u201c, sagte M\u00fcller nach seinem entt\u00e4uschenden neunten Platz. \u201eDie beiden hatten das Gl\u00fcck, noch vor dem Safety-Car zu stoppen. Leider haben dieses Mal nicht alle im Feld die Chance bekommen, ihren Boxenstopp zu absolvieren, ehe das Safety-Car auf die Strecke geschickt wird. Das hat mich heute mindestens 13 Punkte gekostet und kann die Meisterschaft entscheiden.\u201c<\/p>\n<p style=\"text-align: justify;\">Entsprechend ged\u00e4mpft war die Stimmung im Audi Sport Team Abt Sportsline trotz des vorzeitigen Gewinns der Teammeisterschaft. \u201eDas war f\u00fcr uns ein harter Tag, und wir sind heute sehr entt\u00e4uscht\u201c, sagte Teamchef Thomas Biermaier. \u201eIch bin trotzdem sehr stolz, dass wir schon vier Rennen vor Schluss die Teammeisterschaft gewonnen haben. Die Mannschaft hat das ganze Jahr eine tolle Leistung gezeigt. Und jeder, der uns kennt, wei\u00df: Wir werden stark zur\u00fcckkommen.\u201c<\/p>\n<p style=\"text-align: justify;\">Im Schatten des dramatischen Titelkampfes holte Mike Rockenfeller vom Audi Sport Team Phoenix mit Platz zwei sein bisher bestes Saisonergebnis. \u201eEin zweiter Platz ist gut und ich freue mich \u00fcber den Pokal, den ich mit nach Hause zu meinen Kindern nehmen darf\u201c, sagte \u201eRocky\u201c. \u201eNat\u00fcrlich war es heute entscheidend, vor dem Safety-Car an die Box zu kommen. Da haben wir alles richtig gemacht, danke an mein Team. Nicht ganz happy bin ich, dass ich nicht mit Ren\u00e9 mithalten konnte. Ich glaube, wir wissen, wo wir uns verbessern m\u00fcssen, und hoffe, n\u00e4chstes Wochenende n\u00e4her an ihm dran zu sein.\u201c<br \/>\nRiesenjubel auch im Kundenteam WRT Team Audi Sport: Mit Fabio Scherer, Harrison Newey und Ferdinand Habsburg auf den Pl\u00e4tzen f\u00fcnf, sechs und sieben punktete das belgische Team bei seinem Heimspiel in Zolder mit allen drei Autos.<\/p>\n<p style=\"text-align: justify;\">Ohne Punkte blieben Lo\u00efc Duval und Jamie Green auf den Pl\u00e4tzen 13 und 15. Duval wurde wegen eines \u201eUnsafe Release\u201c beim Boxenstopp bestraft. Green musste zweimal an die Box kommen, weil er seinen ersten Reifenwechsel unmittelbar nach dem Restart absolvierte. In diesem Fall z\u00e4hlt der Stopp nicht als Pflichtstopp.<\/p>\n<p style=\"text-align: justify;\">\u201eDas war auch heute wieder ein erfolgreicher Tag f\u00fcr Audi\u201c, sagte Audi-Motorsportchef Dieter Gass. \u201eEin Doppelsieg ist ein sehr gutes Ergebnis. Vor allem, nachdem wir erstmals seit langer Zeit kein Auto in der ersten Startreihe hatten. Nach 20 Pole-Positions in Folge ist uns das heute nicht gelungen. Trotzdem einen Doppelsieg zu schaffen, ist toll. Insgesamt bin ich aber nicht hundertprozentig zufrieden. In den Audi-Reihen habe ich heute etwas zu viele Fehler gesehen \u2013 das m\u00fcssen wir bis zum n\u00e4chsten Rennen verbessern.\u201c<\/p>\n<p style=\"text-align: justify;\">Am kommenden Wochenende stehen in Zolder zwei weitere DTM-Rennen auf dem Programm. Die Entscheidung in der Fahrermeisterschaft d\u00fcrfte aber wohl erst beim Finale in Hockenheim fallen. Nico M\u00fcller f\u00fchrt mit 259 Punkten nur noch knapp vor Ren\u00e9 Rast (249) und Robin Frijns (243).<\/p>\n<hr \/>\n<p style=\"text-align: justify;\">\n","protected":false},"excerpt":{"rendered":"<p>Titelverteidiger gewinnt auch das Sonntagsrennen Nur noch zehn Punkte R\u00fcckstand auf Tabellenf\u00fchrer Nico M\u00fcller Audi Sport Team Abt Sportsline gewinnt vorzeitig die Teammeisterschaft Zolder.| Ren\u00e9 Rast vom Audi Sport Team Rosberg macht die DTM spannend: Der Titelverteidiger gewann in Zolder (Belgien) nach seinem \u00fcberlegenen Sieg am Samstag auch das Sonntagsrennen und hat nur noch zehn [&hellip;]<\/p>\n","protected":false},"author":4,"featured_media":140130,"comment_status":"closed","ping_status":"open","sticky":false,"template":"","format":"standard","meta":{"inline_featured_image":false,"_exactmetrics_skip_tracking":false,"_exactmetrics_sitenote_active":false,"_exactmetrics_sitenote_note":"","_exactmetrics_sitenote_category":0,"footnotes":""},"categories":[59,110],"tags":[305,14857,890,5,1623,68,11079,9],"class_list":{"0":"post-140129","1":"post","2":"type-post","3":"status-publish","4":"format-standard","5":"has-post-thumbnail","7":"category-aktuell","8":"category-sport","9":"tag-audi","10":"tag-die-webzeitung","11":"tag-dtm","12":"tag-internetzeitung","13":"tag-motorsport","14":"tag-online-zeitung","15":"tag-rast","16":"tag-schaumedia"},"image_feature":"https:\/\/die-webzeitung.de\/stuttgart\/wp-content\/uploads\/sites\/4\/2020\/10\/A206928_medium.jpg","author_name":"Redaktion","pure_taxonomies":{"categories":[{"term_id":59,"name":"Aktuell","slug":"aktuell","term_group":0,"term_taxonomy_id":60,"taxonomy":"category","description":"","parent":0,"count":1017,"filter":"raw","image":""},{"term_id":110,"name":"Sport","slug":"sport","term_group":0,"term_taxonomy_id":112,"taxonomy":"category","description":"Sportberichte","parent":0,"count":1043,"filter":"raw","image":""}],"tags":[{"term_id":305,"name":"Audi","slug":"audi","term_group":0,"term_taxonomy_id":311,"taxonomy":"post_tag","description":"","parent":0,"count":8,"filter":"raw","image":""},{"term_id":14857,"name":"Die-Webzeitung","slug":"die-webzeitung","term_group":0,"term_taxonomy_id":14876,"taxonomy":"post_tag","description":"","parent":0,"count":3625,"filter":"raw","image":""},{"term_id":890,"name":"DTM","slug":"dtm","term_group":0,"term_taxonomy_id":899,"taxonomy":"post_tag","description":"","parent":0,"count":2,"filter":"raw","image":""},{"term_id":5,"name":"Internetzeitung","slug":"internetzeitung","term_group":0,"term_taxonomy_id":5,"taxonomy":"post_tag","description":"","parent":0,"count":1461,"filter":"raw","image":""},{"term_id":1623,"name":"Motorsport","slug":"motorsport","term_group":0,"term_taxonomy_id":1632,"taxonomy":"post_tag","description":"","parent":0,"count":30,"filter":"raw","image":""},{"term_id":68,"name":"Online-Zeitung","slug":"online-zeitung","term_group":0,"term_taxonomy_id":69,"taxonomy":"post_tag","description":"","parent":0,"count":3595,"filter":"raw","image":""},{"term_id":11079,"name":"Rast","slug":"rast","term_group":0,"term_taxonomy_id":11117,"taxonomy":"post_tag","description":"","parent":0,"count":2,"filter":"raw","image":""},{"term_id":9,"name":"SchauMedia","slug":"schaumedia","term_group":0,"term_taxonomy_id":9,"taxonomy":"post_tag","description":"","parent":0,"count":1607,"filter":"raw","image":""}]},"_links":{"self":[{"href":"https:\/\/die-webzeitung.de\/stuttgart\/wp-json\/wp\/v2\/posts\/140129","targetHints":{"allow":["GET"]}}],"collection":[{"href":"https:\/\/die-webzeitung.de\/stuttgart\/wp-json\/wp\/v2\/posts"}],"about":[{"href":"https:\/\/die-webzeitung.de\/stuttgart\/wp-json\/wp\/v2\/types\/post"}],"author":[{"embeddable":true,"href":"https:\/\/die-webzeitung.de\/stuttgart\/wp-json\/wp\/v2\/users\/4"}],"replies":[{"embeddable":true,"href":"https:\/\/die-webzeitung.de\/stuttgart\/wp-json\/wp\/v2\/comments?post=140129"}],"version-history":[{"count":0,"href":"https:\/\/die-webzeitung.de\/stuttgart\/wp-json\/wp\/v2\/posts\/140129\/revisions"}],"wp:featuredmedia":[{"embeddable":true,"href":"https:\/\/die-webzeitung.de\/stuttgart\/wp-json\/wp\/v2\/media\/140130"}],"wp:attachment":[{"href":"https:\/\/die-webzeitung.de\/stuttgart\/wp-json\/wp\/v2\/media?parent=140129"}],"wp:term":[{"taxonomy":"category","embeddable":true,"href":"https:\/\/die-webzeitung.de\/stuttgart\/wp-json\/wp\/v2\/categories?post=140129"},{"taxonomy":"post_tag","embeddable":true,"href":"https:\/\/die-webzeitung.de\/stuttgart\/wp-json\/wp\/v2\/tags?post=140129"}],"curies":[{"name":"wp","href":"https:\/\/api.w.org\/{rel}","templated":true}]}}