{"id":140038,"date":"2020-10-02T14:52:28","date_gmt":"2020-10-02T13:52:28","guid":{"rendered":"https:\/\/die-webzeitung.de\/stuttgart\/?p=140038"},"modified":"2020-10-02T14:52:28","modified_gmt":"2020-10-02T13:52:28","slug":"schlachthof-gaertringen-ergebnisse-der-genossenschaftsversammlung","status":"publish","type":"post","link":"https:\/\/die-webzeitung.de\/stuttgart\/2020\/10\/02\/schlachthof-gaertringen-ergebnisse-der-genossenschaftsversammlung\/","title":{"rendered":"Schlachthof G\u00e4rtringen: Ergebnisse der Genossenschaftsversammlung"},"content":{"rendered":"<ul>\n<li style=\"text-align: justify;\"><strong>Projektgruppe unter Leitung von Kurt Matthes soll Zukunftskonzeption erarbeiten<\/strong><\/li>\n<li style=\"text-align: justify;\"><strong>Wilhelm Dengler scheidet wie geplant zum Jahreswechsel aus dem Vorstand der Schlachthof-Genossenschaft aus<\/strong><\/li>\n<li style=\"text-align: justify;\"><strong>Landrat Bernhard: \u201eGlaubw\u00fcrdigkeit St\u00fcck f\u00fcr St\u00fcck zur\u00fcckgewinnen\u201c<\/strong><\/li>\n<\/ul>\n<p style=\"text-align: justify;\">G\u00e4rtringen.| Der Vorstandsvorsitzende des Schlachthofes G\u00e4rtringen, Wilhelm Dengler, scheidet zum Jahreswechsel, wie seit zwei Jahren geplant, auf eigenen Wunsch aus dem Vorstand der Genossenschaft aus.<\/p>\n<p style=\"text-align: justify;\">Desweiteren hat die Mitgliederversammlung der Genossenschaft eine Projektgruppe zur Erstellung einer \u201eZukunftskonzeption der Schlachthof eG\u201c gegr\u00fcndet. Zum Sprecher und Vorsitzenden dieser Projektgruppe wurde Kurt Matthes einstimmig von der Mitgliederversammlung gew\u00e4hlt. Der ehemalige Landesinnungsmeister des Fleischerhandwerks \u00fcbernimmt damit die Verantwortung, den Schlachtbetrieb auf eine Wiederinbetriebnahme vorzubereiten, nachdem das Landratsamt Schlachtungen vor\u00fcbergehend untersagt hat.<\/p>\n<p style=\"text-align: justify;\">Der bestehende Vorstand und der Aufsichtsrat bleiben bis zur n\u00e4chsten ordentlichen Mitgliederversammlung im Amt.<\/p>\n<p style=\"text-align: justify;\">Landrat Roland Bernhard begr\u00fc\u00dft die Entscheidungen der Genossenschaft: \u201eDer Schlachthof beginnt, seine Glaubw\u00fcrdigkeit St\u00fcck f\u00fcr St\u00fcck wieder zur\u00fcckzugewinnen. Ein Anfang ist gemacht, denn mit Kurt Matthes \u00fcbernimmt jemand Verantwortung, der mit der Vergangenheit nicht in Verbindung gebracht wird. Ich freue mich auf die Zusammenarbeit an unserem Runden Tisch \u201aNeustart Schlachthof\u2018, der sich am 13. Oktober zum zweiten Mal trifft. Dann wollen wir bereits Eckpunkte eines schl\u00fcssigen Gesamtkonzeptes besprechen und die n\u00e4chsten Schritte vorbereiten.\u201c<\/p>\n<p style=\"text-align: justify;\">Was einen m\u00f6glichen Zeitplan betrifft, sei es Ziel der Schlachthof eG, auch die baulichen M\u00e4ngel vor einer erneuten Inbetriebnahme zu beseitigen und die regionale Vermarktung und das Tierwohl zu st\u00e4rken. Damit d\u00fcrften Schlachtungen in G\u00e4rtringen nicht vor Mitte des n\u00e4chsten Jahres realistisch sein.<\/p>\n<p style=\"text-align: justify;\">Wie am vergangenen Dienstag in der Sitzung des Verwaltungs- und Finanzausschuss angek\u00fcndigt, will das Landratsamt bis in zwei Wochen Ergebnisse der Auswertung des vollst\u00e4ndigen Videomaterials von SOKO Tierschutz vorstellen. Dabei geht es um die Rolle des amtstier\u00e4rztlichen Personals im Zusammenhang mit darin gezeigten Verst\u00f6\u00dfen gegen das Tierschutzrecht.<\/p>\n<hr \/>\n<p style=\"text-align: justify;\">\n","protected":false},"excerpt":{"rendered":"<p>Projektgruppe unter Leitung von Kurt Matthes soll Zukunftskonzeption erarbeiten Wilhelm Dengler scheidet wie geplant zum Jahreswechsel aus dem Vorstand der Schlachthof-Genossenschaft aus Landrat Bernhard: \u201eGlaubw\u00fcrdigkeit St\u00fcck f\u00fcr St\u00fcck zur\u00fcckgewinnen\u201c G\u00e4rtringen.| Der Vorstandsvorsitzende des Schlachthofes G\u00e4rtringen, Wilhelm Dengler, scheidet zum Jahreswechsel, wie seit zwei Jahren geplant, auf eigenen Wunsch aus dem Vorstand der Genossenschaft aus. Desweiteren [&hellip;]<\/p>\n","protected":false},"author":4,"featured_media":0,"comment_status":"closed","ping_status":"open","sticky":false,"template":"","format":"standard","meta":{"inline_featured_image":false,"_exactmetrics_skip_tracking":false,"_exactmetrics_sitenote_active":false,"_exactmetrics_sitenote_note":"","_exactmetrics_sitenote_category":0,"footnotes":""},"categories":[59,2246],"tags":[3061,14857,12299,5,68,9,16778],"class_list":{"0":"post-140038","1":"post","2":"type-post","3":"status-publish","4":"format-standard","6":"category-aktuell","7":"category-kreis-boeblingen","8":"tag-boblingen","9":"tag-die-webzeitung","10":"tag-gartringen","11":"tag-internetzeitung","12":"tag-online-zeitung","13":"tag-schaumedia","14":"tag-schlachthof"},"image_feature":null,"author_name":"Redaktion","pure_taxonomies":{"categories":[{"term_id":59,"name":"Aktuell","slug":"aktuell","term_group":0,"term_taxonomy_id":60,"taxonomy":"category","description":"","parent":0,"count":1017,"filter":"raw","image":""},{"term_id":2246,"name":"Kreis B\u00f6blingen","slug":"kreis-boeblingen","term_group":0,"term_taxonomy_id":2259,"taxonomy":"category","description":"","parent":171,"count":197,"filter":"raw","image":""}],"tags":[{"term_id":3061,"name":"B\u00f6blingen","slug":"boblingen","term_group":0,"term_taxonomy_id":3075,"taxonomy":"post_tag","description":"","parent":0,"count":260,"filter":"raw","image":""},{"term_id":14857,"name":"Die-Webzeitung","slug":"die-webzeitung","term_group":0,"term_taxonomy_id":14876,"taxonomy":"post_tag","description":"","parent":0,"count":3625,"filter":"raw","image":""},{"term_id":12299,"name":"G\u00e4rtringen","slug":"gartringen","term_group":0,"term_taxonomy_id":12337,"taxonomy":"post_tag","description":"","parent":0,"count":4,"filter":"raw","image":""},{"term_id":5,"name":"Internetzeitung","slug":"internetzeitung","term_group":0,"term_taxonomy_id":5,"taxonomy":"post_tag","description":"","parent":0,"count":1461,"filter":"raw","image":""},{"term_id":68,"name":"Online-Zeitung","slug":"online-zeitung","term_group":0,"term_taxonomy_id":69,"taxonomy":"post_tag","description":"","parent":0,"count":3595,"filter":"raw","image":""},{"term_id":9,"name":"SchauMedia","slug":"schaumedia","term_group":0,"term_taxonomy_id":9,"taxonomy":"post_tag","description":"","parent":0,"count":1607,"filter":"raw","image":""},{"term_id":16778,"name":"Schlachthof","slug":"schlachthof","term_group":0,"term_taxonomy_id":16797,"taxonomy":"post_tag","description":"","parent":0,"count":6,"filter":"raw","image":""}]},"_links":{"self":[{"href":"https:\/\/die-webzeitung.de\/stuttgart\/wp-json\/wp\/v2\/posts\/140038","targetHints":{"allow":["GET"]}}],"collection":[{"href":"https:\/\/die-webzeitung.de\/stuttgart\/wp-json\/wp\/v2\/posts"}],"about":[{"href":"https:\/\/die-webzeitung.de\/stuttgart\/wp-json\/wp\/v2\/types\/post"}],"author":[{"embeddable":true,"href":"https:\/\/die-webzeitung.de\/stuttgart\/wp-json\/wp\/v2\/users\/4"}],"replies":[{"embeddable":true,"href":"https:\/\/die-webzeitung.de\/stuttgart\/wp-json\/wp\/v2\/comments?post=140038"}],"version-history":[{"count":1,"href":"https:\/\/die-webzeitung.de\/stuttgart\/wp-json\/wp\/v2\/posts\/140038\/revisions"}],"predecessor-version":[{"id":140039,"href":"https:\/\/die-webzeitung.de\/stuttgart\/wp-json\/wp\/v2\/posts\/140038\/revisions\/140039"}],"wp:attachment":[{"href":"https:\/\/die-webzeitung.de\/stuttgart\/wp-json\/wp\/v2\/media?parent=140038"}],"wp:term":[{"taxonomy":"category","embeddable":true,"href":"https:\/\/die-webzeitung.de\/stuttgart\/wp-json\/wp\/v2\/categories?post=140038"},{"taxonomy":"post_tag","embeddable":true,"href":"https:\/\/die-webzeitung.de\/stuttgart\/wp-json\/wp\/v2\/tags?post=140038"}],"curies":[{"name":"wp","href":"https:\/\/api.w.org\/{rel}","templated":true}]}}