{"id":139997,"date":"2020-09-26T14:38:59","date_gmt":"2020-09-26T13:38:59","guid":{"rendered":"https:\/\/die-webzeitung.de\/stuttgart\/?p=139997"},"modified":"2020-09-26T14:38:59","modified_gmt":"2020-09-26T13:38:59","slug":"haus-grund-stuttgart-weiter-auf-wachstumskurs","status":"publish","type":"post","link":"https:\/\/die-webzeitung.de\/stuttgart\/2020\/09\/26\/haus-grund-stuttgart-weiter-auf-wachstumskurs\/","title":{"rendered":"Haus &#038; Grund Stuttgart weiter auf Wachstumskurs"},"content":{"rendered":"<ul>\n<li style=\"text-align: justify;\">OB-Kandidat Dr. Nopper lobt Beitrag der privaten Immobilieneigent\u00fcmer zur Wohnraumversorgung und verspricht den Wohnungsbau deutlich auszuweiten<\/li>\n<li style=\"text-align: justify;\">Vereinsvorsitzender Dr. Klaus Lang: \u201ePrivates Immobilieneigentum weiter unter Beschuss!\u201c<\/li>\n<\/ul>\n<p style=\"text-align: justify;\">Stuttgart.| Mit einem ganzen B\u00fcndel an Ideen hat OB-Kandidat Dr. Frank Nopper bei der Mitgliederversammlung des Stuttgarter Haus- und Grundbesitzervereins in der Liederhalle einen klaren Akzent gesetzt &#8211; und dabei auch f\u00fcr den Wohnungsbau einen \u201eAufbruch mit Stuttgart-Spirit\u201c beschworen. Der Vorsitzende Dr. Klaus Lang beklagte, dass privates Immobilieneigentum in Stuttgart und dar\u00fcber hinaus \u201eweiter unter Beschuss\u201c ist.<\/p>\n<p style=\"text-align: justify;\">Wenn sonst \u00fcber tausend Mitglieder zur Jahreshauptversammlung str\u00f6men, war es diesmal im Beethovensaal angesichts der Vorschriften der Corona-Verordnung nur eine zweistellige Zahl. Der Mitgliederversammlung aber tat dies keinen Abbruch. Zumal die Vereinsf\u00fchrung trotz Corona-Pandemie eine weiter positive Entwicklung des Vereins mit weiter steigenden Mitgliederzahlen konstatieren konnte; aktuell sind bei Haus &amp; Grund Stuttgart 22.371 Mitglieder organisiert, die \u00fcber 100.000 Wohnungen ihr eigen nennen. Die kostenfreie Beratung der Mitglieder und au\u00dfergerichtliche Vertretung sei nochmals ausgeweitet worden und auch in Corona-Zeiten durchg\u00e4ngig gew\u00e4hrleistet.<\/p>\n<p style=\"text-align: justify;\">Mit Spannung war der Beitrag von Dr. Frank Nopper erwartet worden, der f\u00fcr die CDU f\u00fcr den Oberb\u00fcrgermeister-Posten in Stuttgart kandidiert. F\u00fcr die Wohnraumversorgung seien die privaten Vermieter \u201eein ganz wichtiger Aktivposten, weil sie den Stuttgarter Geist der H\u00e4uslebauer mit sozialer Verantwortung verbinden\u201c. So brauche die Landeshauptstadt angesichts der angespannten Situation am Wohnungsmarkt \u201eeine wirksame Wohnungsbaupolitik und eine pragmatische und b\u00fcrgernahe Rathausspitze, die nicht verz\u00f6gert und verhindert, sondern mit Leidenschaft l\u00f6st und erm\u00f6glicht\u201c.<\/p>\n<p style=\"text-align: justify;\">Weil Stuttgart dringend \u201emehr Wohnungen aller Art, gerade auch der bezahlbaren Art\u201c ben\u00f6tige, m\u00fcssten endlich alle an einem Strang ziehen. Aber daf\u00fcr brauche es auch eine Stadtspitze; \u201edie Freude an jedem neuen Bauantrag hat\u201c, wie Nopper betonte. Und daf\u00fcr m\u00fcsse eben auch der Weg \u201ef\u00fcr ma\u00dfvolle Arrondierungen in den Au\u00dfenbezirken\u201c freigemacht werden. So nannte Nopper mindestens 2000 neue Wohnungen pro Jahr als Zielmarke. \u201eUnd zwar netto\u201c, wie er betonte und damit deutlich mehr als in den letzten Jahren erreicht: \u201eDenn Wohnen darf kein Luxus sein. Jeder Haushalt soll in Stuttgart eine ad\u00e4quate Wohnung finden k\u00f6nnen. Auch Familien mit mittleren Einkommen und sozial Schw\u00e4chere.\u201c<\/p>\n<p style=\"text-align: justify;\">Wie stark der Kontrast zwischen Noppers Ambition und der Bilanz des noch amtierenden OB Kuhn ist, der in keinem seiner acht Amtsjahre Noppers Netto-Ziel auch nur brutto erreicht hat, machte Gesch\u00e4ftsf\u00fchrer Ulrich Wecker mit detaillierten Zahlen deutlich und schloss daraus: \u201eOB Kuhn ist vollmundig als Tiger gestartet, aber als wohnungspolitischer Bettvorleger gelandet. Sein B\u00fcndnis f\u00fcr Wohnen ist gescheitert und die privaten Eigent\u00fcmer, die 70 Prozent der Wohnungen in der Stadt stellen, machte er bisweilen ver\u00e4chtlich.\u201c Die privaten Eigent\u00fcmer hofften deshalb auf ein Stadtoberhaupt, \u201emit einer wertsch\u00e4tzenden Haltung zum privaten Eigentum und Respekt vor der Leistung der privaten Eigent\u00fcmer\u201c.<\/p>\n<p style=\"text-align: justify;\">Der Vorsitzende Dr. Klaus Lang kritisierte, dass die \u00f6ko-linke Mehrheit im Gemeinderat die Absenkung der Grundsteuer r\u00fcckg\u00e4ngig gemacht \u201eund damit Mieter und Eigent\u00fcmer um zus\u00e4tzliche 28 Millionen Euro im Jahr belastet hat\u201c. Hinsichtlich der geplanten Landesgrundsteuer wandte er sich scharf dagegen, dass kommunale Tr\u00e4ger oder Wohnungsgenossenschaften mit 25 Prozent Nachlass gegen\u00fcber Privateigent\u00fcmern privilegiert werden sollen: \u201eWir erwarten, dass dieser Passus zur\u00fcckgenommen wird.\u201c Und hinsichtlich der sich weiter steigernden Interventionsspirale der Markteingriffe bis hin zur geplanten Novelle des Baugesetzbuches mit dem faktischen Umwandlungsverbot von Miet- in Eigentumswohnungen stellte er fest: \u201eDer Sozialismus feiert fr\u00f6hliche Urst\u00e4nd. Nicht nur die Wohnungsunternehmen, auch die Eigent\u00fcmer sind alarmiert.\u201c<\/p>\n<p style=\"text-align: justify;\">Bei den turnusm\u00e4\u00dfig anstehenden Wahlen wurden Christian Brokate, Claudia Diem, Claudia Neuhaus und Joachim Rudolf erneut f\u00fcr drei weitere Jahre in den Vereinsvorstand gew\u00e4hlt.<\/p>\n<hr \/>\n<p style=\"text-align: justify;\">\n","protected":false},"excerpt":{"rendered":"<p>OB-Kandidat Dr. Nopper lobt Beitrag der privaten Immobilieneigent\u00fcmer zur Wohnraumversorgung und verspricht den Wohnungsbau deutlich auszuweiten Vereinsvorsitzender Dr. Klaus Lang: \u201ePrivates Immobilieneigentum weiter unter Beschuss!\u201c Stuttgart.| Mit einem ganzen B\u00fcndel an Ideen hat OB-Kandidat Dr. Frank Nopper bei der Mitgliederversammlung des Stuttgarter Haus- und Grundbesitzervereins in der Liederhalle einen klaren Akzent gesetzt &#8211; und dabei [&hellip;]<\/p>\n","protected":false},"author":4,"featured_media":0,"comment_status":"closed","ping_status":"open","sticky":false,"template":"","format":"standard","meta":{"inline_featured_image":false,"_exactmetrics_skip_tracking":false,"_exactmetrics_sitenote_active":false,"_exactmetrics_sitenote_note":"","_exactmetrics_sitenote_category":0,"footnotes":""},"categories":[2239],"tags":[14857,11944,38,5,68,9,275],"class_list":{"0":"post-139997","1":"post","2":"type-post","3":"status-publish","4":"format-standard","6":"category-stuttgart-lokal","7":"tag-die-webzeitung","8":"tag-grund","9":"tag-haus","10":"tag-internetzeitung","11":"tag-online-zeitung","12":"tag-schaumedia","13":"tag-stuttgart"},"image_feature":null,"author_name":"Redaktion","pure_taxonomies":{"categories":[{"term_id":2239,"name":"Stuttgart","slug":"stuttgart-lokal","term_group":0,"term_taxonomy_id":2252,"taxonomy":"category","description":"Berichte und Informationen aus Stuttgart","parent":1433,"count":942,"filter":"raw","image":""}],"tags":[{"term_id":14857,"name":"Die-Webzeitung","slug":"die-webzeitung","term_group":0,"term_taxonomy_id":14876,"taxonomy":"post_tag","description":"","parent":0,"count":3625,"filter":"raw","image":""},{"term_id":11944,"name":"Grund","slug":"grund","term_group":0,"term_taxonomy_id":11982,"taxonomy":"post_tag","description":"","parent":0,"count":4,"filter":"raw","image":""},{"term_id":38,"name":"Haus","slug":"haus","term_group":0,"term_taxonomy_id":38,"taxonomy":"post_tag","description":"","parent":0,"count":11,"filter":"raw","image":""},{"term_id":5,"name":"Internetzeitung","slug":"internetzeitung","term_group":0,"term_taxonomy_id":5,"taxonomy":"post_tag","description":"","parent":0,"count":1461,"filter":"raw","image":""},{"term_id":68,"name":"Online-Zeitung","slug":"online-zeitung","term_group":0,"term_taxonomy_id":69,"taxonomy":"post_tag","description":"","parent":0,"count":3595,"filter":"raw","image":""},{"term_id":9,"name":"SchauMedia","slug":"schaumedia","term_group":0,"term_taxonomy_id":9,"taxonomy":"post_tag","description":"","parent":0,"count":1607,"filter":"raw","image":""},{"term_id":275,"name":"Stuttgart","slug":"stuttgart","term_group":0,"term_taxonomy_id":281,"taxonomy":"post_tag","description":"","parent":0,"count":1195,"filter":"raw","image":""}]},"_links":{"self":[{"href":"https:\/\/die-webzeitung.de\/stuttgart\/wp-json\/wp\/v2\/posts\/139997","targetHints":{"allow":["GET"]}}],"collection":[{"href":"https:\/\/die-webzeitung.de\/stuttgart\/wp-json\/wp\/v2\/posts"}],"about":[{"href":"https:\/\/die-webzeitung.de\/stuttgart\/wp-json\/wp\/v2\/types\/post"}],"author":[{"embeddable":true,"href":"https:\/\/die-webzeitung.de\/stuttgart\/wp-json\/wp\/v2\/users\/4"}],"replies":[{"embeddable":true,"href":"https:\/\/die-webzeitung.de\/stuttgart\/wp-json\/wp\/v2\/comments?post=139997"}],"version-history":[{"count":1,"href":"https:\/\/die-webzeitung.de\/stuttgart\/wp-json\/wp\/v2\/posts\/139997\/revisions"}],"predecessor-version":[{"id":139998,"href":"https:\/\/die-webzeitung.de\/stuttgart\/wp-json\/wp\/v2\/posts\/139997\/revisions\/139998"}],"wp:attachment":[{"href":"https:\/\/die-webzeitung.de\/stuttgart\/wp-json\/wp\/v2\/media?parent=139997"}],"wp:term":[{"taxonomy":"category","embeddable":true,"href":"https:\/\/die-webzeitung.de\/stuttgart\/wp-json\/wp\/v2\/categories?post=139997"},{"taxonomy":"post_tag","embeddable":true,"href":"https:\/\/die-webzeitung.de\/stuttgart\/wp-json\/wp\/v2\/tags?post=139997"}],"curies":[{"name":"wp","href":"https:\/\/api.w.org\/{rel}","templated":true}]}}