{"id":139979,"date":"2020-09-24T14:59:06","date_gmt":"2020-09-24T13:59:06","guid":{"rendered":"https:\/\/die-webzeitung.de\/stuttgart\/?p=139979"},"modified":"2020-09-24T14:59:06","modified_gmt":"2020-09-24T13:59:06","slug":"corona-testzentrum-herrenberg-weitet-oeffnungszeiten-wieder-aus","status":"publish","type":"post","link":"https:\/\/die-webzeitung.de\/stuttgart\/2020\/09\/24\/corona-testzentrum-herrenberg-weitet-oeffnungszeiten-wieder-aus\/","title":{"rendered":"Corona-Testzentrum Herrenberg weitet \u00d6ffnungszeiten wieder aus"},"content":{"rendered":"<h5 style=\"text-align: justify;\"><strong>Terminvergabe nach wie vor \u00fcber die Hotline 07031-663-3500<\/strong><\/h5>\n<p style=\"text-align: justify;\">Herrenberg.| Das Corona-Testzentrum in Herrenberg, dessen Betrieb zeitweise zur\u00fcckgefahren war, erweitert wieder die \u00d6ffnungszeiten. Das Infektionsgeschehen hat sich aktuell weg von den Reiser\u00fcckkehrern und hin zu F\u00e4llen in Schulen und Einrichtungen verlagert. Daraus resultiert ein gestiegener Aufwand im Rahmen des Kontaktpersonenmanagement, dem damit Rechnung getragen wird.<\/p>\n<p style=\"text-align: justify;\">Die Terminvergabe erfolgt ausschlie\u00dflich \u00fcber die Hotline des Gesundheitsamts, Tel. 07031 663-3500. Diese ist Montag bis Freitag, von jeweils 8 bis 15 Uhr zu erreichen.<\/p>\n<p style=\"text-align: justify;\">\u201eWir haben ausreichend Testkapazit\u00e4t, um auf Situationen wie eine Infektion in einer Schulklasse schnell reagieren zu k\u00f6nnen\u201c, so der zust\u00e4ndige Dezernent Thomas Wagner. \u201eSo k\u00f6nnen wir zeitnah und umfassend Verdachtsf\u00e4lle testen und verifizieren und so die entsprechenden Ma\u00dfnahmen ergreifen.\u201c<\/p>\n<hr \/>\n<p style=\"text-align: justify;\">\n","protected":false},"excerpt":{"rendered":"<p>Terminvergabe nach wie vor \u00fcber die Hotline 07031-663-3500 Herrenberg.| Das Corona-Testzentrum in Herrenberg, dessen Betrieb zeitweise zur\u00fcckgefahren war, erweitert wieder die \u00d6ffnungszeiten. Das Infektionsgeschehen hat sich aktuell weg von den Reiser\u00fcckkehrern und hin zu F\u00e4llen in Schulen und Einrichtungen verlagert. Daraus resultiert ein gestiegener Aufwand im Rahmen des Kontaktpersonenmanagement, dem damit Rechnung getragen wird. Die [&hellip;]<\/p>\n","protected":false},"author":4,"featured_media":0,"comment_status":"closed","ping_status":"open","sticky":false,"template":"","format":"standard","meta":{"inline_featured_image":false,"_exactmetrics_skip_tracking":false,"_exactmetrics_sitenote_active":false,"_exactmetrics_sitenote_note":"","_exactmetrics_sitenote_category":0,"footnotes":""},"categories":[2246],"tags":[16573,14857,14259,5,68,9,16584],"class_list":{"0":"post-139979","1":"post","2":"type-post","3":"status-publish","4":"format-standard","6":"category-kreis-boeblingen","7":"tag-corona","8":"tag-die-webzeitung","9":"tag-herrenberg","10":"tag-internetzeitung","11":"tag-online-zeitung","12":"tag-schaumedia","13":"tag-testzentrum"},"image_feature":null,"author_name":"Redaktion","pure_taxonomies":{"categories":[{"term_id":2246,"name":"Kreis B\u00f6blingen","slug":"kreis-boeblingen","term_group":0,"term_taxonomy_id":2259,"taxonomy":"category","description":"","parent":171,"count":197,"filter":"raw","image":""}],"tags":[{"term_id":16573,"name":"Corona","slug":"corona","term_group":0,"term_taxonomy_id":16592,"taxonomy":"post_tag","description":"","parent":0,"count":81,"filter":"raw","image":""},{"term_id":14857,"name":"Die-Webzeitung","slug":"die-webzeitung","term_group":0,"term_taxonomy_id":14876,"taxonomy":"post_tag","description":"","parent":0,"count":3625,"filter":"raw","image":""},{"term_id":14259,"name":"Herrenberg","slug":"herrenberg","term_group":0,"term_taxonomy_id":14293,"taxonomy":"post_tag","description":"","parent":0,"count":6,"filter":"raw","image":""},{"term_id":5,"name":"Internetzeitung","slug":"internetzeitung","term_group":0,"term_taxonomy_id":5,"taxonomy":"post_tag","description":"","parent":0,"count":1461,"filter":"raw","image":""},{"term_id":68,"name":"Online-Zeitung","slug":"online-zeitung","term_group":0,"term_taxonomy_id":69,"taxonomy":"post_tag","description":"","parent":0,"count":3595,"filter":"raw","image":""},{"term_id":9,"name":"SchauMedia","slug":"schaumedia","term_group":0,"term_taxonomy_id":9,"taxonomy":"post_tag","description":"","parent":0,"count":1607,"filter":"raw","image":""},{"term_id":16584,"name":"Testzentrum","slug":"testzentrum","term_group":0,"term_taxonomy_id":16603,"taxonomy":"post_tag","description":"","parent":0,"count":8,"filter":"raw","image":""}]},"_links":{"self":[{"href":"https:\/\/die-webzeitung.de\/stuttgart\/wp-json\/wp\/v2\/posts\/139979","targetHints":{"allow":["GET"]}}],"collection":[{"href":"https:\/\/die-webzeitung.de\/stuttgart\/wp-json\/wp\/v2\/posts"}],"about":[{"href":"https:\/\/die-webzeitung.de\/stuttgart\/wp-json\/wp\/v2\/types\/post"}],"author":[{"embeddable":true,"href":"https:\/\/die-webzeitung.de\/stuttgart\/wp-json\/wp\/v2\/users\/4"}],"replies":[{"embeddable":true,"href":"https:\/\/die-webzeitung.de\/stuttgart\/wp-json\/wp\/v2\/comments?post=139979"}],"version-history":[{"count":1,"href":"https:\/\/die-webzeitung.de\/stuttgart\/wp-json\/wp\/v2\/posts\/139979\/revisions"}],"predecessor-version":[{"id":139980,"href":"https:\/\/die-webzeitung.de\/stuttgart\/wp-json\/wp\/v2\/posts\/139979\/revisions\/139980"}],"wp:attachment":[{"href":"https:\/\/die-webzeitung.de\/stuttgart\/wp-json\/wp\/v2\/media?parent=139979"}],"wp:term":[{"taxonomy":"category","embeddable":true,"href":"https:\/\/die-webzeitung.de\/stuttgart\/wp-json\/wp\/v2\/categories?post=139979"},{"taxonomy":"post_tag","embeddable":true,"href":"https:\/\/die-webzeitung.de\/stuttgart\/wp-json\/wp\/v2\/tags?post=139979"}],"curies":[{"name":"wp","href":"https:\/\/api.w.org\/{rel}","templated":true}]}}