{"id":139960,"date":"2020-09-22T14:52:02","date_gmt":"2020-09-22T13:52:02","guid":{"rendered":"https:\/\/die-webzeitung.de\/stuttgart\/?p=139960"},"modified":"2020-09-22T14:52:02","modified_gmt":"2020-09-22T13:52:02","slug":"massnahmen-des-landkreises-esslingen-bei-corona-infektionen","status":"publish","type":"post","link":"https:\/\/die-webzeitung.de\/stuttgart\/2020\/09\/22\/massnahmen-des-landkreises-esslingen-bei-corona-infektionen\/","title":{"rendered":"Ma\u00dfnahmen des Landkreises Esslingen bei Corona-Infektionen"},"content":{"rendered":"<p style=\"text-align: justify;\">Kreis Esslingen.| Die Sieben-Tages-Inzidenz im Landkreis Esslingen ist am Wochenbeginn auf 30,5 angestiegen. \u201eDer Landkreis hat das Vorgehen bei steigenden Infektionszahlen im Schulterschluss mit den Kommunen abgestimmt. Wir wollen einen weiteren Lock-Down so gut es geht vermeiden\u201c, sagt Landrat Heinz Eininger.<\/p>\n<p style=\"text-align: justify;\">Die Sieben-Tages-Inzidenz im Landkreis Esslingen lag am Dienstag, 22. September bei 30,5 Infektionen pro 100.000 Einwohner innerhalb von sieben Tagen. Bei 35 wird die Vorwarnstufe erreicht, bei 50 gilt nach der Ma\u00dfgabe des Bundes die Eingriffsstufe innerhalb eines Landkreises mit entsprechenden Ma\u00dfnahmen. Im Landkreis Esslingen wird die Vorwarnstufe bei 187 Infektionen pro Woche, die Eingriffsstufe bei 268 Infektionen erreicht.<\/p>\n<p style=\"text-align: justify;\">Der Landkreis hat nun ein Ma\u00dfnahmepapier vorgelegt, das als Grundlage f\u00fcr m\u00f6gliche Entscheidungen im weiteren Infektionsgeschehen dienen soll. \u201eIn jeder Situation ist aber die Betrachtung des Einzelfalls erforderlich\u201c, sagt Dr. Dominique Scheuermann, die Leiterin des Gesundheitsamts. Grunds\u00e4tzlich gilt: bei jedem Ausbruch wird nach der Infektionsquelle gesucht und es werden die Kontaktpersonen des Infizierten ermittelt. Infizierte m\u00fcssen nach einem positiven Test oder dem Ausbruch der Krankheit mindestens zehn Tage in Quarant\u00e4ne. Personen mit engem Kontakt (Kontaktperson Kategorie 1) m\u00fcssen ab dem letzten Kontakt mit der infizierten Person 14 Tage in Quarant\u00e4ne, dieser Zeitraum kann durch einen Test nicht verk\u00fcrzt werden. Die Anordnung der Quarant\u00e4ne erfolgt durch das Gesundheitsamt, die \u00dcberwachung der Einhaltung durch die jeweilige Ortspolizeibeh\u00f6rde.<\/p>\n<p style=\"text-align: justify;\">Das Infektionsgeschehen l\u00e4sst sich in vier Szenarien darstellen: Bei einem fokalen Ausbruch lassen sich die Infektionen auf einen definierten Bereich eingrenzen, zum Beispiel einen Betrieb, eine Schule, ein Altenheim oder eine Veranstaltung. M\u00f6gliche Ma\u00dfnahmen zur Eind\u00e4mmung eines solchen Ausbruchs sind neben der Besuchsbeschr\u00e4nkung oder des Besuchsverbots (zum Beispiel im Pflegeheim), der Verlegung von Erkrankten in separate Wohnm\u00f6glichkeiten (Gemeinschaftsunterkunft f\u00fcr Fl\u00fcchtlinge), der Umstellung auf Homeoffice (Unternehmen) die Schlie\u00dfung einzelner Bereiche in der Einrichtung oder die Schlie\u00dfung der Einrichtung selbst.<\/p>\n<p style=\"text-align: justify;\">Bei einem lokalen Ausbruch betrifft das Infektionsgeschehen zum Beispiel eine Kommune als Hot Spot. Hier kommen neben der Fallermittlung und der Kontaktpersonennachverfolgung Massentests in Betracht, um das Ausma\u00df des Infektionsausbruchs zu ermitteln. Bei einem lokalen Ausbruch informiert das Gesundheitsamt die Ortspolizeibeh\u00f6rden, in Abstimmung werden zum Beispiel einzelne Einrichtungen geschlossen, Veranstaltungen und Gottesdienste untersagt, eine Maskenpflicht im \u00f6ffentlichen Raum verordnet, und Kontaktbeschr\u00e4nkungen\/-verbote umgesetzt. Im Extremfall k\u00f6nnen einzelne Ortschaften abgeriegelt werden.<\/p>\n<p style=\"text-align: justify;\">Bei einem regionalen Ausbruch ist der ganze Landkreis betroffen. Dabei wird unterschieden, ob es sich um ein diffuses Infektionsgeschehen handelt oder ob sich die F\u00e4lle auf einzelne Hot Spots konzentrieren. Je nach Einsch\u00e4tzung werden Ma\u00dfnahmen wie bei einem lokalen Ausbruch ergriffen und unter Einbeziehung der B\u00fcrgermeister, Oberb\u00fcrgermeister und deren Pandemiebeauftragten auf Kreisebene umgesetzt. Bei einem \u00fcberregionalen Infektionsgeschehen mit einem kontinuierlichen Anstieg der \u00dcbertragungsrate innerhalb der Bev\u00f6lkerung stimmen die Akteure der betroffenen Landkreise Ma\u00dfnahmen mit dem Landesgesundheitsamt und dem Ministerium f\u00fcr Soziales und Integration ab.<\/p>\n<p style=\"text-align: justify;\"><strong>Das Gesundheitsamt gibt Tipps, wie man sich und andere sch\u00fctzen kann:<\/strong><\/p>\n<p style=\"text-align: justify;\">&#8211; Beachten Sie die AHA-Regeln: Abstand halten zu Personen, die nicht dem eigenen Haushalt angeh\u00f6ren. Hygieneregeln einhalten, regelm\u00e4\u00dfiges H\u00e4ndewaschen mit Seife und warmem Wasser f\u00fcr mindestens 20 Sekunden; Nies- und Hustenetikette in die Ellenbeuge; Gesicht und dabei vor allem Mund, Nase und Augen nicht mit den Fingern ber\u00fchren. Alltagsmaske tragen \u00fcberall dort, wo es geboten ist oder Abst\u00e4nde nicht eingehalten werden k\u00f6nnen.<\/p>\n<p style=\"text-align: justify;\">&#8211; Bleiben Sie zu Hause, wenn Sie krank sind oder sich krank f\u00fchlen<\/p>\n<p style=\"text-align: justify;\">&#8211; Achten Sie auf Symptome, die auf eine Covid-Erkrankung hindeuten wie Halsschmerzen, Schnupfen, Husten, Atembeschwerden, Fieber, Geschmacks- und Geruchsverlust. Wenn Symptome nach 24 Stunden nicht wieder abklingen, sollten Sie Ihren Hausarzt kontaktieren.<\/p>\n<p style=\"text-align: justify;\">&#8211; Verhalten Sie sich besonders r\u00fccksichtsvoll gegen\u00fcber Menschen aus Risikogruppen<\/p>\n<p style=\"text-align: justify;\">&#8211; Wenn Sie Risikopatient sind, meiden sie gr\u00f6\u00dfere Menschenansammlungen wie Feiern und Partys<\/p>\n<p style=\"text-align: justify;\">&#8211; Lassen Sie sich dieses Jahr nach R\u00fccksprache mit Ihrem Hausarzt gegen Grippe impfen.<\/p>\n<p style=\"text-align: justify;\">\n<p style=\"text-align: justify;\"><strong>Dokumentation im Dashboard<\/strong><\/p>\n<p style=\"text-align: justify;\">Die Stelle f\u00fcr Geobasisdaten und Geobasisinformationssysteme (GIS) im Landratsamt pflegt auf der Internetseite ein Dashboard mit den Zahlen, die das Gesundheitsamt im t\u00e4glichen Lagebericht bekannt gibt. Seit der ersten Ver\u00f6ffentlichung Ende Mai dieses Jahres ist das Dashboard insgesamt 540.958 aufgerufen worden. Das entspricht einem Durchschnitt von t\u00e4glich 4.623 Zugriffen. Die meisten Zugriffe bisher wurden am Montag, 21. September mit 12.181 Aufrufen verzeichnet. Information unter <a href=\"http:\/\/www.landkreis-esslingen.de\" target=\"_blank\" rel=\"noopener noreferrer\">www.landkreis-esslingen.de<\/a>, Corona, aktuelle Zahlen.<\/p>\n<hr \/>\n<p style=\"text-align: justify;\">\n","protected":false},"excerpt":{"rendered":"<p>Kreis Esslingen.| Die Sieben-Tages-Inzidenz im Landkreis Esslingen ist am Wochenbeginn auf 30,5 angestiegen. \u201eDer Landkreis hat das Vorgehen bei steigenden Infektionszahlen im Schulterschluss mit den Kommunen abgestimmt. Wir wollen einen weiteren Lock-Down so gut es geht vermeiden\u201c, sagt Landrat Heinz Eininger. Die Sieben-Tages-Inzidenz im Landkreis Esslingen lag am Dienstag, 22. September bei 30,5 Infektionen pro [&hellip;]<\/p>\n","protected":false},"author":4,"featured_media":0,"comment_status":"closed","ping_status":"open","sticky":false,"template":"","format":"standard","meta":{"inline_featured_image":false,"_exactmetrics_skip_tracking":false,"_exactmetrics_sitenote_active":false,"_exactmetrics_sitenote_note":"","_exactmetrics_sitenote_category":0,"footnotes":""},"categories":[2247],"tags":[16573,14857,14440,5,68,9],"class_list":{"0":"post-139960","1":"post","2":"type-post","3":"status-publish","4":"format-standard","6":"category-kreis-esslingen","7":"tag-corona","8":"tag-die-webzeitung","9":"tag-esslingen","10":"tag-internetzeitung","11":"tag-online-zeitung","12":"tag-schaumedia"},"image_feature":null,"author_name":"Redaktion","pure_taxonomies":{"categories":[{"term_id":2247,"name":"Kreis Esslingen","slug":"kreis-esslingen","term_group":0,"term_taxonomy_id":2260,"taxonomy":"category","description":"Informationen aus dem Landkreis Esslingen","parent":171,"count":214,"filter":"raw","image":""}],"tags":[{"term_id":16573,"name":"Corona","slug":"corona","term_group":0,"term_taxonomy_id":16592,"taxonomy":"post_tag","description":"","parent":0,"count":81,"filter":"raw","image":""},{"term_id":14857,"name":"Die-Webzeitung","slug":"die-webzeitung","term_group":0,"term_taxonomy_id":14876,"taxonomy":"post_tag","description":"","parent":0,"count":3625,"filter":"raw","image":""},{"term_id":14440,"name":"Esslingen","slug":"esslingen","term_group":0,"term_taxonomy_id":3885,"taxonomy":"post_tag","description":"","parent":0,"count":202,"filter":"raw","image":""},{"term_id":5,"name":"Internetzeitung","slug":"internetzeitung","term_group":0,"term_taxonomy_id":5,"taxonomy":"post_tag","description":"","parent":0,"count":1461,"filter":"raw","image":""},{"term_id":68,"name":"Online-Zeitung","slug":"online-zeitung","term_group":0,"term_taxonomy_id":69,"taxonomy":"post_tag","description":"","parent":0,"count":3595,"filter":"raw","image":""},{"term_id":9,"name":"SchauMedia","slug":"schaumedia","term_group":0,"term_taxonomy_id":9,"taxonomy":"post_tag","description":"","parent":0,"count":1607,"filter":"raw","image":""}]},"_links":{"self":[{"href":"https:\/\/die-webzeitung.de\/stuttgart\/wp-json\/wp\/v2\/posts\/139960","targetHints":{"allow":["GET"]}}],"collection":[{"href":"https:\/\/die-webzeitung.de\/stuttgart\/wp-json\/wp\/v2\/posts"}],"about":[{"href":"https:\/\/die-webzeitung.de\/stuttgart\/wp-json\/wp\/v2\/types\/post"}],"author":[{"embeddable":true,"href":"https:\/\/die-webzeitung.de\/stuttgart\/wp-json\/wp\/v2\/users\/4"}],"replies":[{"embeddable":true,"href":"https:\/\/die-webzeitung.de\/stuttgart\/wp-json\/wp\/v2\/comments?post=139960"}],"version-history":[{"count":1,"href":"https:\/\/die-webzeitung.de\/stuttgart\/wp-json\/wp\/v2\/posts\/139960\/revisions"}],"predecessor-version":[{"id":139961,"href":"https:\/\/die-webzeitung.de\/stuttgart\/wp-json\/wp\/v2\/posts\/139960\/revisions\/139961"}],"wp:attachment":[{"href":"https:\/\/die-webzeitung.de\/stuttgart\/wp-json\/wp\/v2\/media?parent=139960"}],"wp:term":[{"taxonomy":"category","embeddable":true,"href":"https:\/\/die-webzeitung.de\/stuttgart\/wp-json\/wp\/v2\/categories?post=139960"},{"taxonomy":"post_tag","embeddable":true,"href":"https:\/\/die-webzeitung.de\/stuttgart\/wp-json\/wp\/v2\/tags?post=139960"}],"curies":[{"name":"wp","href":"https:\/\/api.w.org\/{rel}","templated":true}]}}