{"id":139881,"date":"2020-09-17T09:23:57","date_gmt":"2020-09-17T08:23:57","guid":{"rendered":"https:\/\/die-webzeitung.de\/stuttgart\/2020\/09\/17\/sgv-freiberg-fussball-verpflichtet-mario-ebenhofer\/"},"modified":"2020-09-17T09:23:57","modified_gmt":"2020-09-17T08:23:57","slug":"sgv-freiberg-fussball-verpflichtet-mario-ebenhofer","status":"publish","type":"post","link":"https:\/\/die-webzeitung.de\/stuttgart\/2020\/09\/17\/sgv-freiberg-fussball-verpflichtet-mario-ebenhofer\/","title":{"rendered":"SGV Freiberg Fu\u00dfball verpflichtet Mario Ebenhofer"},"content":{"rendered":"<p style=\"text-align: justify;\">Freiberg a. N.| Aufgrund der verletzungsbedingten lang- und l\u00e4ngerfristigen Ausf\u00e4lle im Kader des Freiberger Oberligisten, wurde SGV-Sportdirektor Dr. Christian Werner auf dem Transfermarkt noch einmal f\u00fcndig.<\/p>\n<p style=\"text-align: justify;\">Die Verpflichtung des 1,80 gro\u00dfen, 28-j\u00e4hrigen \u00d6sterreichers, der im offensiven Mittelfeld variabel einsetzbar ist, bezeichnet Freibergs Sportdirektor als extrem spannenden Transfer. \u201eIch verfolge seine Karriere schon seit meiner Zeit bei Austria Lustenau und bin \u00fcbergl\u00fccklich, dass es uns nun gelungen ist, ihn an den Freiberger Wasen zu holen\u201c, so Werner.<\/p>\n<p style=\"text-align: justify;\">Ebenhofer kommt vom Rum\u00e4nischen Erstligisten FC Botosani, wo er in der Saison 2019\/20 auf 15 Eins\u00e4tze kam. Ein Jahr zuvor spielte er beim \u00f6sterreichischen Zweitligisten FC Blau\/Wei\u00df Linz, wo er in 25 Spielen, 10 Tore erzielte und 10 Tore vorbereitete. Weitere 83 Zweitligabegegnungen und zehn Begegnungen in der 1. Liga \u00d6sterreichs belegen seine sportliche Erfahrung in h\u00f6heren Ligen. Noch wichtiger war neben der sportlichen Seite aber der \u201eTyp\u201c Mario\u201c. Er passt zu uns und wird den Kader auch mit seiner menschlichen Art bereichern!<\/p>\n<p style=\"text-align: justify;\">Mario Ebenhofer: \u201eDie Gespr\u00e4che mit Herrn Christian Werner und dem Trainer haben mich sofort \u00fcberzeugt und ich freue mich hierzu sein. Ich kann es kaum erwarten, die Mannschaft kennenzulernen und wieder auf dem Platz zu stehen.\u201c<\/p>\n<hr \/>\n<p style=\"text-align: justify;\">\n","protected":false},"excerpt":{"rendered":"<p>Freiberg a. N.| Aufgrund der verletzungsbedingten lang- und l\u00e4ngerfristigen Ausf\u00e4lle im Kader des Freiberger Oberligisten, wurde SGV-Sportdirektor Dr. Christian Werner auf dem Transfermarkt noch einmal f\u00fcndig. Die Verpflichtung des 1,80 gro\u00dfen, 28-j\u00e4hrigen \u00d6sterreichers, der im offensiven Mittelfeld variabel einsetzbar ist, bezeichnet Freibergs Sportdirektor als extrem spannenden Transfer. \u201eIch verfolge seine Karriere schon seit meiner Zeit [&hellip;]<\/p>\n","protected":false},"author":4,"featured_media":139882,"comment_status":"closed","ping_status":"open","sticky":false,"template":"","format":"standard","meta":{"inline_featured_image":false,"_exactmetrics_skip_tracking":false,"_exactmetrics_sitenote_active":false,"_exactmetrics_sitenote_note":"","_exactmetrics_sitenote_category":0,"footnotes":""},"categories":[110],"tags":[14857,16805,80,129,5,1080,68,9,119],"class_list":{"0":"post-139881","1":"post","2":"type-post","3":"status-publish","4":"format-standard","5":"has-post-thumbnail","7":"category-sport","8":"tag-die-webzeitung","9":"tag-ebenhofer","10":"tag-freiberger-seite","11":"tag-fusball","12":"tag-internetzeitung","13":"tag-oberliga","14":"tag-online-zeitung","15":"tag-schaumedia","16":"tag-sgv"},"image_feature":"https:\/\/die-webzeitung.de\/stuttgart\/wp-content\/uploads\/sites\/4\/2020\/09\/Mario-Ebenhofer.jpg","author_name":"Redaktion","pure_taxonomies":{"categories":[{"term_id":110,"name":"Sport","slug":"sport","term_group":0,"term_taxonomy_id":112,"taxonomy":"category","description":"Sportberichte","parent":0,"count":1043,"filter":"raw","image":""}],"tags":[{"term_id":14857,"name":"Die-Webzeitung","slug":"die-webzeitung","term_group":0,"term_taxonomy_id":14876,"taxonomy":"post_tag","description":"","parent":0,"count":3625,"filter":"raw","image":""},{"term_id":16805,"name":"Ebenhofer","slug":"ebenhofer","term_group":0,"term_taxonomy_id":16824,"taxonomy":"post_tag","description":"","parent":0,"count":1,"filter":"raw","image":""},{"term_id":80,"name":"Freiberg","slug":"freiberger-seite","term_group":0,"term_taxonomy_id":95,"taxonomy":"post_tag","description":"","parent":0,"count":78,"filter":"raw","image":""},{"term_id":129,"name":"Fu\u00dfball","slug":"fusball","term_group":0,"term_taxonomy_id":131,"taxonomy":"post_tag","description":"","parent":0,"count":171,"filter":"raw","image":""},{"term_id":5,"name":"Internetzeitung","slug":"internetzeitung","term_group":0,"term_taxonomy_id":5,"taxonomy":"post_tag","description":"","parent":0,"count":1461,"filter":"raw","image":""},{"term_id":1080,"name":"Oberliga","slug":"oberliga","term_group":0,"term_taxonomy_id":1089,"taxonomy":"post_tag","description":"","parent":0,"count":35,"filter":"raw","image":""},{"term_id":68,"name":"Online-Zeitung","slug":"online-zeitung","term_group":0,"term_taxonomy_id":69,"taxonomy":"post_tag","description":"","parent":0,"count":3595,"filter":"raw","image":""},{"term_id":9,"name":"SchauMedia","slug":"schaumedia","term_group":0,"term_taxonomy_id":9,"taxonomy":"post_tag","description":"","parent":0,"count":1607,"filter":"raw","image":""},{"term_id":119,"name":"SGV","slug":"sgv","term_group":0,"term_taxonomy_id":121,"taxonomy":"post_tag","description":"","parent":0,"count":66,"filter":"raw","image":""}]},"_links":{"self":[{"href":"https:\/\/die-webzeitung.de\/stuttgart\/wp-json\/wp\/v2\/posts\/139881","targetHints":{"allow":["GET"]}}],"collection":[{"href":"https:\/\/die-webzeitung.de\/stuttgart\/wp-json\/wp\/v2\/posts"}],"about":[{"href":"https:\/\/die-webzeitung.de\/stuttgart\/wp-json\/wp\/v2\/types\/post"}],"author":[{"embeddable":true,"href":"https:\/\/die-webzeitung.de\/stuttgart\/wp-json\/wp\/v2\/users\/4"}],"replies":[{"embeddable":true,"href":"https:\/\/die-webzeitung.de\/stuttgart\/wp-json\/wp\/v2\/comments?post=139881"}],"version-history":[{"count":0,"href":"https:\/\/die-webzeitung.de\/stuttgart\/wp-json\/wp\/v2\/posts\/139881\/revisions"}],"wp:featuredmedia":[{"embeddable":true,"href":"https:\/\/die-webzeitung.de\/stuttgart\/wp-json\/wp\/v2\/media\/139882"}],"wp:attachment":[{"href":"https:\/\/die-webzeitung.de\/stuttgart\/wp-json\/wp\/v2\/media?parent=139881"}],"wp:term":[{"taxonomy":"category","embeddable":true,"href":"https:\/\/die-webzeitung.de\/stuttgart\/wp-json\/wp\/v2\/categories?post=139881"},{"taxonomy":"post_tag","embeddable":true,"href":"https:\/\/die-webzeitung.de\/stuttgart\/wp-json\/wp\/v2\/tags?post=139881"}],"curies":[{"name":"wp","href":"https:\/\/api.w.org\/{rel}","templated":true}]}}