{"id":139879,"date":"2020-09-16T16:17:08","date_gmt":"2020-09-16T15:17:08","guid":{"rendered":"https:\/\/die-webzeitung.de\/stuttgart\/?p=139879"},"modified":"2020-09-16T16:17:08","modified_gmt":"2020-09-16T15:17:08","slug":"schlachthof-gaertringen-genossenschaft-mit-konzeptvorstellungen","status":"publish","type":"post","link":"https:\/\/die-webzeitung.de\/stuttgart\/2020\/09\/16\/schlachthof-gaertringen-genossenschaft-mit-konzeptvorstellungen\/","title":{"rendered":"Schlachthof G\u00e4rtringen: Genossenschaft mit Konzeptvorstellungen"},"content":{"rendered":"<p style=\"text-align: justify;\"><strong>Landrat Bernhard: \u201eIch begr\u00fc\u00dfe, dass es bereits erste Vorstellungen f\u00fcr den Neustart gibt\u201c<\/strong><\/p>\n<p style=\"text-align: justify;\">Kreis B\u00f6blingen.| Der Vorsitzende der Genossenschaft des Schlachthofes G\u00e4rtringen, Wilhelm Dengler, hat Landrat Roland Bernhard \u00fcber die aktuellen \u00dcberlegungen von Vorstand und Aufsichtsrat der Schlachthof eG zum Neustart des Schlachthofes informiert. Insbesondere haben beide \u00fcber einen m\u00f6glichen Zeitplan gesprochen. Ziel der Schlachthof eG sei es, auch die baulichen M\u00e4ngel vor einer erneuten Inbetriebnahme zu beseitigen und die regionale Vermarktung und das Tierwohl zu st\u00e4rken.<\/p>\n<p style=\"text-align: justify;\">\u201eDas Landratsamt unterst\u00fctzt den Betreiber bei seinen konzeptionellen \u00dcberlegungen. Ich begr\u00fc\u00dfe es daher, dass es von Seiten der Genossenschaft bereits erste Vorstellungen f\u00fcr das weitere Vorgehen gibt\u201c, so der Landrat. Wenn nun die baulichen Ma\u00dfnahmen vor einer Wiederinbetriebnahme durchgef\u00fchrt w\u00fcrden, d\u00fcrfte mit einem Neustart eher in einigen Monaten statt in wenigen Wochen zu rechnen sein. Darin l\u00e4ge aber auch die Chance, mit einem grundlegend neuen Konzept und echten Verbesserungen f\u00fcr das Tierwohl den Verbrauchern ein regionales Angebot f\u00fcr den Bezug von Fleisch zu machen.<\/p>\n<p style=\"text-align: justify;\">Gleichzeitig wurde das Landratsamt dar\u00fcber informiert, dass f\u00fcr die \u00dcbergangszeit die betroffenen Metzger und Landwirte bei anderen Schlachtbetrieben Interimsl\u00f6sungen gefunden haben. Diese sollen aber nicht auf Dauer sein.<\/p>\n<p style=\"text-align: justify;\">\u201eDie nun angerissenen Konzepte lassen einen glaubw\u00fcrdigen Neustart der Schlachthof eG mit modernen Konzeptionen und neuen Verantwortlichen m\u00f6glich erscheinen\u201c, so die Einsch\u00e4tzung des Landrats. Mit den geplanten baulichen und technischen Ver\u00e4nderungen soll sichergestellt werden, dass ein menschliches Fehlverhalten k\u00fcnftig so gut wie m\u00f6glich ausgeschlossen wird, um damit das Vertrauen der Verbraucher zur\u00fcckzugewinnen.<\/p>\n<p style=\"text-align: justify;\">Im n\u00e4chsten Schritt sollen die Mitglieder der Genossenschaft dieses Konzept beraten und dessen Umsetzung beschlie\u00dfen. Landrat Bernhard k\u00fcndigt an, dass dieses Konzept den betroffen Berufsgruppen, Metzgern, Landwirten und Verbrauchern im eingerichteten Runden Tisch vorgestellt und n\u00e4chsten Schritte werden wird.<\/p>\n<p style=\"text-align: justify;\">Parallel dazu ist das Landratsamt derzeit dabei, das Videomaterial der Soko Tierschutz auszuwerten. Dies wird auch durch externe Sachverst\u00e4ndige unterst\u00fctzt. Sobald dazu erste Ergebnisse vorliegen, werden Konsequenzen gezogen, sollte dies notwendig sein. Auch die \u00d6ffentlichkeit soll dar\u00fcber informiert werden. Der Landrat erg\u00e4nzt: \u201eDies wird aber noch einige Tage in Anspruch nehmen, deshalb bitte ich hier noch um Geduld und darum von voreiligen Schl\u00fcssen abzusehen.\u201c<\/p>\n<hr \/>\n<p style=\"text-align: justify;\">\n","protected":false},"excerpt":{"rendered":"<p>Landrat Bernhard: \u201eIch begr\u00fc\u00dfe, dass es bereits erste Vorstellungen f\u00fcr den Neustart gibt\u201c Kreis B\u00f6blingen.| Der Vorsitzende der Genossenschaft des Schlachthofes G\u00e4rtringen, Wilhelm Dengler, hat Landrat Roland Bernhard \u00fcber die aktuellen \u00dcberlegungen von Vorstand und Aufsichtsrat der Schlachthof eG zum Neustart des Schlachthofes informiert. Insbesondere haben beide \u00fcber einen m\u00f6glichen Zeitplan gesprochen. Ziel der Schlachthof [&hellip;]<\/p>\n","protected":false},"author":4,"featured_media":0,"comment_status":"closed","ping_status":"open","sticky":false,"template":"","format":"standard","meta":{"inline_featured_image":false,"_exactmetrics_skip_tracking":false,"_exactmetrics_sitenote_active":false,"_exactmetrics_sitenote_note":"","_exactmetrics_sitenote_category":0,"footnotes":""},"categories":[2246],"tags":[3061,14857,12299,484,68,9,16778],"class_list":{"0":"post-139879","1":"post","2":"type-post","3":"status-publish","4":"format-standard","6":"category-kreis-boeblingen","7":"tag-boblingen","8":"tag-die-webzeitung","9":"tag-gartringen","10":"tag-konzept","11":"tag-online-zeitung","12":"tag-schaumedia","13":"tag-schlachthof"},"image_feature":null,"author_name":"Redaktion","pure_taxonomies":{"categories":[{"term_id":2246,"name":"Kreis B\u00f6blingen","slug":"kreis-boeblingen","term_group":0,"term_taxonomy_id":2259,"taxonomy":"category","description":"","parent":171,"count":197,"filter":"raw","image":""}],"tags":[{"term_id":3061,"name":"B\u00f6blingen","slug":"boblingen","term_group":0,"term_taxonomy_id":3075,"taxonomy":"post_tag","description":"","parent":0,"count":260,"filter":"raw","image":""},{"term_id":14857,"name":"Die-Webzeitung","slug":"die-webzeitung","term_group":0,"term_taxonomy_id":14876,"taxonomy":"post_tag","description":"","parent":0,"count":3625,"filter":"raw","image":""},{"term_id":12299,"name":"G\u00e4rtringen","slug":"gartringen","term_group":0,"term_taxonomy_id":12337,"taxonomy":"post_tag","description":"","parent":0,"count":4,"filter":"raw","image":""},{"term_id":484,"name":"Konzept","slug":"konzept","term_group":0,"term_taxonomy_id":491,"taxonomy":"post_tag","description":"","parent":0,"count":4,"filter":"raw","image":""},{"term_id":68,"name":"Online-Zeitung","slug":"online-zeitung","term_group":0,"term_taxonomy_id":69,"taxonomy":"post_tag","description":"","parent":0,"count":3595,"filter":"raw","image":""},{"term_id":9,"name":"SchauMedia","slug":"schaumedia","term_group":0,"term_taxonomy_id":9,"taxonomy":"post_tag","description":"","parent":0,"count":1607,"filter":"raw","image":""},{"term_id":16778,"name":"Schlachthof","slug":"schlachthof","term_group":0,"term_taxonomy_id":16797,"taxonomy":"post_tag","description":"","parent":0,"count":6,"filter":"raw","image":""}]},"_links":{"self":[{"href":"https:\/\/die-webzeitung.de\/stuttgart\/wp-json\/wp\/v2\/posts\/139879","targetHints":{"allow":["GET"]}}],"collection":[{"href":"https:\/\/die-webzeitung.de\/stuttgart\/wp-json\/wp\/v2\/posts"}],"about":[{"href":"https:\/\/die-webzeitung.de\/stuttgart\/wp-json\/wp\/v2\/types\/post"}],"author":[{"embeddable":true,"href":"https:\/\/die-webzeitung.de\/stuttgart\/wp-json\/wp\/v2\/users\/4"}],"replies":[{"embeddable":true,"href":"https:\/\/die-webzeitung.de\/stuttgart\/wp-json\/wp\/v2\/comments?post=139879"}],"version-history":[{"count":1,"href":"https:\/\/die-webzeitung.de\/stuttgart\/wp-json\/wp\/v2\/posts\/139879\/revisions"}],"predecessor-version":[{"id":139880,"href":"https:\/\/die-webzeitung.de\/stuttgart\/wp-json\/wp\/v2\/posts\/139879\/revisions\/139880"}],"wp:attachment":[{"href":"https:\/\/die-webzeitung.de\/stuttgart\/wp-json\/wp\/v2\/media?parent=139879"}],"wp:term":[{"taxonomy":"category","embeddable":true,"href":"https:\/\/die-webzeitung.de\/stuttgart\/wp-json\/wp\/v2\/categories?post=139879"},{"taxonomy":"post_tag","embeddable":true,"href":"https:\/\/die-webzeitung.de\/stuttgart\/wp-json\/wp\/v2\/tags?post=139879"}],"curies":[{"name":"wp","href":"https:\/\/api.w.org\/{rel}","templated":true}]}}