{"id":139797,"date":"2020-09-10T14:17:24","date_gmt":"2020-09-10T13:17:24","guid":{"rendered":"https:\/\/die-webzeitung.de\/stuttgart\/?p=139797"},"modified":"2020-09-10T14:17:24","modified_gmt":"2020-09-10T13:17:24","slug":"nina-warnt-im-landkreis-boeblingen-bei-besonderen-gefahrenlagen","status":"publish","type":"post","link":"https:\/\/die-webzeitung.de\/stuttgart\/2020\/09\/10\/nina-warnt-im-landkreis-boeblingen-bei-besonderen-gefahrenlagen\/","title":{"rendered":"NINA warnt im Landkreis B\u00f6blingen bei besonderen Gefahrenlagen"},"content":{"rendered":"<h5 style=\"text-align: justify;\"><strong>Schwachstelle beim Ersten bundesweiten Warntag aufgedeckt<\/strong><\/h5>\n<p style=\"text-align: justify;\">Kreis B\u00f6blingen.| Am heutigen Donnerstag, 10. September 2020, wurde zum ersten Mal ein bundesweiter Warntag durchgef\u00fchrt. Dabei gab es in ganz Deutschland um 11 Uhr einen Probealarm. Daran angeschlossen sollten auch die Warn-Apps sein; die im Landkreis B\u00f6blingen genutzte Warn-App NINA (Notfall- Informations- und Nachrichten-App) sollte die Meldung also auch verbreiten.<\/p>\n<p style=\"text-align: justify;\">Tats\u00e4chliche kam es im Rahmen des bundesweiten Probealarms bei allen NINA-Anwendern zu einem deutlichen zeitlichen Verzug. Teilweise gab es nur die Entwarnung. Die Erkl\u00e4rung daf\u00fcr liegt laut Bundesamt f\u00fcr Bev\u00f6lkerungsschutz und Katastrophenhilfe (BBK) darin, dass die Warnung f\u00fcr ganz Deutschland zentral durch die Nationale Warnzentrale des BBK ausgegeben wurde. Vielerorts wurden jedoch zus\u00e4tzliche Warnmeldungen ins System eingegeben \u2013 und das f\u00fchrte zu Problemen: Denn das System sei nicht f\u00fcr die zeitgleiche Ausl\u00f6sung einer Vielzahl von Warnmeldungen ausgelegt. So hat die \u00dcbung eine bedeutsame Schwachstelle im System identifiziert, die nun behoben werden kann.<\/p>\n<p style=\"text-align: justify;\">Da im Landkreis B\u00f6blingen ausschlie\u00dflich das Landratsamt Warnungen in das System eingeben kann, kann ein solcher Fehler bei Warnungen f\u00fcr das Kreisgebiet oder Teile dessen ausgeschlossen werden. Beispielsweise konnte bei der Trinkwasserverunreinigung in Renningen vor wenigen Wochen sehr schnell und zuverl\u00e4ssig gewarnt und informiert werden. F\u00fcr die Bev\u00f6lkerungswarnung im Landkreis B\u00f6blingen ist die Warn-App NINA in den vergangenen Jahren unverzichtbar geworden.<\/p>\n<hr \/>\n<p style=\"text-align: justify;\">\n","protected":false},"excerpt":{"rendered":"<p>Schwachstelle beim Ersten bundesweiten Warntag aufgedeckt Kreis B\u00f6blingen.| Am heutigen Donnerstag, 10. September 2020, wurde zum ersten Mal ein bundesweiter Warntag durchgef\u00fchrt. Dabei gab es in ganz Deutschland um 11 Uhr einen Probealarm. Daran angeschlossen sollten auch die Warn-Apps sein; die im Landkreis B\u00f6blingen genutzte Warn-App NINA (Notfall- Informations- und Nachrichten-App) sollte die Meldung also [&hellip;]<\/p>\n","protected":false},"author":4,"featured_media":0,"comment_status":"closed","ping_status":"open","sticky":false,"template":"","format":"standard","meta":{"inline_featured_image":false,"_exactmetrics_skip_tracking":false,"_exactmetrics_sitenote_active":false,"_exactmetrics_sitenote_note":"","_exactmetrics_sitenote_category":0,"footnotes":""},"categories":[59,2246],"tags":[516,3061,14857,5,16797,68,9,16798],"class_list":{"0":"post-139797","1":"post","2":"type-post","3":"status-publish","4":"format-standard","6":"category-aktuell","7":"category-kreis-boeblingen","8":"tag-app","9":"tag-boblingen","10":"tag-die-webzeitung","11":"tag-internetzeitung","12":"tag-nina","13":"tag-online-zeitung","14":"tag-schaumedia","15":"tag-warntag"},"image_feature":null,"author_name":"Redaktion","pure_taxonomies":{"categories":[{"term_id":59,"name":"Aktuell","slug":"aktuell","term_group":0,"term_taxonomy_id":60,"taxonomy":"category","description":"","parent":0,"count":1017,"filter":"raw","image":""},{"term_id":2246,"name":"Kreis B\u00f6blingen","slug":"kreis-boeblingen","term_group":0,"term_taxonomy_id":2259,"taxonomy":"category","description":"","parent":171,"count":197,"filter":"raw","image":""}],"tags":[{"term_id":516,"name":"App","slug":"app","term_group":0,"term_taxonomy_id":523,"taxonomy":"post_tag","description":"","parent":0,"count":5,"filter":"raw","image":""},{"term_id":3061,"name":"B\u00f6blingen","slug":"boblingen","term_group":0,"term_taxonomy_id":3075,"taxonomy":"post_tag","description":"","parent":0,"count":260,"filter":"raw","image":""},{"term_id":14857,"name":"Die-Webzeitung","slug":"die-webzeitung","term_group":0,"term_taxonomy_id":14876,"taxonomy":"post_tag","description":"","parent":0,"count":3625,"filter":"raw","image":""},{"term_id":5,"name":"Internetzeitung","slug":"internetzeitung","term_group":0,"term_taxonomy_id":5,"taxonomy":"post_tag","description":"","parent":0,"count":1461,"filter":"raw","image":""},{"term_id":16797,"name":"NINA","slug":"nina","term_group":0,"term_taxonomy_id":16816,"taxonomy":"post_tag","description":"","parent":0,"count":1,"filter":"raw","image":""},{"term_id":68,"name":"Online-Zeitung","slug":"online-zeitung","term_group":0,"term_taxonomy_id":69,"taxonomy":"post_tag","description":"","parent":0,"count":3595,"filter":"raw","image":""},{"term_id":9,"name":"SchauMedia","slug":"schaumedia","term_group":0,"term_taxonomy_id":9,"taxonomy":"post_tag","description":"","parent":0,"count":1607,"filter":"raw","image":""},{"term_id":16798,"name":"Warntag","slug":"warntag","term_group":0,"term_taxonomy_id":16817,"taxonomy":"post_tag","description":"","parent":0,"count":2,"filter":"raw","image":""}]},"_links":{"self":[{"href":"https:\/\/die-webzeitung.de\/stuttgart\/wp-json\/wp\/v2\/posts\/139797","targetHints":{"allow":["GET"]}}],"collection":[{"href":"https:\/\/die-webzeitung.de\/stuttgart\/wp-json\/wp\/v2\/posts"}],"about":[{"href":"https:\/\/die-webzeitung.de\/stuttgart\/wp-json\/wp\/v2\/types\/post"}],"author":[{"embeddable":true,"href":"https:\/\/die-webzeitung.de\/stuttgart\/wp-json\/wp\/v2\/users\/4"}],"replies":[{"embeddable":true,"href":"https:\/\/die-webzeitung.de\/stuttgart\/wp-json\/wp\/v2\/comments?post=139797"}],"version-history":[{"count":1,"href":"https:\/\/die-webzeitung.de\/stuttgart\/wp-json\/wp\/v2\/posts\/139797\/revisions"}],"predecessor-version":[{"id":139798,"href":"https:\/\/die-webzeitung.de\/stuttgart\/wp-json\/wp\/v2\/posts\/139797\/revisions\/139798"}],"wp:attachment":[{"href":"https:\/\/die-webzeitung.de\/stuttgart\/wp-json\/wp\/v2\/media?parent=139797"}],"wp:term":[{"taxonomy":"category","embeddable":true,"href":"https:\/\/die-webzeitung.de\/stuttgart\/wp-json\/wp\/v2\/categories?post=139797"},{"taxonomy":"post_tag","embeddable":true,"href":"https:\/\/die-webzeitung.de\/stuttgart\/wp-json\/wp\/v2\/tags?post=139797"}],"curies":[{"name":"wp","href":"https:\/\/api.w.org\/{rel}","templated":true}]}}