{"id":139734,"date":"2020-09-08T10:19:01","date_gmt":"2020-09-08T09:19:01","guid":{"rendered":"https:\/\/die-webzeitung.de\/stuttgart\/2020\/09\/08\/duerr-ag-bei-nachhaltigkeits-rating-im-spitzenfeld\/"},"modified":"2020-09-08T10:19:01","modified_gmt":"2020-09-08T09:19:01","slug":"duerr-ag-bei-nachhaltigkeits-rating-im-spitzenfeld","status":"publish","type":"post","link":"https:\/\/die-webzeitung.de\/stuttgart\/2020\/09\/08\/duerr-ag-bei-nachhaltigkeits-rating-im-spitzenfeld\/","title":{"rendered":"D\u00fcrr AG bei Nachhaltigkeits-Rating im Spitzenfeld"},"content":{"rendered":"<div class=\"news__teasertext teaser-text\">\n<p style=\"text-align: justify;\">Bietigheim-Bissingen, 8. September 2020.| Die D\u00fcrr AG hat beim diesj\u00e4hrigen MSCI ESG Rating mit der Note AA abgeschnitten und damit die zweitbeste von sieben m\u00f6glichen Bewertungen erhalten. Das MSCI ESG Rating misst, wie b\u00f6rsennotierte Unternehmen mit Nachhaltigkeits-themen umgehen. Mit dem AA-Rating geh\u00f6rt die D\u00fcrr AG zur Kategorie \u201eLeaders\u201c im internationalen Maschinen- und Anlagenbau und rangiert unter den besten 30% der Branche.<\/p>\n<\/div>\n<div class=\"news__bodytext news-text-wrap\">\n<p style=\"text-align: justify;\">Die MSCI ESG Ratings richten sich vor allem an institutionelle Anleger. Diese ber\u00fccksichtigen bei Investitionsentscheidungen immer h\u00e4ufiger, wie Unternehmen mit Chancen und Risiken in den Bereichen Umwelt (<strong>E<\/strong>nvironmental), Gesellschaft (<strong>S<\/strong>ocial) und Unternehmensf\u00fchrung (<strong>G<\/strong>overnance) umgehen.<\/p>\n<p style=\"text-align: justify;\">Dietmar Heinrich, Finanzvorstand der D\u00fcrr AG: \u201eDie Nachhaltigkeits-Performance gewinnt als Investitionskriterium stark an Bedeutung. Unser gutes MSCI ESG Rating ist ein Qualit\u00e4tsnachweis und eine wichtige Hilfestellung bei der Beurteilung der D\u00fcrr AG am Kapitalmarkt.\u201c<\/p>\n<p style=\"text-align: justify;\">Das MSCI Rating setzt sich zusammen aus den Teilergebnissen in den drei Kategorien Governance (z.B. Unternehmensf\u00fchrung, Korruptionsschutz), Umwelt (z.B. Emissionen, umweltvertr\u00e4gliche Produkte) und Gesellschaft (z.B. Arbeitsbeziehungen). Am st\u00e4rksten gewichtet wird das Abschneiden in der Kategorie Governance, hier erzielte die D\u00fcrr AG das beste Teilergebnis. Auch in den anderen Kategorien schnitt das Unternehmen besser ab als der Durchschnitt im Maschinen- und Anlagenbau. Die siebenstufige Bewertungsskala beim MSCI Rating reicht von CCC bis zur Bestnote AAA.<\/p>\n<hr \/>\n<p style=\"text-align: justify;\">\n<\/div>\n","protected":false},"excerpt":{"rendered":"<p>Bietigheim-Bissingen, 8. September 2020.| Die D\u00fcrr AG hat beim diesj\u00e4hrigen MSCI ESG Rating mit der Note AA abgeschnitten und damit die zweitbeste von sieben m\u00f6glichen Bewertungen erhalten. Das MSCI ESG Rating misst, wie b\u00f6rsennotierte Unternehmen mit Nachhaltigkeits-themen umgehen. Mit dem AA-Rating geh\u00f6rt die D\u00fcrr AG zur Kategorie \u201eLeaders\u201c im internationalen Maschinen- und Anlagenbau und rangiert [&hellip;]<\/p>\n","protected":false},"author":4,"featured_media":0,"comment_status":"closed","ping_status":"open","sticky":false,"template":"","format":"standard","meta":{"inline_featured_image":false,"_exactmetrics_skip_tracking":false,"_exactmetrics_sitenote_active":false,"_exactmetrics_sitenote_note":"","_exactmetrics_sitenote_category":0,"footnotes":""},"categories":[479],"tags":[9121,14857,13680,5,319,68,9],"class_list":{"0":"post-139734","1":"post","2":"type-post","3":"status-publish","4":"format-standard","6":"category-wirtschaft","7":"tag-bietigheim-bissingen","8":"tag-die-webzeitung","9":"tag-duerr","10":"tag-internetzeitung","11":"tag-nachhaltigkeit","12":"tag-online-zeitung","13":"tag-schaumedia"},"image_feature":null,"author_name":"Redaktion","pure_taxonomies":{"categories":[{"term_id":479,"name":"Wirtschaft","slug":"wirtschaft","term_group":0,"term_taxonomy_id":1941,"taxonomy":"category","description":"","parent":0,"count":282,"filter":"raw","image":""}],"tags":[{"term_id":9121,"name":"Bietigheim-Bissingen","slug":"bietigheim-bissingen","term_group":0,"term_taxonomy_id":9147,"taxonomy":"post_tag","description":"","parent":0,"count":291,"filter":"raw","image":""},{"term_id":14857,"name":"Die-Webzeitung","slug":"die-webzeitung","term_group":0,"term_taxonomy_id":14876,"taxonomy":"post_tag","description":"","parent":0,"count":3625,"filter":"raw","image":""},{"term_id":13680,"name":"D\u00fcrr","slug":"duerr","term_group":0,"term_taxonomy_id":13722,"taxonomy":"post_tag","description":"","parent":0,"count":26,"filter":"raw","image":""},{"term_id":5,"name":"Internetzeitung","slug":"internetzeitung","term_group":0,"term_taxonomy_id":5,"taxonomy":"post_tag","description":"","parent":0,"count":1461,"filter":"raw","image":""},{"term_id":319,"name":"Nachhaltigkeit","slug":"nachhaltigkeit","term_group":0,"term_taxonomy_id":325,"taxonomy":"post_tag","description":"","parent":0,"count":4,"filter":"raw","image":""},{"term_id":68,"name":"Online-Zeitung","slug":"online-zeitung","term_group":0,"term_taxonomy_id":69,"taxonomy":"post_tag","description":"","parent":0,"count":3595,"filter":"raw","image":""},{"term_id":9,"name":"SchauMedia","slug":"schaumedia","term_group":0,"term_taxonomy_id":9,"taxonomy":"post_tag","description":"","parent":0,"count":1607,"filter":"raw","image":""}]},"_links":{"self":[{"href":"https:\/\/die-webzeitung.de\/stuttgart\/wp-json\/wp\/v2\/posts\/139734","targetHints":{"allow":["GET"]}}],"collection":[{"href":"https:\/\/die-webzeitung.de\/stuttgart\/wp-json\/wp\/v2\/posts"}],"about":[{"href":"https:\/\/die-webzeitung.de\/stuttgart\/wp-json\/wp\/v2\/types\/post"}],"author":[{"embeddable":true,"href":"https:\/\/die-webzeitung.de\/stuttgart\/wp-json\/wp\/v2\/users\/4"}],"replies":[{"embeddable":true,"href":"https:\/\/die-webzeitung.de\/stuttgart\/wp-json\/wp\/v2\/comments?post=139734"}],"version-history":[{"count":0,"href":"https:\/\/die-webzeitung.de\/stuttgart\/wp-json\/wp\/v2\/posts\/139734\/revisions"}],"wp:attachment":[{"href":"https:\/\/die-webzeitung.de\/stuttgart\/wp-json\/wp\/v2\/media?parent=139734"}],"wp:term":[{"taxonomy":"category","embeddable":true,"href":"https:\/\/die-webzeitung.de\/stuttgart\/wp-json\/wp\/v2\/categories?post=139734"},{"taxonomy":"post_tag","embeddable":true,"href":"https:\/\/die-webzeitung.de\/stuttgart\/wp-json\/wp\/v2\/tags?post=139734"}],"curies":[{"name":"wp","href":"https:\/\/api.w.org\/{rel}","templated":true}]}}