{"id":139671,"date":"2020-09-03T18:17:31","date_gmt":"2020-09-03T17:17:31","guid":{"rendered":"https:\/\/die-webzeitung.de\/stuttgart\/?p=139671"},"modified":"2020-09-03T18:17:31","modified_gmt":"2020-09-03T17:17:31","slug":"schlachthof-gaertringen-landratsamt-untersagt-voruebergehend-schlachtungen","status":"publish","type":"post","link":"https:\/\/die-webzeitung.de\/stuttgart\/2020\/09\/03\/schlachthof-gaertringen-landratsamt-untersagt-voruebergehend-schlachtungen\/","title":{"rendered":"Schlachthof G\u00e4rtringen: Landratsamt untersagt vor\u00fcbergehend Schlachtungen"},"content":{"rendered":"<p style=\"text-align: justify;\">Kreis B\u00f6blingen.| Das Landratsamt hat dem Betreiber des Schlachthofes G\u00e4rtringen den weiteren Schlachtbetrieb vor\u00fcbergehend untersagt. Die Verf\u00fcgung werde erst wieder aufgehoben, wenn der Betreiber ein schl\u00fcssiges Gesamtkonzept vorlegt in dem klar dargelegt ist, wie k\u00fcnftig tierschutzgerechtes Agieren sichergestellt wird, z.B. durch bauliche Ma\u00dfnahmen, personelle Aufstockungen und Qualifizierungen.<\/p>\n<p style=\"text-align: justify;\">Das Landratsamt hatte seit Bekanntwerden der Vorw\u00fcrfe durch verdoppelten Personaleinsatz die l\u00fcckenlose \u00dcberwachung einer tierschutzgerechten Schlachtung sichergestellt. Die Einhaltung tierschutzrechtlicher Bestimmungen ist allerdings zuvorderst Aufgabe des Schlachthofbetreibers. Da dieser entsprechend verf\u00fcgte Ma\u00dfnahmen bisher nur unzureichend umgesetzt hat, ist es geboten, den weiteren Schlachtbetrieb vorl\u00e4ufig zu untersagen.<\/p>\n<p style=\"text-align: justify;\">Landrat Roland Bernhard: \u201eWir haben uns diese Entscheidung nicht einfach gemacht, sie bietet aber die Chance f\u00fcr einen Neustart. Wir wissen um die wichtige Bedeutung des Schlachthofes f\u00fcr die Landwirte und Metzger in der Region und wir sind gerne bereit, einen Neubeginn konstruktiv zu unterst\u00fctzen. Aber zum Wohl der Tiere m\u00fcssen wir nun so handeln. Wir hoffen auf konzeptionelle Vorschl\u00e4ge des Betreibers, um ein regionales Angebot f\u00fcr Landwirtschaft und Metzgereien im Kreis B\u00f6blingen zu halten. Die tierschutzrechtlichen Anforderungen m\u00fcssen dabei erf\u00fcllt sein.\u201c<\/p>\n<hr \/>\n<p style=\"text-align: justify;\">\n","protected":false},"excerpt":{"rendered":"<p>Kreis B\u00f6blingen.| Das Landratsamt hat dem Betreiber des Schlachthofes G\u00e4rtringen den weiteren Schlachtbetrieb vor\u00fcbergehend untersagt. Die Verf\u00fcgung werde erst wieder aufgehoben, wenn der Betreiber ein schl\u00fcssiges Gesamtkonzept vorlegt in dem klar dargelegt ist, wie k\u00fcnftig tierschutzgerechtes Agieren sichergestellt wird, z.B. durch bauliche Ma\u00dfnahmen, personelle Aufstockungen und Qualifizierungen. Das Landratsamt hatte seit Bekanntwerden der Vorw\u00fcrfe durch [&hellip;]<\/p>\n","protected":false},"author":4,"featured_media":0,"comment_status":"closed","ping_status":"open","sticky":false,"template":"","format":"standard","meta":{"inline_featured_image":false,"_exactmetrics_skip_tracking":false,"_exactmetrics_sitenote_active":false,"_exactmetrics_sitenote_note":"","_exactmetrics_sitenote_category":0,"footnotes":""},"categories":[59,2246],"tags":[3061,14857,5,68,9,16778],"class_list":{"0":"post-139671","1":"post","2":"type-post","3":"status-publish","4":"format-standard","6":"category-aktuell","7":"category-kreis-boeblingen","8":"tag-boblingen","9":"tag-die-webzeitung","10":"tag-internetzeitung","11":"tag-online-zeitung","12":"tag-schaumedia","13":"tag-schlachthof"},"image_feature":null,"author_name":"Redaktion","pure_taxonomies":{"categories":[{"term_id":59,"name":"Aktuell","slug":"aktuell","term_group":0,"term_taxonomy_id":60,"taxonomy":"category","description":"","parent":0,"count":1017,"filter":"raw","image":""},{"term_id":2246,"name":"Kreis B\u00f6blingen","slug":"kreis-boeblingen","term_group":0,"term_taxonomy_id":2259,"taxonomy":"category","description":"","parent":171,"count":197,"filter":"raw","image":""}],"tags":[{"term_id":3061,"name":"B\u00f6blingen","slug":"boblingen","term_group":0,"term_taxonomy_id":3075,"taxonomy":"post_tag","description":"","parent":0,"count":260,"filter":"raw","image":""},{"term_id":14857,"name":"Die-Webzeitung","slug":"die-webzeitung","term_group":0,"term_taxonomy_id":14876,"taxonomy":"post_tag","description":"","parent":0,"count":3625,"filter":"raw","image":""},{"term_id":5,"name":"Internetzeitung","slug":"internetzeitung","term_group":0,"term_taxonomy_id":5,"taxonomy":"post_tag","description":"","parent":0,"count":1461,"filter":"raw","image":""},{"term_id":68,"name":"Online-Zeitung","slug":"online-zeitung","term_group":0,"term_taxonomy_id":69,"taxonomy":"post_tag","description":"","parent":0,"count":3595,"filter":"raw","image":""},{"term_id":9,"name":"SchauMedia","slug":"schaumedia","term_group":0,"term_taxonomy_id":9,"taxonomy":"post_tag","description":"","parent":0,"count":1607,"filter":"raw","image":""},{"term_id":16778,"name":"Schlachthof","slug":"schlachthof","term_group":0,"term_taxonomy_id":16797,"taxonomy":"post_tag","description":"","parent":0,"count":6,"filter":"raw","image":""}]},"_links":{"self":[{"href":"https:\/\/die-webzeitung.de\/stuttgart\/wp-json\/wp\/v2\/posts\/139671","targetHints":{"allow":["GET"]}}],"collection":[{"href":"https:\/\/die-webzeitung.de\/stuttgart\/wp-json\/wp\/v2\/posts"}],"about":[{"href":"https:\/\/die-webzeitung.de\/stuttgart\/wp-json\/wp\/v2\/types\/post"}],"author":[{"embeddable":true,"href":"https:\/\/die-webzeitung.de\/stuttgart\/wp-json\/wp\/v2\/users\/4"}],"replies":[{"embeddable":true,"href":"https:\/\/die-webzeitung.de\/stuttgart\/wp-json\/wp\/v2\/comments?post=139671"}],"version-history":[{"count":1,"href":"https:\/\/die-webzeitung.de\/stuttgart\/wp-json\/wp\/v2\/posts\/139671\/revisions"}],"predecessor-version":[{"id":139672,"href":"https:\/\/die-webzeitung.de\/stuttgart\/wp-json\/wp\/v2\/posts\/139671\/revisions\/139672"}],"wp:attachment":[{"href":"https:\/\/die-webzeitung.de\/stuttgart\/wp-json\/wp\/v2\/media?parent=139671"}],"wp:term":[{"taxonomy":"category","embeddable":true,"href":"https:\/\/die-webzeitung.de\/stuttgart\/wp-json\/wp\/v2\/categories?post=139671"},{"taxonomy":"post_tag","embeddable":true,"href":"https:\/\/die-webzeitung.de\/stuttgart\/wp-json\/wp\/v2\/tags?post=139671"}],"curies":[{"name":"wp","href":"https:\/\/api.w.org\/{rel}","templated":true}]}}