{"id":139666,"date":"2020-09-02T17:13:38","date_gmt":"2020-09-02T16:13:38","guid":{"rendered":"https:\/\/die-webzeitung.de\/stuttgart\/?p=139666"},"modified":"2020-09-03T18:18:07","modified_gmt":"2020-09-03T17:18:07","slug":"schlachthof-gaertringen-landratsamt-soll-video-rohmaterial-am-montag-erhalten","status":"publish","type":"post","link":"https:\/\/die-webzeitung.de\/stuttgart\/2020\/09\/02\/schlachthof-gaertringen-landratsamt-soll-video-rohmaterial-am-montag-erhalten\/","title":{"rendered":"Schlachthof G\u00e4rtringen: Landratsamt soll Video-Rohmaterial am Montag erhalten"},"content":{"rendered":"<p style=\"text-align: justify;\">Kreis B\u00f6blingen.| Das Landratsamt B\u00f6blingen hat die SOKO Tierschutz gebeten, das Rohmaterial der Videoaufnahmen aus dem Schlachthof G\u00e4rtringen zu \u00fcbergeben. F\u00fcr eine schnelle Abwicklung wurde ein Kurierdienst angeboten. Der Verein meldet zur\u00fcck, dass eine \u00dcbergabe nicht vor Montag stattfinden kann. Angesichts dessen, dass es sich um umfangreiches Datenmaterial handelt, wird die Auswertung Zeit in Anspruch nehmen.<\/p>\n<p style=\"text-align: justify;\">Derzeit \u00fcberwacht das Landratsamt den Betrieb im Schlachthof mit verdoppeltem Personal, sodass eine durchg\u00e4ngige Kontrolle am Zutrieb und der Bet\u00e4ubungsstation gew\u00e4hrleistet ist. Weiterhin werde die vor\u00fcbergehende Stilllegung des Betriebs gepr\u00fcft.<\/p>\n<hr \/>\n<p style=\"text-align: justify;\">\n","protected":false},"excerpt":{"rendered":"<p>Kreis B\u00f6blingen.| Das Landratsamt B\u00f6blingen hat die SOKO Tierschutz gebeten, das Rohmaterial der Videoaufnahmen aus dem Schlachthof G\u00e4rtringen zu \u00fcbergeben. F\u00fcr eine schnelle Abwicklung wurde ein Kurierdienst angeboten. Der Verein meldet zur\u00fcck, dass eine \u00dcbergabe nicht vor Montag stattfinden kann. Angesichts dessen, dass es sich um umfangreiches Datenmaterial handelt, wird die Auswertung Zeit in Anspruch [&hellip;]<\/p>\n","protected":false},"author":4,"featured_media":0,"comment_status":"closed","ping_status":"open","sticky":false,"template":"","format":"standard","meta":{"inline_featured_image":false,"_exactmetrics_skip_tracking":false,"_exactmetrics_sitenote_active":false,"_exactmetrics_sitenote_note":"","_exactmetrics_sitenote_category":0,"footnotes":""},"categories":[2246],"tags":[3061,14857,12299,5,68,9,16778],"class_list":{"0":"post-139666","1":"post","2":"type-post","3":"status-publish","4":"format-standard","6":"category-kreis-boeblingen","7":"tag-boblingen","8":"tag-die-webzeitung","9":"tag-gartringen","10":"tag-internetzeitung","11":"tag-online-zeitung","12":"tag-schaumedia","13":"tag-schlachthof"},"image_feature":null,"author_name":"Redaktion","pure_taxonomies":{"categories":[{"term_id":2246,"name":"Kreis B\u00f6blingen","slug":"kreis-boeblingen","term_group":0,"term_taxonomy_id":2259,"taxonomy":"category","description":"","parent":171,"count":197,"filter":"raw","image":""}],"tags":[{"term_id":3061,"name":"B\u00f6blingen","slug":"boblingen","term_group":0,"term_taxonomy_id":3075,"taxonomy":"post_tag","description":"","parent":0,"count":260,"filter":"raw","image":""},{"term_id":14857,"name":"Die-Webzeitung","slug":"die-webzeitung","term_group":0,"term_taxonomy_id":14876,"taxonomy":"post_tag","description":"","parent":0,"count":3625,"filter":"raw","image":""},{"term_id":12299,"name":"G\u00e4rtringen","slug":"gartringen","term_group":0,"term_taxonomy_id":12337,"taxonomy":"post_tag","description":"","parent":0,"count":4,"filter":"raw","image":""},{"term_id":5,"name":"Internetzeitung","slug":"internetzeitung","term_group":0,"term_taxonomy_id":5,"taxonomy":"post_tag","description":"","parent":0,"count":1461,"filter":"raw","image":""},{"term_id":68,"name":"Online-Zeitung","slug":"online-zeitung","term_group":0,"term_taxonomy_id":69,"taxonomy":"post_tag","description":"","parent":0,"count":3595,"filter":"raw","image":""},{"term_id":9,"name":"SchauMedia","slug":"schaumedia","term_group":0,"term_taxonomy_id":9,"taxonomy":"post_tag","description":"","parent":0,"count":1607,"filter":"raw","image":""},{"term_id":16778,"name":"Schlachthof","slug":"schlachthof","term_group":0,"term_taxonomy_id":16797,"taxonomy":"post_tag","description":"","parent":0,"count":6,"filter":"raw","image":""}]},"_links":{"self":[{"href":"https:\/\/die-webzeitung.de\/stuttgart\/wp-json\/wp\/v2\/posts\/139666","targetHints":{"allow":["GET"]}}],"collection":[{"href":"https:\/\/die-webzeitung.de\/stuttgart\/wp-json\/wp\/v2\/posts"}],"about":[{"href":"https:\/\/die-webzeitung.de\/stuttgart\/wp-json\/wp\/v2\/types\/post"}],"author":[{"embeddable":true,"href":"https:\/\/die-webzeitung.de\/stuttgart\/wp-json\/wp\/v2\/users\/4"}],"replies":[{"embeddable":true,"href":"https:\/\/die-webzeitung.de\/stuttgart\/wp-json\/wp\/v2\/comments?post=139666"}],"version-history":[{"count":1,"href":"https:\/\/die-webzeitung.de\/stuttgart\/wp-json\/wp\/v2\/posts\/139666\/revisions"}],"predecessor-version":[{"id":139667,"href":"https:\/\/die-webzeitung.de\/stuttgart\/wp-json\/wp\/v2\/posts\/139666\/revisions\/139667"}],"wp:attachment":[{"href":"https:\/\/die-webzeitung.de\/stuttgart\/wp-json\/wp\/v2\/media?parent=139666"}],"wp:term":[{"taxonomy":"category","embeddable":true,"href":"https:\/\/die-webzeitung.de\/stuttgart\/wp-json\/wp\/v2\/categories?post=139666"},{"taxonomy":"post_tag","embeddable":true,"href":"https:\/\/die-webzeitung.de\/stuttgart\/wp-json\/wp\/v2\/tags?post=139666"}],"curies":[{"name":"wp","href":"https:\/\/api.w.org\/{rel}","templated":true}]}}