{"id":139652,"date":"2020-08-31T16:50:45","date_gmt":"2020-08-31T15:50:45","guid":{"rendered":"https:\/\/die-webzeitung.de\/stuttgart\/?p=139652"},"modified":"2020-08-31T16:50:45","modified_gmt":"2020-08-31T15:50:45","slug":"zahl-der-corona-infektionen-im-kreis-esslingen-steigt-wieder-an","status":"publish","type":"post","link":"https:\/\/die-webzeitung.de\/stuttgart\/2020\/08\/31\/zahl-der-corona-infektionen-im-kreis-esslingen-steigt-wieder-an\/","title":{"rendered":"Zahl der Corona-Infektionen im Kreis Esslingen steigt wieder an"},"content":{"rendered":"<p style=\"text-align: justify;\">Kreis Esslingen.| Seit Anfang M\u00e4rz haben sich nachweislich 2.210 Menschen im Landkreis Esslingen mit dem Corona-Virus infiziert. 139 Menschen sind an oder mit dem Virus verstorben. Nachdem die erste Welle Ende Mai abebbte, steigt die Zahl der Infektionen seit Mitte August wieder an. Die Sieben-Tages-Inzidenz liegt bei 15,9.<\/p>\n<p style=\"text-align: justify;\">\u201eWir m\u00fcssen uns jetzt alle sehr vern\u00fcnftig verhalten, damit wir nicht eine weitere Welle ausl\u00f6sen\u201c, sagte Landrat Heinz Eininger bei einem Pressegespr\u00e4ch am Freitag, 28. August im Esslinger Landratsamt. \u201eDabei kommt es auf jeden Einzelnen an! Es gelten weiterhin Abstandsregeln, Hygieneregeln und das Tragen von Alltagsmasken.\u201c<\/p>\n<p style=\"text-align: justify;\">Den gr\u00f6\u00dften Anteil der positiv getesteten Personen im Landkreis macht derzeit die Gruppe der Reiser\u00fcckkehrer mit 65 Prozent aus. Die meisten davon sind in der Altersgruppe von 21 bis 30 Jahren (38 Prozent). Die L\u00e4nder, aus denen die Reisenden kommen, liegen \u00fcberwiegend auf dem Balkan wie Kroatien, Bosnien, Serbien. Weit dahinter reihen sich getestete Reiser\u00fcckkehrer aus Frankreich und Spanien ein. Auch die Zahl der Corona-Infizierten ist bei den R\u00fcckkehrern aus diesen L\u00e4ndern deutlich geringer.<\/p>\n<p style=\"text-align: justify;\">Im Corona-Abstrichzentrum in N\u00fcrtingen sind in den vergangenen Tagen t\u00e4glich zwischen 200 und 300 Personen durchschnittlich getestet worden. In Spitzenzeiten kamen mehr als 400 Menschen pro Tag zum Abstrich, auch nachdem die Welle im Fr\u00fchjahr abgeebbt war. \u201eBei einer weiteren Infektionswelle k\u00f6nnen wir am CAZ relativ kurzfristig Potenzial f\u00fcr bis zu 800 Tests pro Tag schaffen\u201c, sagte der Gesundheitsdezernent Christian Baron. Inzwischen stehe auch fest, dass das Abstrichzentrum auf dem Festplatz in Oberensingen zun\u00e4chst bis Anfang n\u00e4chsten Jahres betrieben werden k\u00f6nne.<\/p>\n<p style=\"text-align: justify;\">In den medius KLINIKEN sind momentan f\u00fcnf an Covid-19 erkrankte Patienten in station\u00e4rer Behandlung. Am Standort in Kirchheim ist ein Patient auf der Isolierstation, in N\u00fcrtingen werden drei Patienten station\u00e4r behandelt, einer auf der Isolationsstation und zwei auf der Intensivstation. Einer der Intensivpatienten muss beatmet werden. In Ruit wird ein Patient auf der Intensivstation behandelt. Die kreiseigenen Kliniken sind f\u00fcr eine weitere Infektionswelle gut vorbereitet. 30 Prozent der Beatmungskapazit\u00e4ten werden nach wie vor f\u00fcr Corona-Patienten vorgehalten, inzwischen wurde auch ein guter Bestand an Schutzausr\u00fcstung auf Vorrat angelegt.<\/p>\n<p style=\"text-align: justify;\">Beim Gesundheitsamt arbeiten zus\u00e4tzlich zwei \u00c4rztinnen und drei so genannte RKI-Scouts sowie eine Gesundheitswissenschaftlerin im Covid-Team am Infektionsschutz. Zudem wurde beim Gesundheitsamt eine neue Software installiert, mit der die Daten direkt \u00fcbermittelt werden k\u00f6nnen. F\u00fcr die Bew\u00e4ltigung der Aussteigekarten durch das f\u00fcr den Flughafen Stuttgart zust\u00e4ndige Gesundheitsamt des Landkreises Esslingen hat das Sozialministerium ein Amtshilfeersuchen an die Bundeswehr gestellt. Seit Mitte August arbeiten 14 Soldaten die Aussteigekarten ab.<\/p>\n<p style=\"text-align: justify;\">\u201eWir haben die Zeit nach der Infektionswelle genutzt und sind gut aufgestellt, um einen weiteren Anstieg von Infektionen gut bew\u00e4ltigen zu k\u00f6nnen\u201c, sagte der Landrat.<\/p>\n<p style=\"text-align: justify;\">Auch die kreiseigenen Schulen sind f\u00fcr den Schulstart nach den Sommerferien gut ger\u00fcstet: Es gibt detaillierte Hygienepl\u00e4ne und \u00fcber das \u201eSofortausstattungsprogramm\u201c kann bed\u00fcrftigen Sch\u00fclern ein digitales Endger\u00e4t zur Verf\u00fcgung gestellt werden. Die Kreisverwaltung hat daf\u00fcr sehr fr\u00fchzeitig 1.300 I-Pads sowie weiteres Zubeh\u00f6r bestellt. \u201eWir sind zuversichtlich, dass wir die Hardware schon kurz nach Schuljahresbeginn ausgeben k\u00f6nnen. Bei der Digitalisierung an unseren Schulen sind wir ganz vorne mit dabei\u201c, sagte Eininger.<\/p>\n<hr \/>\n<p style=\"text-align: justify;\">\n","protected":false},"excerpt":{"rendered":"<p>Kreis Esslingen.| Seit Anfang M\u00e4rz haben sich nachweislich 2.210 Menschen im Landkreis Esslingen mit dem Corona-Virus infiziert. 139 Menschen sind an oder mit dem Virus verstorben. Nachdem die erste Welle Ende Mai abebbte, steigt die Zahl der Infektionen seit Mitte August wieder an. Die Sieben-Tages-Inzidenz liegt bei 15,9. \u201eWir m\u00fcssen uns jetzt alle sehr vern\u00fcnftig [&hellip;]<\/p>\n","protected":false},"author":4,"featured_media":0,"comment_status":"closed","ping_status":"open","sticky":false,"template":"","format":"standard","meta":{"inline_featured_image":false,"_exactmetrics_skip_tracking":false,"_exactmetrics_sitenote_active":false,"_exactmetrics_sitenote_note":"","_exactmetrics_sitenote_category":0,"footnotes":""},"categories":[59,2247],"tags":[16573,14857,14440,5,68,9,16615],"class_list":{"0":"post-139652","1":"post","2":"type-post","3":"status-publish","4":"format-standard","6":"category-aktuell","7":"category-kreis-esslingen","8":"tag-corona","9":"tag-die-webzeitung","10":"tag-esslingen","11":"tag-internetzeitung","12":"tag-online-zeitung","13":"tag-schaumedia","14":"tag-virus"},"image_feature":null,"author_name":"Redaktion","pure_taxonomies":{"categories":[{"term_id":59,"name":"Aktuell","slug":"aktuell","term_group":0,"term_taxonomy_id":60,"taxonomy":"category","description":"","parent":0,"count":1017,"filter":"raw","image":""},{"term_id":2247,"name":"Kreis Esslingen","slug":"kreis-esslingen","term_group":0,"term_taxonomy_id":2260,"taxonomy":"category","description":"Informationen aus dem Landkreis Esslingen","parent":171,"count":214,"filter":"raw","image":""}],"tags":[{"term_id":16573,"name":"Corona","slug":"corona","term_group":0,"term_taxonomy_id":16592,"taxonomy":"post_tag","description":"","parent":0,"count":81,"filter":"raw","image":""},{"term_id":14857,"name":"Die-Webzeitung","slug":"die-webzeitung","term_group":0,"term_taxonomy_id":14876,"taxonomy":"post_tag","description":"","parent":0,"count":3625,"filter":"raw","image":""},{"term_id":14440,"name":"Esslingen","slug":"esslingen","term_group":0,"term_taxonomy_id":3885,"taxonomy":"post_tag","description":"","parent":0,"count":202,"filter":"raw","image":""},{"term_id":5,"name":"Internetzeitung","slug":"internetzeitung","term_group":0,"term_taxonomy_id":5,"taxonomy":"post_tag","description":"","parent":0,"count":1461,"filter":"raw","image":""},{"term_id":68,"name":"Online-Zeitung","slug":"online-zeitung","term_group":0,"term_taxonomy_id":69,"taxonomy":"post_tag","description":"","parent":0,"count":3595,"filter":"raw","image":""},{"term_id":9,"name":"SchauMedia","slug":"schaumedia","term_group":0,"term_taxonomy_id":9,"taxonomy":"post_tag","description":"","parent":0,"count":1607,"filter":"raw","image":""},{"term_id":16615,"name":"Virus","slug":"virus","term_group":0,"term_taxonomy_id":16634,"taxonomy":"post_tag","description":"","parent":0,"count":6,"filter":"raw","image":""}]},"_links":{"self":[{"href":"https:\/\/die-webzeitung.de\/stuttgart\/wp-json\/wp\/v2\/posts\/139652","targetHints":{"allow":["GET"]}}],"collection":[{"href":"https:\/\/die-webzeitung.de\/stuttgart\/wp-json\/wp\/v2\/posts"}],"about":[{"href":"https:\/\/die-webzeitung.de\/stuttgart\/wp-json\/wp\/v2\/types\/post"}],"author":[{"embeddable":true,"href":"https:\/\/die-webzeitung.de\/stuttgart\/wp-json\/wp\/v2\/users\/4"}],"replies":[{"embeddable":true,"href":"https:\/\/die-webzeitung.de\/stuttgart\/wp-json\/wp\/v2\/comments?post=139652"}],"version-history":[{"count":1,"href":"https:\/\/die-webzeitung.de\/stuttgart\/wp-json\/wp\/v2\/posts\/139652\/revisions"}],"predecessor-version":[{"id":139653,"href":"https:\/\/die-webzeitung.de\/stuttgart\/wp-json\/wp\/v2\/posts\/139652\/revisions\/139653"}],"wp:attachment":[{"href":"https:\/\/die-webzeitung.de\/stuttgart\/wp-json\/wp\/v2\/media?parent=139652"}],"wp:term":[{"taxonomy":"category","embeddable":true,"href":"https:\/\/die-webzeitung.de\/stuttgart\/wp-json\/wp\/v2\/categories?post=139652"},{"taxonomy":"post_tag","embeddable":true,"href":"https:\/\/die-webzeitung.de\/stuttgart\/wp-json\/wp\/v2\/tags?post=139652"}],"curies":[{"name":"wp","href":"https:\/\/api.w.org\/{rel}","templated":true}]}}