{"id":139642,"date":"2020-08-31T14:09:35","date_gmt":"2020-08-31T13:09:35","guid":{"rendered":"https:\/\/die-webzeitung.de\/stuttgart\/2020\/08\/31\/dfb-frauen-in-wiesbaden-gegen-england\/"},"modified":"2020-08-31T14:09:35","modified_gmt":"2020-08-31T13:09:35","slug":"dfb-frauen-in-wiesbaden-gegen-england","status":"publish","type":"post","link":"https:\/\/die-webzeitung.de\/stuttgart\/2020\/08\/31\/dfb-frauen-in-wiesbaden-gegen-england\/","title":{"rendered":"DFB-Frauen in Wiesbaden gegen England"},"content":{"rendered":"<p style=\"text-align: justify;\">Die Frauen-Nationalmannschaft bestreitet ihr zweites Heim-L\u00e4nderspiel nach dem Re-Start am Dienstag, 27. Oktober (ab 16:00 Uhr\/live in der ARD) in der Brita-Arena in Wiesbaden. Das beschloss das Pr\u00e4sidium des Deutschen Fu\u00dfball-Bundes im schriftlichen Umlaufverfahren. Gegner des Teams von Bundestrainerin Martina Voss-Tecklenburg wird die Frauen-Nationalmannschaft Englands sein. In der hessischen Landeshauptstadt kommt es damit zum R\u00fcckspiel einer besonderen Partie. Ende vergangenen Jahres hatte die Frauen-Nationalmannschaft im Wembley-Stadion mit 2:1 gegen England gewonnen.<\/p>\n<p style=\"text-align: justify;\">Martina Voss-Tecklenburg sagt: \u201cWir freuen uns auf das Spiel gegen einen starken Gegner, der uns fordern und die M\u00f6glichkeit geben wird, uns als Mannschaft auf einem Top-Niveau weiterzuentwickeln. Schon das Hinspiel in Wembley hat gezeigt, wie sehr unser junges Team von diesen Herausforderungen profitiert. Unsere Spielerinnen ben\u00f6tigen diese Erfahrungen, um individuell zu wachsen, genauso gilt das f\u00fcr uns als Mannschaft. Ich w\u00fcnsche mir, dass unser Team die gleiche Leidenschaft und Spielfreude zeigt wie im Hinspiel, die Spielerinnen sollen mutig und selbstbewusst auftreten.\u201d<\/p>\n<p style=\"text-align: justify;\">Auf den Standort Wiesbaden fiel die Wahl unter anderem, weil das Stadion optimale Bedingungen zur Umsetzung des Hygienekonzeptes bietet, das Grundlage f\u00fcr die Austragung von L\u00e4nderspielen ist. Die DFB-Auswahl setzt die aufgrund der Corona-Pandemie unterbrochene Saison mit den beiden EM-Qualifikationsspielen gegen Irland in Essen am 19. September (ab 14 Uhr\/live im ZDF) und Montenegro am 22. September (ab 16:00 Uhr\/live in der ARD) fort. Die Europameisterschaft findet 2022 in England statt.<\/p>\n<hr \/>\n<p style=\"text-align: justify;\">\n","protected":false},"excerpt":{"rendered":"<p>Die Frauen-Nationalmannschaft bestreitet ihr zweites Heim-L\u00e4nderspiel nach dem Re-Start am Dienstag, 27. Oktober (ab 16:00 Uhr\/live in der ARD) in der Brita-Arena in Wiesbaden. Das beschloss das Pr\u00e4sidium des Deutschen Fu\u00dfball-Bundes im schriftlichen Umlaufverfahren. Gegner des Teams von Bundestrainerin Martina Voss-Tecklenburg wird die Frauen-Nationalmannschaft Englands sein. In der hessischen Landeshauptstadt kommt es damit zum R\u00fcckspiel [&hellip;]<\/p>\n","protected":false},"author":4,"featured_media":0,"comment_status":"closed","ping_status":"open","sticky":false,"template":"","format":"standard","meta":{"inline_featured_image":false,"_exactmetrics_skip_tracking":false,"_exactmetrics_sitenote_active":false,"_exactmetrics_sitenote_note":"","_exactmetrics_sitenote_category":0,"footnotes":""},"categories":[59,110],"tags":[11983,14857,9736,129,5,10051,68,9],"class_list":{"0":"post-139642","1":"post","2":"type-post","3":"status-publish","4":"format-standard","6":"category-aktuell","7":"category-sport","8":"tag-dfb","9":"tag-die-webzeitung","10":"tag-frauen","11":"tag-fusball","12":"tag-internetzeitung","13":"tag-nationalmannschaft","14":"tag-online-zeitung","15":"tag-schaumedia"},"image_feature":null,"author_name":"Redaktion","pure_taxonomies":{"categories":[{"term_id":59,"name":"Aktuell","slug":"aktuell","term_group":0,"term_taxonomy_id":60,"taxonomy":"category","description":"","parent":0,"count":1017,"filter":"raw","image":""},{"term_id":110,"name":"Sport","slug":"sport","term_group":0,"term_taxonomy_id":112,"taxonomy":"category","description":"Sportberichte","parent":0,"count":1043,"filter":"raw","image":""}],"tags":[{"term_id":11983,"name":"DFB","slug":"dfb","term_group":0,"term_taxonomy_id":12021,"taxonomy":"post_tag","description":"","parent":0,"count":46,"filter":"raw","image":""},{"term_id":14857,"name":"Die-Webzeitung","slug":"die-webzeitung","term_group":0,"term_taxonomy_id":14876,"taxonomy":"post_tag","description":"","parent":0,"count":3625,"filter":"raw","image":""},{"term_id":9736,"name":"Frauen","slug":"frauen","term_group":0,"term_taxonomy_id":9767,"taxonomy":"post_tag","description":"","parent":0,"count":20,"filter":"raw","image":""},{"term_id":129,"name":"Fu\u00dfball","slug":"fusball","term_group":0,"term_taxonomy_id":131,"taxonomy":"post_tag","description":"","parent":0,"count":171,"filter":"raw","image":""},{"term_id":5,"name":"Internetzeitung","slug":"internetzeitung","term_group":0,"term_taxonomy_id":5,"taxonomy":"post_tag","description":"","parent":0,"count":1461,"filter":"raw","image":""},{"term_id":10051,"name":"Nationalmannschaft","slug":"nationalmannschaft","term_group":0,"term_taxonomy_id":10082,"taxonomy":"post_tag","description":"","parent":0,"count":29,"filter":"raw","image":""},{"term_id":68,"name":"Online-Zeitung","slug":"online-zeitung","term_group":0,"term_taxonomy_id":69,"taxonomy":"post_tag","description":"","parent":0,"count":3595,"filter":"raw","image":""},{"term_id":9,"name":"SchauMedia","slug":"schaumedia","term_group":0,"term_taxonomy_id":9,"taxonomy":"post_tag","description":"","parent":0,"count":1607,"filter":"raw","image":""}]},"_links":{"self":[{"href":"https:\/\/die-webzeitung.de\/stuttgart\/wp-json\/wp\/v2\/posts\/139642","targetHints":{"allow":["GET"]}}],"collection":[{"href":"https:\/\/die-webzeitung.de\/stuttgart\/wp-json\/wp\/v2\/posts"}],"about":[{"href":"https:\/\/die-webzeitung.de\/stuttgart\/wp-json\/wp\/v2\/types\/post"}],"author":[{"embeddable":true,"href":"https:\/\/die-webzeitung.de\/stuttgart\/wp-json\/wp\/v2\/users\/4"}],"replies":[{"embeddable":true,"href":"https:\/\/die-webzeitung.de\/stuttgart\/wp-json\/wp\/v2\/comments?post=139642"}],"version-history":[{"count":0,"href":"https:\/\/die-webzeitung.de\/stuttgart\/wp-json\/wp\/v2\/posts\/139642\/revisions"}],"wp:attachment":[{"href":"https:\/\/die-webzeitung.de\/stuttgart\/wp-json\/wp\/v2\/media?parent=139642"}],"wp:term":[{"taxonomy":"category","embeddable":true,"href":"https:\/\/die-webzeitung.de\/stuttgart\/wp-json\/wp\/v2\/categories?post=139642"},{"taxonomy":"post_tag","embeddable":true,"href":"https:\/\/die-webzeitung.de\/stuttgart\/wp-json\/wp\/v2\/tags?post=139642"}],"curies":[{"name":"wp","href":"https:\/\/api.w.org\/{rel}","templated":true}]}}