{"id":139594,"date":"2020-08-26T17:05:27","date_gmt":"2020-08-26T16:05:27","guid":{"rendered":"https:\/\/die-webzeitung.de\/stuttgart\/2020\/08\/26\/ueberarbeitetes-hygienekonzept-fuer-den-deutschen-profifussball\/"},"modified":"2020-08-26T17:05:27","modified_gmt":"2020-08-26T16:05:27","slug":"ueberarbeitetes-hygienekonzept-fuer-den-deutschen-profifussball","status":"publish","type":"post","link":"https:\/\/die-webzeitung.de\/stuttgart\/2020\/08\/26\/ueberarbeitetes-hygienekonzept-fuer-den-deutschen-profifussball\/","title":{"rendered":"\u00dcberarbeitetes Hygienekonzept f\u00fcr den deutschen Profifu\u00dfball"},"content":{"rendered":"<p style=\"text-align: justify;\">Der Deutsche Fu\u00dfball-Bund (DFB) hat das aktualisierte Hygienekonzept f\u00fcr die neue Saison im deutschen Profifu\u00dfball ver\u00f6ffentlicht. Das gemeinsame Konzept von DFB und DFL, das sich in der vergangenen Spielzeit beim Restart der Bundesliga, 2. Bundesliga, 3. Liga, FLYERALARM Frauen-Bundesliga und im DFB-Pokal bew\u00e4hrt hatte, ist von der Task Force Sportmedizin\/Sonderspielbetrieb umfassend weiterentwickelt und optimiert worden. Es soll mit Beginn der Saison 2020\/2021 f\u00fcr alle Profiwettbewerbe im deutschen Fu\u00dfball zur Anwendung kommen, dies sind im Bereich der DFL die Bundesliga und 2. Bundesliga sowie im Bereich des DFB die 3. Liga, FLYERALARM Frauen-Bundesliga und der DFB-Pokal der M\u00e4nner und Frauen.<\/p>\n<p style=\"text-align: justify;\">Im Fokus des Hygienekonzepts steht der Arbeitsschutz f\u00fcr die rund um den Spielbetrieb beteiligten Arbeitnehmer*innen \u2013 wie zum Beispiel Spieler*innen, Trainer*innen, Betreuer*innen und Medienvertreter*innen. Die enthaltenen Ma\u00dfnahmen beziehen sich auf die Organisation und Durchf\u00fchrung des Trainings- und Spielbetriebs sowie die Arbeitsabl\u00e4ufe in den Stadien. Ziel der \u00dcberarbeitungen durch die Task Force unter Leitung von Nationalmannschaftsarzt Prof. Dr. Tim Meyer war es, auf Grundlage der bisherigen Erkenntnisse verschiedenster Beteiligter mittel- und langfristig praktikable Vorgaben zu entwickeln und bestm\u00f6gliche medizinische Rahmenbedingungen f\u00fcr die bevorstehende Saison zu gew\u00e4hrleisten.<\/p>\n<p style=\"text-align: justify;\">Das Konzept ber\u00fccksichtigt die Konkretisierungen der Anforderungen an den Arbeitsschutz gem\u00e4\u00df der vom Bundesministerium f\u00fcr Arbeit und Soziales bekannt gegebenen \u201cSARS-CoV-2-Arbeitsschutzregel\u201d. Die auch f\u00fcr den Fu\u00dfball zust\u00e4ndige gesetzliche Unfallversicherung VBG sieht das Konzept im Einklang mit der \u201cSARS-CoV-2-Arbeitsschutzregel\u201d. Als Arbeitgeber tragen die Klubs die Verantwortung f\u00fcr die jeweilige Umsetzung der im Konzept festgehaltenen Ma\u00dfnahmen im Sinne des Arbeitsschutzes.<br \/>\nDie m\u00f6gliche Wiederzulassung von Zuschauer*innen war und ist kein konkreter Bestandteil des vorliegenden Hygienekonzepts, sondern weitgehend unabh\u00e4ngig davon zu betrachten. Die Verb\u00e4nde und Klubs bearbeiten die Frage, wann und in welchem Umfang die Fans die Spiele wieder live im Stadion verfolgen k\u00f6nnen, intensiv in einem separaten Prozess, stets in Austausch mit den zust\u00e4ndigen Beh\u00f6rden. Standortabh\u00e4ngig sind hierf\u00fcr individuelle L\u00f6sungen<\/p>\n<p style=\"text-align: justify;\">DFB-Generalsekret\u00e4r Dr. Friedrich Curtius sagt: \u201cDas Hygienekonzept von DFB und DFL hat weltweit Beachtung gefunden und daf\u00fcr gesorgt, dass die vergangene Saison sportlich zu Ende gespielt werden konnte. Darauf baut die nun weiterentwickelte Version auf. Der Gesundheitsschutz steht unver\u00e4ndert an erster Stelle. Wir sind uns im Fu\u00dfball der gro\u00dfen Verantwortung bewusst und wollen mit gutem Beispiel f\u00fcr den Sport vorangehen. Dies gilt auch bei der Erarbeitung der weiteren Konzepte f\u00fcr eine m\u00f6gliche R\u00fcckkehr der Fans in die Stadien.\u201d<\/p>\n<p style=\"text-align: justify;\">Das vorliegende Hygienekonzept f\u00fcr den Spielbetrieb ist allen Klubs der Profiligen sowie den Teilnehmern des DFB-Pokals aus dem Amateurbereich zugegangen und befindet sich beim DFB aktuell im offiziellen Beschlussverfahren durch das DFB-Pr\u00e4sidium. Neben den Grundlagen zur Durchf\u00fchrung des Sonderspielbetriebs beinhaltet das Konzept unter anderem Vorgaben zur Organisation und Hygiene im Stadion sowie den dortigen Arbeitsabl\u00e4ufen. Vorgesehen sind weiterhin strenge Hygienema\u00dfnahmen, regelm\u00e4\u00dfige Testungen, permanentes Monitoring und angepasste organisatorische Abl\u00e4ufe im Spiel- und Trainingsbetrieb.<\/p>\n<p style=\"text-align: justify;\">Im Vergleich zu den vorherigen Versionen unterscheidet das aktualisierte Hygienekonzept in drei Pandemiestufen, an denen sich die definierten Ma\u00dfnahmen orientieren. Das Pandemie-Level \u201choch\u201d gilt demnach bereits ab 35 Neuinfektionen w\u00f6chentlich pro 100.000 Einwohner, das Pandemie-Level \u201cmittel\u201d bei mindestens f\u00fcnf Neuinfektionen, das Pandemie-Level \u201cniedrig\u201d unterhalb von f\u00fcnf Neuinfektionen. Die Abstufung bietet die M\u00f6glichkeit zu regionalen L\u00f6sungen, die zielgerichtet auf die Gegebenheiten vor Ort eingehen. Zur Bestimmung der Pandemiestufe wird an jedem Standort die Sieben-Tage-Inzidenz im eigenen Landkreis und aller angrenzenden Landkreise bzw. kreisfreien St\u00e4dte herangezogen. Die Pandemiestufen k\u00f6nnen sich je nach Region unterscheiden, folglich k\u00f6nnen auch die zwingend umzusetzenden Hygienema\u00dfnahmen innerhalb einer Spielklasse abh\u00e4ngig von den jeweiligen Standorten differieren.<\/p>\n<p style=\"text-align: justify;\">Umfang und zeitliche Taktung der regelm\u00e4\u00dfigen Testungen sind ebenfalls von der Pandemiestufe abh\u00e4ngig. Gleiches gilt f\u00fcr die Maximalzahl der zugelassenen Personen im Stadion. Das Stadion ist im Hygienekonzept weiterhin in drei Zonen unterteilt: Stadioninnenraum (Zone 1), Trib\u00fcnenbereich (Zone 2) und TV-Compound (Zone 3).<\/p>\n<hr \/>\n<p style=\"text-align: justify;\">\n","protected":false},"excerpt":{"rendered":"<p>Der Deutsche Fu\u00dfball-Bund (DFB) hat das aktualisierte Hygienekonzept f\u00fcr die neue Saison im deutschen Profifu\u00dfball ver\u00f6ffentlicht. Das gemeinsame Konzept von DFB und DFL, das sich in der vergangenen Spielzeit beim Restart der Bundesliga, 2. Bundesliga, 3. Liga, FLYERALARM Frauen-Bundesliga und im DFB-Pokal bew\u00e4hrt hatte, ist von der Task Force Sportmedizin\/Sonderspielbetrieb umfassend weiterentwickelt und optimiert worden. [&hellip;]<\/p>\n","protected":false},"author":4,"featured_media":0,"comment_status":"closed","ping_status":"open","sticky":false,"template":"","format":"standard","meta":{"inline_featured_image":false,"_exactmetrics_skip_tracking":false,"_exactmetrics_sitenote_active":false,"_exactmetrics_sitenote_note":"","_exactmetrics_sitenote_category":0,"footnotes":""},"categories":[110],"tags":[131,11983,14857,129,16769,5,68,16770],"class_list":{"0":"post-139594","1":"post","2":"type-post","3":"status-publish","4":"format-standard","6":"category-sport","7":"tag-bundesliga","8":"tag-dfb","9":"tag-die-webzeitung","10":"tag-fusball","11":"tag-hygienekonzept","12":"tag-internetzeitung","13":"tag-online-zeitung","14":"tag-profifussball"},"image_feature":null,"author_name":"Redaktion","pure_taxonomies":{"categories":[{"term_id":110,"name":"Sport","slug":"sport","term_group":0,"term_taxonomy_id":112,"taxonomy":"category","description":"Sportberichte","parent":0,"count":1043,"filter":"raw","image":""}],"tags":[{"term_id":131,"name":"Bundesliga","slug":"bundesliga","term_group":0,"term_taxonomy_id":133,"taxonomy":"post_tag","description":"","parent":0,"count":699,"filter":"raw","image":""},{"term_id":11983,"name":"DFB","slug":"dfb","term_group":0,"term_taxonomy_id":12021,"taxonomy":"post_tag","description":"","parent":0,"count":46,"filter":"raw","image":""},{"term_id":14857,"name":"Die-Webzeitung","slug":"die-webzeitung","term_group":0,"term_taxonomy_id":14876,"taxonomy":"post_tag","description":"","parent":0,"count":3625,"filter":"raw","image":""},{"term_id":129,"name":"Fu\u00dfball","slug":"fusball","term_group":0,"term_taxonomy_id":131,"taxonomy":"post_tag","description":"","parent":0,"count":171,"filter":"raw","image":""},{"term_id":16769,"name":"Hygienekonzept","slug":"hygienekonzept","term_group":0,"term_taxonomy_id":16788,"taxonomy":"post_tag","description":"","parent":0,"count":1,"filter":"raw","image":""},{"term_id":5,"name":"Internetzeitung","slug":"internetzeitung","term_group":0,"term_taxonomy_id":5,"taxonomy":"post_tag","description":"","parent":0,"count":1461,"filter":"raw","image":""},{"term_id":68,"name":"Online-Zeitung","slug":"online-zeitung","term_group":0,"term_taxonomy_id":69,"taxonomy":"post_tag","description":"","parent":0,"count":3595,"filter":"raw","image":""},{"term_id":16770,"name":"Profifu\u00dfball","slug":"profifussball","term_group":0,"term_taxonomy_id":16789,"taxonomy":"post_tag","description":"","parent":0,"count":2,"filter":"raw","image":""}]},"_links":{"self":[{"href":"https:\/\/die-webzeitung.de\/stuttgart\/wp-json\/wp\/v2\/posts\/139594","targetHints":{"allow":["GET"]}}],"collection":[{"href":"https:\/\/die-webzeitung.de\/stuttgart\/wp-json\/wp\/v2\/posts"}],"about":[{"href":"https:\/\/die-webzeitung.de\/stuttgart\/wp-json\/wp\/v2\/types\/post"}],"author":[{"embeddable":true,"href":"https:\/\/die-webzeitung.de\/stuttgart\/wp-json\/wp\/v2\/users\/4"}],"replies":[{"embeddable":true,"href":"https:\/\/die-webzeitung.de\/stuttgart\/wp-json\/wp\/v2\/comments?post=139594"}],"version-history":[{"count":0,"href":"https:\/\/die-webzeitung.de\/stuttgart\/wp-json\/wp\/v2\/posts\/139594\/revisions"}],"wp:attachment":[{"href":"https:\/\/die-webzeitung.de\/stuttgart\/wp-json\/wp\/v2\/media?parent=139594"}],"wp:term":[{"taxonomy":"category","embeddable":true,"href":"https:\/\/die-webzeitung.de\/stuttgart\/wp-json\/wp\/v2\/categories?post=139594"},{"taxonomy":"post_tag","embeddable":true,"href":"https:\/\/die-webzeitung.de\/stuttgart\/wp-json\/wp\/v2\/tags?post=139594"}],"curies":[{"name":"wp","href":"https:\/\/api.w.org\/{rel}","templated":true}]}}