{"id":139547,"date":"2020-08-22T10:15:05","date_gmt":"2020-08-22T09:15:05","guid":{"rendered":"https:\/\/die-webzeitung.de\/stuttgart\/2020\/08\/22\/angelique-kerber-spielt-die-us-open\/"},"modified":"2020-08-22T10:15:05","modified_gmt":"2020-08-22T09:15:05","slug":"angelique-kerber-spielt-die-us-open","status":"publish","type":"post","link":"https:\/\/die-webzeitung.de\/stuttgart\/2020\/08\/22\/angelique-kerber-spielt-die-us-open\/","title":{"rendered":"Angelique Kerber spielt die US Open"},"content":{"rendered":"<h5 style=\"text-align: justify;\"><strong>Porsche-Markenbotschafterin startet beim Grand-Slam-Turnier in New York<\/strong><\/h5>\n<p style=\"text-align: justify;\">Stuttgart.| Mit ihrer Entscheidung hat sich Angelique Kerber lange Zeit gelassen. Doch jetzt steht fest: Die Porsche-Markenbotschafterin spielt die US Open in New York. Am Sonntag steigt sie ins Flugzeug in die USA und beendet mit ihrem Start beim Grand-Slam-Turnier in Flushing Meadow (31. August bis 13. September) die durch Corona bedingte Tennis-Turnierpause. Das verk\u00fcndete die US-Open-Siegerin von 2016 im Gespr\u00e4ch mit dem Porsche Newsroom.<\/p>\n<p style=\"text-align: justify;\">\u201eNach sorgf\u00e4ltiger \u00dcberlegung und intensiven Gespr\u00e4chen mit meinem Team habe ich mich dazu entschlossen, bei den US Open an den Start zu gehen\u201c, sagte sie. \u201eIch habe mir die Entscheidung nicht leicht gemacht, schlie\u00dflich befinden wir uns nach wie vor mitten in der Pandemie.\u201c Sie gehe jedoch davon aus, dass beim zweiten Grand-Slam-Turnier des Jahres, dessen Austragung lange fraglich war, die Sicherheit aller Beteiligten an oberster Stelle steht: \u201eMein Vertrauen gilt den Veranstaltern. Ich bin sicher, dass sie sich ihrer Verantwortung bewusst sind und alle Anstrengungen unternehmen werden, um die Durchf\u00fchrung des Turniers unter strikten Hygieneauflagen zu gew\u00e4hrleisten.\u201c<\/p>\n<p style=\"text-align: justify;\">F\u00fcr die 32-j\u00e4hrige Spielerin des Porsche Team Deutschland und dreifache Grand-Slam-Gewinnerin symbolisieren die US Open zwei wichtige Meilensteine ihrer Karriere: 2011 gelang ihr in New York mit dem Einzug ins Halbfinale der internationale Durchbruch, und 2016 wurde sie mit ihrem Sieg die Nummer 1 der Weltrangliste \u2013 als erste Deutsche seit Steffi Graf 1997.<\/p>\n<p style=\"text-align: justify;\">\u201eMit den US Open verbinde ich viele emotionale Momente. Umso sch\u00f6ner ist es f\u00fcr mich, hier nach der langen Pause wieder einen Anfang zu machen. Bei mir \u00fcberwiegt die Vorfreude auf den Neustart, auch wenn dieses Jahr sicherlich vieles anders sein wird\u201c, sagte sie dem Porsche Newsroom. Die letzten Trainingswochen seien gut verlaufen. Sie f\u00fchle sich fit und gut vorbereitet, wisse aber, \u201edass jetzt alles wieder bei null beginnt. Ich habe deshalb auch keine allzu gro\u00dfen Erwartungen, sondern freue mich auf die Herausforderung, endlich wieder Matches spielen zu k\u00f6nnen\u201c.<\/p>\n<hr \/>\n<p style=\"text-align: justify;\">\n","protected":false},"excerpt":{"rendered":"<p>Porsche-Markenbotschafterin startet beim Grand-Slam-Turnier in New York Stuttgart.| Mit ihrer Entscheidung hat sich Angelique Kerber lange Zeit gelassen. Doch jetzt steht fest: Die Porsche-Markenbotschafterin spielt die US Open in New York. Am Sonntag steigt sie ins Flugzeug in die USA und beendet mit ihrem Start beim Grand-Slam-Turnier in Flushing Meadow (31. August bis 13. September) [&hellip;]<\/p>\n","protected":false},"author":4,"featured_media":139548,"comment_status":"closed","ping_status":"open","sticky":false,"template":"","format":"standard","meta":{"inline_featured_image":false,"_exactmetrics_skip_tracking":false,"_exactmetrics_sitenote_active":false,"_exactmetrics_sitenote_note":"","_exactmetrics_sitenote_category":0,"footnotes":""},"categories":[110],"tags":[14857,1344,5,10480,68,360,9,608,16762],"class_list":{"0":"post-139547","1":"post","2":"type-post","3":"status-publish","4":"format-standard","5":"has-post-thumbnail","7":"category-sport","8":"tag-die-webzeitung","9":"tag-grand-prix","10":"tag-internetzeitung","11":"tag-kerber","12":"tag-online-zeitung","13":"tag-porsche","14":"tag-schaumedia","15":"tag-tennis","16":"tag-us-open"},"image_feature":"https:\/\/die-webzeitung.de\/stuttgart\/wp-content\/uploads\/sites\/4\/2020\/08\/T20_0131.jpg","author_name":"Redaktion","pure_taxonomies":{"categories":[{"term_id":110,"name":"Sport","slug":"sport","term_group":0,"term_taxonomy_id":112,"taxonomy":"category","description":"Sportberichte","parent":0,"count":1043,"filter":"raw","image":""}],"tags":[{"term_id":14857,"name":"Die-Webzeitung","slug":"die-webzeitung","term_group":0,"term_taxonomy_id":14876,"taxonomy":"post_tag","description":"","parent":0,"count":3625,"filter":"raw","image":""},{"term_id":1344,"name":"Grand-Prix","slug":"grand-prix","term_group":0,"term_taxonomy_id":1353,"taxonomy":"post_tag","description":"","parent":0,"count":4,"filter":"raw","image":""},{"term_id":5,"name":"Internetzeitung","slug":"internetzeitung","term_group":0,"term_taxonomy_id":5,"taxonomy":"post_tag","description":"","parent":0,"count":1461,"filter":"raw","image":""},{"term_id":10480,"name":"Kerber","slug":"kerber","term_group":0,"term_taxonomy_id":10515,"taxonomy":"post_tag","description":"","parent":0,"count":1,"filter":"raw","image":""},{"term_id":68,"name":"Online-Zeitung","slug":"online-zeitung","term_group":0,"term_taxonomy_id":69,"taxonomy":"post_tag","description":"","parent":0,"count":3595,"filter":"raw","image":""},{"term_id":360,"name":"Porsche","slug":"porsche","term_group":0,"term_taxonomy_id":366,"taxonomy":"post_tag","description":"","parent":0,"count":31,"filter":"raw","image":""},{"term_id":9,"name":"SchauMedia","slug":"schaumedia","term_group":0,"term_taxonomy_id":9,"taxonomy":"post_tag","description":"","parent":0,"count":1607,"filter":"raw","image":""},{"term_id":608,"name":"Tennis","slug":"tennis","term_group":0,"term_taxonomy_id":616,"taxonomy":"post_tag","description":"","parent":0,"count":3,"filter":"raw","image":""},{"term_id":16762,"name":"US Open","slug":"us-open","term_group":0,"term_taxonomy_id":16781,"taxonomy":"post_tag","description":"","parent":0,"count":1,"filter":"raw","image":""}]},"_links":{"self":[{"href":"https:\/\/die-webzeitung.de\/stuttgart\/wp-json\/wp\/v2\/posts\/139547","targetHints":{"allow":["GET"]}}],"collection":[{"href":"https:\/\/die-webzeitung.de\/stuttgart\/wp-json\/wp\/v2\/posts"}],"about":[{"href":"https:\/\/die-webzeitung.de\/stuttgart\/wp-json\/wp\/v2\/types\/post"}],"author":[{"embeddable":true,"href":"https:\/\/die-webzeitung.de\/stuttgart\/wp-json\/wp\/v2\/users\/4"}],"replies":[{"embeddable":true,"href":"https:\/\/die-webzeitung.de\/stuttgart\/wp-json\/wp\/v2\/comments?post=139547"}],"version-history":[{"count":0,"href":"https:\/\/die-webzeitung.de\/stuttgart\/wp-json\/wp\/v2\/posts\/139547\/revisions"}],"wp:featuredmedia":[{"embeddable":true,"href":"https:\/\/die-webzeitung.de\/stuttgart\/wp-json\/wp\/v2\/media\/139548"}],"wp:attachment":[{"href":"https:\/\/die-webzeitung.de\/stuttgart\/wp-json\/wp\/v2\/media?parent=139547"}],"wp:term":[{"taxonomy":"category","embeddable":true,"href":"https:\/\/die-webzeitung.de\/stuttgart\/wp-json\/wp\/v2\/categories?post=139547"},{"taxonomy":"post_tag","embeddable":true,"href":"https:\/\/die-webzeitung.de\/stuttgart\/wp-json\/wp\/v2\/tags?post=139547"}],"curies":[{"name":"wp","href":"https:\/\/api.w.org\/{rel}","templated":true}]}}