{"id":139539,"date":"2020-08-21T13:31:09","date_gmt":"2020-08-21T12:31:09","guid":{"rendered":"https:\/\/die-webzeitung.de\/stuttgart\/2020\/08\/21\/svl-beim-restart-der-top-6-dabei\/"},"modified":"2020-08-21T13:31:09","modified_gmt":"2020-08-21T12:31:09","slug":"svl-beim-restart-der-top-6-dabei","status":"publish","type":"post","link":"https:\/\/die-webzeitung.de\/stuttgart\/2020\/08\/21\/svl-beim-restart-der-top-6-dabei\/","title":{"rendered":"SVL beim Restart der Top 6 dabei"},"content":{"rendered":"<h5 style=\"text-align: justify;\"><strong>Qualifikationsturnier zur Teilnahme am Halbfinale um die Deutsche Meisterschaft findet am Wochenende in Potsdam statt<\/strong><\/h5>\n<p style=\"text-align: justify;\">Ludwigsburg.| Exakt sechs Monate nach der letzten Partie in der Deutschen Wasserball Liga steigen die Schwarz-Gelben am Wochenende in Potsdam wieder ins Wasser. Eine turbulente Zeit nicht nur f\u00fcr die besten Wasserballer des SVLs nat\u00fcrlich, aber die Bedingungen waren f\u00fcr die Sportler schon ganz besondere.<\/p>\n<p style=\"text-align: justify;\">Mit dem Ausw\u00e4rtssieg in Neuk\u00f6lln kletterte man auf den sechsten Tabellenplatz und war topmotiviert vor den letzten Saisonspielen der Hauptrunde. F\u00fcr die Playoffs hatte man sich einiges vorgenommen und trainiert be reits fokussiert auf das Saisonziel direkter Klassenerhalt hin. Doch dann \u00e4ndert sich innerhalb weniger Tage alles.<\/p>\n<p style=\"text-align: justify;\">Die Olympia-Quali f\u00fcr die Nationalmannschaft um SVL-Center Timo van der Bosch wurde unmittelbar vor Ihrer Austragung im holl\u00e4ndischen Rotterdam abgesagt. Die letzten Saisonspiele waren zuerst verschoben und dann, nach dem gemeinschaftlichen Beschluss aller Bundesligisten zum Abbruch der der Saison 2019\/20, endg\u00fcltig abgesagt worden.<\/p>\n<p style=\"text-align: justify;\">In mehreren Videokonferenzen unter der \u00c4gide des Deutschen Schwimm-Verbands hatte man sich in der Folge wieder aufgerappelt und beschlossen, doch noch einen Meister 2020 zu k\u00fcren. Die sechs bestplatzierten Teams der abgeschlossenen Saison die Wasserfreunde Spandau 04, Waspo 98 Hannover, OSC Potsdam, ASC Duisburg, White Sharks Hannover und der SVL entschieden sich f\u00fcr die Teilnahme an den Deutschen Meisterschaften 2020.<\/p>\n<p style=\"text-align: justify;\">Zum Auftakt spielen nun die beiden Spitzenteams aus Berlin und Hannover in der n\u00e4chsten Woche in einer Partie die Setzlistenpl\u00e4tze 1 und 2 aus. W\u00e4hrend zuvor am Samstag und am Sonntag die Teams aus Potsdam, Duisburg und\u00a0Hannover mit den Ludwigsburger Wasserballern die Pl\u00e4tze 3-6 in einem Turnier mit sechs Spielen an beiden Tagen unter sich ausmachen.<\/p>\n<p style=\"text-align: justify;\">Den beiden Bestplatzierten des Turniers winkt ein Halbfinale gegen Berlin oder Hannover in der letzten Augustwoche, f\u00fcr die anderen beiden Mannschaften geht es Anfang September in maximal drei Spielen um Platz 5.<\/p>\n<p style=\"text-align: justify;\">Der Turnierplan sieht am Samstagvormittag f\u00fcr die Schwaben zum Auftakt gegen den ASC Duisburg direkt ein richtungsweisendes Spiel vor. Aber auch in den Partien gegen die Heimmannschaft aus Potsdam und den Dauerrivalen der White-Sharks Hannover erwartet man einen spannenden Verlauf.<\/p>\n<p style=\"text-align: justify;\">Die Mannschaft um das neue Trainerteam Marko Martinic und Aleksa Manic sieht sich auf einem guten Weg zur\u00fcck zu alter St\u00e4rke, wenngleich diese in der K\u00fcrze der Vorbereitungszeit auf dieses Turnier und mit Blick auf den angedachten Start der Saison 2020\/21 Ende Oktober noch nicht erreicht sein kann.<\/p>\n<p style=\"text-align: justify;\">Wenig ver\u00e4ndert zeigt sich der Kader der Barockst\u00e4dter, zu dem mit Matteo Ruggeri ein technisch starker Linksh\u00e4nder dazugesto\u00dfen ist. Nicht mehr f\u00fcr die Schwarz-Gelben die Kappe aufziehen wird Philipp Kotowski, den es aus privaten Gr\u00fcnden wieder in die alte Heimat zog. Maksim Osyka erwarten man im September wieder zur\u00fcck in Ludwigsburg und eventuell soll noch der\u00a0ein oder andere Nachwuchsspieler im Laufe der Sommerrunde sein Deb\u00fct f\u00fcr den SVL geben.<\/p>\n<p style=\"text-align: justify;\">Es wird daher am Wochenende noch ein wenig improvisiert werden, was aber f\u00fcr Teammanager Adrijan Jakovcev kein Problem darstellt: \u201eWir sind in einer sehr fr\u00fchen Phase der Saison und wollen die Chance nutzen uns als Mannschaft unter Wettkampfbedingungen weiter zu finden. F\u00fcr die Jungs war es einfach wichtig, nach dieser langen Pause wieder starten zu d\u00fcrfen. Der DSV hat mit einem umfangreichen Hygienekonzept alles getan, um unter den aktuellen Gegebenheiten sicher Sport treiben zu k\u00f6nnen. Jetzt freuen wir uns, dass es wieder losgeht.\u201c<\/p>\n<p style=\"text-align: justify;\">Neben verschiedenen Vorgaben f\u00fcr den Trainings- und Spielbetrieb, setzt der Verband auf regelm\u00e4\u00dfige Tests aller Aktiven vor den Spielen, wie dies zuvor bereits die Fu\u00dfballer und Basketballer getan haben.<\/p>\n<hr \/>\n<p style=\"text-align: justify;\">\n","protected":false},"excerpt":{"rendered":"<p>Qualifikationsturnier zur Teilnahme am Halbfinale um die Deutsche Meisterschaft findet am Wochenende in Potsdam statt Ludwigsburg.| Exakt sechs Monate nach der letzten Partie in der Deutschen Wasserball Liga steigen die Schwarz-Gelben am Wochenende in Potsdam wieder ins Wasser. Eine turbulente Zeit nicht nur f\u00fcr die besten Wasserballer des SVLs nat\u00fcrlich, aber die Bedingungen waren f\u00fcr [&hellip;]<\/p>\n","protected":false},"author":4,"featured_media":0,"comment_status":"closed","ping_status":"open","sticky":false,"template":"","format":"standard","meta":{"inline_featured_image":false,"_exactmetrics_skip_tracking":false,"_exactmetrics_sitenote_active":false,"_exactmetrics_sitenote_note":"","_exactmetrics_sitenote_category":0,"footnotes":""},"categories":[110],"tags":[131,14857,5,9,15012,14387,14388,14027],"class_list":{"0":"post-139539","1":"post","2":"type-post","3":"status-publish","4":"format-standard","6":"category-sport","7":"tag-bundesliga","8":"tag-die-webzeitung","9":"tag-internetzeitung","10":"tag-schaumedia","11":"tag-schwimmen","12":"tag-schwimmverein","13":"tag-svl","14":"tag-wasserball"},"image_feature":null,"author_name":"Redaktion","pure_taxonomies":{"categories":[{"term_id":110,"name":"Sport","slug":"sport","term_group":0,"term_taxonomy_id":112,"taxonomy":"category","description":"Sportberichte","parent":0,"count":1043,"filter":"raw","image":""}],"tags":[{"term_id":131,"name":"Bundesliga","slug":"bundesliga","term_group":0,"term_taxonomy_id":133,"taxonomy":"post_tag","description":"","parent":0,"count":699,"filter":"raw","image":""},{"term_id":14857,"name":"Die-Webzeitung","slug":"die-webzeitung","term_group":0,"term_taxonomy_id":14876,"taxonomy":"post_tag","description":"","parent":0,"count":3625,"filter":"raw","image":""},{"term_id":5,"name":"Internetzeitung","slug":"internetzeitung","term_group":0,"term_taxonomy_id":5,"taxonomy":"post_tag","description":"","parent":0,"count":1461,"filter":"raw","image":""},{"term_id":9,"name":"SchauMedia","slug":"schaumedia","term_group":0,"term_taxonomy_id":9,"taxonomy":"post_tag","description":"","parent":0,"count":1607,"filter":"raw","image":""},{"term_id":15012,"name":"schwimmen","slug":"schwimmen","term_group":0,"term_taxonomy_id":15031,"taxonomy":"post_tag","description":"","parent":0,"count":149,"filter":"raw","image":""},{"term_id":14387,"name":"Schwimmverein","slug":"schwimmverein","term_group":0,"term_taxonomy_id":14421,"taxonomy":"post_tag","description":"","parent":0,"count":152,"filter":"raw","image":""},{"term_id":14388,"name":"SVL","slug":"svl","term_group":0,"term_taxonomy_id":14422,"taxonomy":"post_tag","description":"","parent":0,"count":151,"filter":"raw","image":""},{"term_id":14027,"name":"Wasserball","slug":"wasserball","term_group":0,"term_taxonomy_id":14069,"taxonomy":"post_tag","description":"","parent":0,"count":132,"filter":"raw","image":""}]},"_links":{"self":[{"href":"https:\/\/die-webzeitung.de\/stuttgart\/wp-json\/wp\/v2\/posts\/139539","targetHints":{"allow":["GET"]}}],"collection":[{"href":"https:\/\/die-webzeitung.de\/stuttgart\/wp-json\/wp\/v2\/posts"}],"about":[{"href":"https:\/\/die-webzeitung.de\/stuttgart\/wp-json\/wp\/v2\/types\/post"}],"author":[{"embeddable":true,"href":"https:\/\/die-webzeitung.de\/stuttgart\/wp-json\/wp\/v2\/users\/4"}],"replies":[{"embeddable":true,"href":"https:\/\/die-webzeitung.de\/stuttgart\/wp-json\/wp\/v2\/comments?post=139539"}],"version-history":[{"count":0,"href":"https:\/\/die-webzeitung.de\/stuttgart\/wp-json\/wp\/v2\/posts\/139539\/revisions"}],"wp:attachment":[{"href":"https:\/\/die-webzeitung.de\/stuttgart\/wp-json\/wp\/v2\/media?parent=139539"}],"wp:term":[{"taxonomy":"category","embeddable":true,"href":"https:\/\/die-webzeitung.de\/stuttgart\/wp-json\/wp\/v2\/categories?post=139539"},{"taxonomy":"post_tag","embeddable":true,"href":"https:\/\/die-webzeitung.de\/stuttgart\/wp-json\/wp\/v2\/tags?post=139539"}],"curies":[{"name":"wp","href":"https:\/\/api.w.org\/{rel}","templated":true}]}}