{"id":139518,"date":"2020-08-19T12:24:53","date_gmt":"2020-08-19T11:24:53","guid":{"rendered":"https:\/\/die-webzeitung.de\/stuttgart\/?p=139518"},"modified":"2020-08-19T12:24:53","modified_gmt":"2020-08-19T11:24:53","slug":"brunch-global-der-interkulturelle-fruehstueckstreff","status":"publish","type":"post","link":"https:\/\/die-webzeitung.de\/stuttgart\/2020\/08\/19\/brunch-global-der-interkulturelle-fruehstueckstreff\/","title":{"rendered":"BRUNCH GLOBAL \u2013 der interkulturelle Fr\u00fchst\u00fcckstreff"},"content":{"rendered":"<h5 style=\"text-align: justify;\"><strong>Kulinarisch, k\u00fcnstlerisch, kulturell<\/strong><\/h5>\n<p style=\"text-align: justify;\">Stuttgart.| Am <strong>Sonntag, den 11. Oktober 2020 von 11 bis 15 Uhr<\/strong> sind all diejenigen zum beliebten interkulturellen Fr\u00fchst\u00fcckstreff Brunch global eingeladen, die Interesse daran haben, sich auszutauschen und das interkulturelle Leben in Stuttgart mitzugestalten und zu genie\u00dfen. Der Brunch ist eine Veranstaltung des Forums der Kulturen Stuttgart e. V., das Essen und das kulturelle Rahmenprogramm werden von Migrantenorganisationen und migrantischen K\u00fcnstler*innen angeboten.<\/p>\n<p style=\"text-align: justify;\">Stuttgart, eine Stadt mit Menschen verschiedenster Herkunft, deren Wurzeln in \u00fcber 170 L\u00e4nder zur\u00fcckreichen, braucht eine interkulturell interessierte und aktive B\u00fcrger*innengesellschaft, die neue Impulse f\u00fcr das zuk\u00fcnftige Zusammenleben entwickelt. Der Brunch global will hierf\u00fcr ein Forum sowie eine Plattform f\u00fcr den Austausch bieten. Und das auf besonders vielf\u00e4ltige Weise:<\/p>\n<p style=\"text-align: justify;\">Gebruncht wird dieses Mal mit Spezialit\u00e4ten aus dem Balkan sowie aus L\u00e4ndern des Nahen Ostens \u2013 zubereitet vom Thrakischen Kulturverein in Stuttgart e. V. sowie vom M\u00e4nner- und Familiencaf\u00e9 Heslach.<\/p>\n<p style=\"text-align: justify;\">Umrahmt wird der Brunch von einem bunten und abwechslungsreichen B\u00fchnenprogramm, das mit kulturellen Beitr\u00e4gen vom Thrakischen Verein in Stuttgart e. V. sowie vom Chor SinoPhonia Stuttgart e. V. gestaltet wird, organisiert \u00fcber das Forum der Kulturen. Besonders freuen darf man sich zudem auf den Auftritt des Stuttgarter Musikers Murat Erduhan.<\/p>\n<p style=\"text-align: justify;\">Veranstaltungsinfos zum Brunch global auf einen Blick:<br \/>\nTermin: Sonntag, 11. Oktober 2020, 11\u201315 Uhr<br \/>\nVeranstaltungsort: B\u00fcrgerzentrum West, Bebelstra\u00dfe 22, S-West<br \/>\nEintritt (inkl. Kulturprogramm, Essen, Kaffee und Tee)<br \/>\n13 \u20ac \/ 8 \u20ac erm\u00e4\u00dfigt*<br \/>\nKostenlos f\u00fcr Kinder bis 7 Jahre<br \/>\n(* f\u00fcr Sch\u00fcler*innen, Studierende, Schwerbehinderte, Rentner*innen, Mitglieder des Freundeskreises des Forums der Kulturen Stuttgart e. V.)<\/p>\n<hr \/>\n<p style=\"text-align: justify;\">\n","protected":false},"excerpt":{"rendered":"<p>Kulinarisch, k\u00fcnstlerisch, kulturell Stuttgart.| Am Sonntag, den 11. Oktober 2020 von 11 bis 15 Uhr sind all diejenigen zum beliebten interkulturellen Fr\u00fchst\u00fcckstreff Brunch global eingeladen, die Interesse daran haben, sich auszutauschen und das interkulturelle Leben in Stuttgart mitzugestalten und zu genie\u00dfen. Der Brunch ist eine Veranstaltung des Forums der Kulturen Stuttgart e. V., das Essen [&hellip;]<\/p>\n","protected":false},"author":4,"featured_media":139519,"comment_status":"closed","ping_status":"open","sticky":false,"template":"","format":"standard","meta":{"inline_featured_image":false,"_exactmetrics_skip_tracking":false,"_exactmetrics_sitenote_active":false,"_exactmetrics_sitenote_note":"","_exactmetrics_sitenote_category":0,"footnotes":""},"categories":[59,2239],"tags":[9084,14857,9431,5,9083,68,9,275],"class_list":{"0":"post-139518","1":"post","2":"type-post","3":"status-publish","4":"format-standard","5":"has-post-thumbnail","7":"category-aktuell","8":"category-stuttgart-lokal","9":"tag-brunch","10":"tag-die-webzeitung","11":"tag-forum","12":"tag-internetzeitung","13":"tag-kulturen","14":"tag-online-zeitung","15":"tag-schaumedia","16":"tag-stuttgart"},"image_feature":"https:\/\/die-webzeitung.de\/stuttgart\/wp-content\/uploads\/sites\/4\/2020\/08\/2020_10_11_Brunch_global_2.jpg","author_name":"Redaktion","pure_taxonomies":{"categories":[{"term_id":59,"name":"Aktuell","slug":"aktuell","term_group":0,"term_taxonomy_id":60,"taxonomy":"category","description":"","parent":0,"count":1017,"filter":"raw","image":""},{"term_id":2239,"name":"Stuttgart","slug":"stuttgart-lokal","term_group":0,"term_taxonomy_id":2252,"taxonomy":"category","description":"Berichte und Informationen aus Stuttgart","parent":1433,"count":942,"filter":"raw","image":""}],"tags":[{"term_id":9084,"name":"Brunch","slug":"brunch","term_group":0,"term_taxonomy_id":9109,"taxonomy":"post_tag","description":"","parent":0,"count":1,"filter":"raw","image":""},{"term_id":14857,"name":"Die-Webzeitung","slug":"die-webzeitung","term_group":0,"term_taxonomy_id":14876,"taxonomy":"post_tag","description":"","parent":0,"count":3625,"filter":"raw","image":""},{"term_id":9431,"name":"Forum","slug":"forum","term_group":0,"term_taxonomy_id":9460,"taxonomy":"post_tag","description":"","parent":0,"count":4,"filter":"raw","image":""},{"term_id":5,"name":"Internetzeitung","slug":"internetzeitung","term_group":0,"term_taxonomy_id":5,"taxonomy":"post_tag","description":"","parent":0,"count":1461,"filter":"raw","image":""},{"term_id":9083,"name":"Kulturen","slug":"kulturen","term_group":0,"term_taxonomy_id":9108,"taxonomy":"post_tag","description":"","parent":0,"count":4,"filter":"raw","image":""},{"term_id":68,"name":"Online-Zeitung","slug":"online-zeitung","term_group":0,"term_taxonomy_id":69,"taxonomy":"post_tag","description":"","parent":0,"count":3595,"filter":"raw","image":""},{"term_id":9,"name":"SchauMedia","slug":"schaumedia","term_group":0,"term_taxonomy_id":9,"taxonomy":"post_tag","description":"","parent":0,"count":1607,"filter":"raw","image":""},{"term_id":275,"name":"Stuttgart","slug":"stuttgart","term_group":0,"term_taxonomy_id":281,"taxonomy":"post_tag","description":"","parent":0,"count":1195,"filter":"raw","image":""}]},"_links":{"self":[{"href":"https:\/\/die-webzeitung.de\/stuttgart\/wp-json\/wp\/v2\/posts\/139518","targetHints":{"allow":["GET"]}}],"collection":[{"href":"https:\/\/die-webzeitung.de\/stuttgart\/wp-json\/wp\/v2\/posts"}],"about":[{"href":"https:\/\/die-webzeitung.de\/stuttgart\/wp-json\/wp\/v2\/types\/post"}],"author":[{"embeddable":true,"href":"https:\/\/die-webzeitung.de\/stuttgart\/wp-json\/wp\/v2\/users\/4"}],"replies":[{"embeddable":true,"href":"https:\/\/die-webzeitung.de\/stuttgart\/wp-json\/wp\/v2\/comments?post=139518"}],"version-history":[{"count":1,"href":"https:\/\/die-webzeitung.de\/stuttgart\/wp-json\/wp\/v2\/posts\/139518\/revisions"}],"predecessor-version":[{"id":139520,"href":"https:\/\/die-webzeitung.de\/stuttgart\/wp-json\/wp\/v2\/posts\/139518\/revisions\/139520"}],"wp:featuredmedia":[{"embeddable":true,"href":"https:\/\/die-webzeitung.de\/stuttgart\/wp-json\/wp\/v2\/media\/139519"}],"wp:attachment":[{"href":"https:\/\/die-webzeitung.de\/stuttgart\/wp-json\/wp\/v2\/media?parent=139518"}],"wp:term":[{"taxonomy":"category","embeddable":true,"href":"https:\/\/die-webzeitung.de\/stuttgart\/wp-json\/wp\/v2\/categories?post=139518"},{"taxonomy":"post_tag","embeddable":true,"href":"https:\/\/die-webzeitung.de\/stuttgart\/wp-json\/wp\/v2\/tags?post=139518"}],"curies":[{"name":"wp","href":"https:\/\/api.w.org\/{rel}","templated":true}]}}