{"id":139461,"date":"2020-08-13T17:45:16","date_gmt":"2020-08-13T16:45:16","guid":{"rendered":"https:\/\/die-webzeitung.de\/stuttgart\/?p=139461"},"modified":"2020-08-13T17:45:16","modified_gmt":"2020-08-13T16:45:16","slug":"geldsegen-fuer-projekte-im-landkreis","status":"publish","type":"post","link":"https:\/\/die-webzeitung.de\/stuttgart\/2020\/08\/13\/geldsegen-fuer-projekte-im-landkreis\/","title":{"rendered":"Geldsegen f\u00fcr Projekte im Landkreis"},"content":{"rendered":"<h5 style=\"text-align: justify;\"><strong>Kreissparkasse verdoppelt am 7. September erneut Spenden auf <\/strong><strong>www.gut-fuer-den-landkreis-esslingen.de<\/strong><\/h5>\n<p style=\"text-align: justify;\">Esslingen.| Wohlt\u00e4tigkeit ist ein Eckpfeiler des menschlichen Zusammenlebens. Gerade in Krisenzeiten sind Menschen auf die Hilfe anderer angewiesen; schon eine kleine Tat kann viel bewirken. Aus Anlass des Internationalen Tags der Wohlt\u00e4tigkeit startet die Kreissparkasse Esslingen-N\u00fcrtingen am 7. September eine erneute Spenden-Verdoppelungsaktion. Ab 10 Uhr verdoppelt sie jede Spende bis 100 Euro auf der Spendenplattform gut-fuer-den-landkreis-esslingen.de. Daf\u00fcr stellt das Kreditinstitut 15.000 Euro zur Verf\u00fcgung.<\/p>\n<p style=\"text-align: justify;\">Auf <a href=\"http:\/\/www.gut-fuer-den-landkreis-esslingen.de\" target=\"_blank\" rel=\"noopener noreferrer\">gut-fuer-den-landkreis-esslingen.de<\/a> k\u00f6nnen interessierte Spender ihren Favoriten aus \u00fcber 470 Projekten im Landkreis Esslingen ausw\u00e4hlen. Alles Weitere geht denkbar einfach: H\u00f6he der Spende festlegen, Zahlungsdaten eintragen und abschicken.<\/p>\n<p style=\"text-align: justify;\">Die Kreissparkasse honoriert die Spendenfreudigkeit der Menschen und hat bisher \u00fcber eine Viertelmillion Euro daf\u00fcr eingesetzt. \u201eWohlt\u00e4tige Organisationen sind heute mehr denn je auf Spenden angewiesen. Mit unseren Verdoppelungsaktionen wollen wir diese Organisationen im Landkreis unterst\u00fctzen\u201c, sagt Burkhard Wittmacher, Vorstandsvorsitzender der Kreissparkasse. betterplace.org, Deutschlands gr\u00f6\u00dfte Online-Spendenplattform, ist Partner bei der St\u00e4rkung des Engagements.<\/p>\n<p style=\"text-align: justify;\">Soziale Projekte im Landkreis Esslingen, die sich bisher nicht auf der Spendenplattform registriert haben, k\u00f6nnen dies unter <a href=\"http:\/\/www.gut-fuer-den-landkreis-esslingen.de\" target=\"_blank\" rel=\"noopener noreferrer\">gut-fuer-den-landkreis-esslingen.de<\/a> tun und so an der Aktion am 7. September teilnehmen. Unterst\u00fctzung bei der Registrierung gibt es unter <a href=\"mailto:support@betterplace.org\" target=\"_blank\" rel=\"noopener noreferrer\">support@betterplace.org<\/a>. Die Nutzung der Spendenplattform ist kostenlos; die Kreissparkasse \u00fcbernimmt alle anfallenden Kosten.<\/p>\n<p style=\"text-align: justify;\">Mutter Teresa w\u00fcrde das freuen. Ihr zu Ehren hatten 2012 die Vereinten Nationen ihren Todestag, den 5. September, zum Internationalen Tag der Wohlt\u00e4tigkeit erkl\u00e4rt.er Wohlt\u00e4tig<\/p>\n<hr \/>\n<p style=\"text-align: justify;\">\n","protected":false},"excerpt":{"rendered":"<p>Kreissparkasse verdoppelt am 7. September erneut Spenden auf www.gut-fuer-den-landkreis-esslingen.de Esslingen.| Wohlt\u00e4tigkeit ist ein Eckpfeiler des menschlichen Zusammenlebens. Gerade in Krisenzeiten sind Menschen auf die Hilfe anderer angewiesen; schon eine kleine Tat kann viel bewirken. Aus Anlass des Internationalen Tags der Wohlt\u00e4tigkeit startet die Kreissparkasse Esslingen-N\u00fcrtingen am 7. September eine erneute Spenden-Verdoppelungsaktion. Ab 10 Uhr verdoppelt [&hellip;]<\/p>\n","protected":false},"author":4,"featured_media":0,"comment_status":"closed","ping_status":"open","sticky":false,"template":"","format":"standard","meta":{"inline_featured_image":false,"_exactmetrics_skip_tracking":false,"_exactmetrics_sitenote_active":false,"_exactmetrics_sitenote_note":"","_exactmetrics_sitenote_category":0,"footnotes":""},"categories":[2247],"tags":[14857,5,68,9],"class_list":{"0":"post-139461","1":"post","2":"type-post","3":"status-publish","4":"format-standard","6":"category-kreis-esslingen","7":"tag-die-webzeitung","8":"tag-internetzeitung","9":"tag-online-zeitung","10":"tag-schaumedia"},"image_feature":null,"author_name":"Redaktion","pure_taxonomies":{"categories":[{"term_id":2247,"name":"Kreis Esslingen","slug":"kreis-esslingen","term_group":0,"term_taxonomy_id":2260,"taxonomy":"category","description":"Informationen aus dem Landkreis Esslingen","parent":171,"count":214,"filter":"raw","image":""}],"tags":[{"term_id":14857,"name":"Die-Webzeitung","slug":"die-webzeitung","term_group":0,"term_taxonomy_id":14876,"taxonomy":"post_tag","description":"","parent":0,"count":3625,"filter":"raw","image":""},{"term_id":5,"name":"Internetzeitung","slug":"internetzeitung","term_group":0,"term_taxonomy_id":5,"taxonomy":"post_tag","description":"","parent":0,"count":1461,"filter":"raw","image":""},{"term_id":68,"name":"Online-Zeitung","slug":"online-zeitung","term_group":0,"term_taxonomy_id":69,"taxonomy":"post_tag","description":"","parent":0,"count":3595,"filter":"raw","image":""},{"term_id":9,"name":"SchauMedia","slug":"schaumedia","term_group":0,"term_taxonomy_id":9,"taxonomy":"post_tag","description":"","parent":0,"count":1607,"filter":"raw","image":""}]},"_links":{"self":[{"href":"https:\/\/die-webzeitung.de\/stuttgart\/wp-json\/wp\/v2\/posts\/139461","targetHints":{"allow":["GET"]}}],"collection":[{"href":"https:\/\/die-webzeitung.de\/stuttgart\/wp-json\/wp\/v2\/posts"}],"about":[{"href":"https:\/\/die-webzeitung.de\/stuttgart\/wp-json\/wp\/v2\/types\/post"}],"author":[{"embeddable":true,"href":"https:\/\/die-webzeitung.de\/stuttgart\/wp-json\/wp\/v2\/users\/4"}],"replies":[{"embeddable":true,"href":"https:\/\/die-webzeitung.de\/stuttgart\/wp-json\/wp\/v2\/comments?post=139461"}],"version-history":[{"count":1,"href":"https:\/\/die-webzeitung.de\/stuttgart\/wp-json\/wp\/v2\/posts\/139461\/revisions"}],"predecessor-version":[{"id":139462,"href":"https:\/\/die-webzeitung.de\/stuttgart\/wp-json\/wp\/v2\/posts\/139461\/revisions\/139462"}],"wp:attachment":[{"href":"https:\/\/die-webzeitung.de\/stuttgart\/wp-json\/wp\/v2\/media?parent=139461"}],"wp:term":[{"taxonomy":"category","embeddable":true,"href":"https:\/\/die-webzeitung.de\/stuttgart\/wp-json\/wp\/v2\/categories?post=139461"},{"taxonomy":"post_tag","embeddable":true,"href":"https:\/\/die-webzeitung.de\/stuttgart\/wp-json\/wp\/v2\/tags?post=139461"}],"curies":[{"name":"wp","href":"https:\/\/api.w.org\/{rel}","templated":true}]}}