{"id":139398,"date":"2020-07-13T18:41:29","date_gmt":"2020-07-13T17:41:29","guid":{"rendered":"https:\/\/die-webzeitung.de\/stuttgart\/2020\/07\/13\/die-mannschaft-trifft-auf-tuerkei-und-tschechische-republik\/"},"modified":"2020-07-13T18:41:29","modified_gmt":"2020-07-13T17:41:29","slug":"die-mannschaft-trifft-auf-tuerkei-und-tschechische-republik","status":"publish","type":"post","link":"https:\/\/die-webzeitung.de\/stuttgart\/2020\/07\/13\/die-mannschaft-trifft-auf-tuerkei-und-tschechische-republik\/","title":{"rendered":"Die Mannschaft trifft auf T\u00fcrkei und Tschechische Republik"},"content":{"rendered":"<p style=\"text-align: justify;\">Der Spielplan der Nationalmannschaft f\u00fcr das Kalenderjahr 2020 ist komplett. Der Deutsche Fu\u00dfball Bund (DFB) hat sich mit den Nationalverb\u00e4nden der T\u00fcrkei und der Tschechischen Republik auf die Durchf\u00fchrung von L\u00e4nderspielen verst\u00e4ndigt. Deutschland trifft demnach am 7. Oktober in K\u00f6ln auf die T\u00fcrkei und am 11. November in Leipzig auf die Tschechische Republik. Beide Partien sind in die jeweilige offizielle Abstellungsperiode der UEFA integriert.<\/p>\n<p style=\"text-align: justify;\">Bundestrainer Joachim L\u00f6w sagt: \u201cWir m\u00f6chten die L\u00e4nderspiele im Herbst nutzen, damit sich unsere junge Mannschaft weiter einspielen kann. Mit Blick auf die Europameisterschaft im n\u00e4chsten Jahr wollen wir als Team weiter zusammenwachsen. Die T\u00fcrkei und die Tschechische Republik sind sportlich sehr interessante Gegner. Neben den Begegnungen in der Nations League werden uns auch diese beiden L\u00e4nderspiele weitere wichtige Erkenntnisse f\u00fcr die Entwicklung der Mannschaft bringen. Ich freue mich sehr auf die Spiele und hoffe nat\u00fcrlich, dass wir schon im Herbst wieder vor Publikum spielen k\u00f6nnen.\u201d<\/p>\n<p style=\"text-align: justify;\">Bereits am vergangenen Freitag hatte der DFB mit Stuttgart, K\u00f6ln und Leipzig die Austragungsorte der Heimspiele in der zweiten Jahresh\u00e4lfte 2020 bekanntgegeben. In K\u00f6ln und Leipzig finden in der jeweiligen L\u00e4nderspiel-Phase jeweils zwei Heimspiele hintereinander statt, unn\u00f6tige Reisestrapazen f\u00fcr die Mannschaft werden damit vermieden.<\/p>\n<p style=\"text-align: justify;\"><strong>Der vorl\u00e4ufige Spielplan der Nationalmannschaft in der zweiten Jahresh\u00e4lfte 2020:<\/strong><\/p>\n<p style=\"text-align: justify;\">3. September 2020, 20.45 Uhr: UEFA Nations League, Deutschland gegen Spanien (in Stuttgart)<br \/>\n6. September 2020, 20.45 Uhr: UEFA Nations League, Schweiz gegen Deutschland (in Basel)<br \/>\n7. Oktober 2020, Uhrzeit noch offen: L\u00e4nderspiel, Deutschland gegen T\u00fcrkei (in K\u00f6ln)<br \/>\n10. Oktober 2020, 20.45 Uhr: UEFA Nations League, Ukraine gegen Deutschland<br \/>\n13. Oktober 2020, 20.45 Uhr: UEFA Nations League, Deutschland gegen Schweiz (in K\u00f6ln)<br \/>\n11. November 2020, Uhrzeit noch offen: L\u00e4nderspiel, Deutschland gegen Tschechische Republik (in Leipzig)<br \/>\n14. November 2020, 20.45 Uhr: UEFA Nations League, Deutschland gegen Ukraine (in Leipzig)<br \/>\n17. November 2020, 20.45 Uhr: UEFA Nations League, Spanien gegen Deutschland<\/p>\n<hr \/>\n<p style=\"text-align: justify;\">\n","protected":false},"excerpt":{"rendered":"<p>Der Spielplan der Nationalmannschaft f\u00fcr das Kalenderjahr 2020 ist komplett. Der Deutsche Fu\u00dfball Bund (DFB) hat sich mit den Nationalverb\u00e4nden der T\u00fcrkei und der Tschechischen Republik auf die Durchf\u00fchrung von L\u00e4nderspielen verst\u00e4ndigt. Deutschland trifft demnach am 7. Oktober in K\u00f6ln auf die T\u00fcrkei und am 11. November in Leipzig auf die Tschechische Republik. Beide Partien [&hellip;]<\/p>\n","protected":false},"author":4,"featured_media":0,"comment_status":"closed","ping_status":"open","sticky":false,"template":"","format":"standard","meta":{"inline_featured_image":false,"_exactmetrics_skip_tracking":false,"_exactmetrics_sitenote_active":false,"_exactmetrics_sitenote_note":"","_exactmetrics_sitenote_category":0,"footnotes":""},"categories":[110],"tags":[14857,129,5,16743,10051,68,9974],"class_list":{"0":"post-139398","1":"post","2":"type-post","3":"status-publish","4":"format-standard","6":"category-sport","7":"tag-die-webzeitung","8":"tag-fusball","9":"tag-internetzeitung","10":"tag-laenderspiele","11":"tag-nationalmannschaft","12":"tag-online-zeitung","13":"tag-uefa"},"image_feature":null,"author_name":"Redaktion","pure_taxonomies":{"categories":[{"term_id":110,"name":"Sport","slug":"sport","term_group":0,"term_taxonomy_id":112,"taxonomy":"category","description":"Sportberichte","parent":0,"count":1043,"filter":"raw","image":""}],"tags":[{"term_id":14857,"name":"Die-Webzeitung","slug":"die-webzeitung","term_group":0,"term_taxonomy_id":14876,"taxonomy":"post_tag","description":"","parent":0,"count":3625,"filter":"raw","image":""},{"term_id":129,"name":"Fu\u00dfball","slug":"fusball","term_group":0,"term_taxonomy_id":131,"taxonomy":"post_tag","description":"","parent":0,"count":171,"filter":"raw","image":""},{"term_id":5,"name":"Internetzeitung","slug":"internetzeitung","term_group":0,"term_taxonomy_id":5,"taxonomy":"post_tag","description":"","parent":0,"count":1461,"filter":"raw","image":""},{"term_id":16743,"name":"L\u00e4nderspiele","slug":"laenderspiele","term_group":0,"term_taxonomy_id":16762,"taxonomy":"post_tag","description":"","parent":0,"count":1,"filter":"raw","image":""},{"term_id":10051,"name":"Nationalmannschaft","slug":"nationalmannschaft","term_group":0,"term_taxonomy_id":10082,"taxonomy":"post_tag","description":"","parent":0,"count":29,"filter":"raw","image":""},{"term_id":68,"name":"Online-Zeitung","slug":"online-zeitung","term_group":0,"term_taxonomy_id":69,"taxonomy":"post_tag","description":"","parent":0,"count":3595,"filter":"raw","image":""},{"term_id":9974,"name":"UEFA","slug":"uefa","term_group":0,"term_taxonomy_id":10005,"taxonomy":"post_tag","description":"","parent":0,"count":7,"filter":"raw","image":""}]},"_links":{"self":[{"href":"https:\/\/die-webzeitung.de\/stuttgart\/wp-json\/wp\/v2\/posts\/139398","targetHints":{"allow":["GET"]}}],"collection":[{"href":"https:\/\/die-webzeitung.de\/stuttgart\/wp-json\/wp\/v2\/posts"}],"about":[{"href":"https:\/\/die-webzeitung.de\/stuttgart\/wp-json\/wp\/v2\/types\/post"}],"author":[{"embeddable":true,"href":"https:\/\/die-webzeitung.de\/stuttgart\/wp-json\/wp\/v2\/users\/4"}],"replies":[{"embeddable":true,"href":"https:\/\/die-webzeitung.de\/stuttgart\/wp-json\/wp\/v2\/comments?post=139398"}],"version-history":[{"count":0,"href":"https:\/\/die-webzeitung.de\/stuttgart\/wp-json\/wp\/v2\/posts\/139398\/revisions"}],"wp:attachment":[{"href":"https:\/\/die-webzeitung.de\/stuttgart\/wp-json\/wp\/v2\/media?parent=139398"}],"wp:term":[{"taxonomy":"category","embeddable":true,"href":"https:\/\/die-webzeitung.de\/stuttgart\/wp-json\/wp\/v2\/categories?post=139398"},{"taxonomy":"post_tag","embeddable":true,"href":"https:\/\/die-webzeitung.de\/stuttgart\/wp-json\/wp\/v2\/tags?post=139398"}],"curies":[{"name":"wp","href":"https:\/\/api.w.org\/{rel}","templated":true}]}}