{"id":139386,"date":"2020-07-12T14:42:50","date_gmt":"2020-07-12T13:42:50","guid":{"rendered":"https:\/\/die-webzeitung.de\/stuttgart\/?p=139386"},"modified":"2020-07-12T18:04:32","modified_gmt":"2020-07-12T17:04:32","slug":"angriffe-auf-polizeibeamte-und-ladengeschaefte-in-der-innenstadt-3","status":"publish","type":"post","link":"https:\/\/die-webzeitung.de\/stuttgart\/2020\/07\/12\/angriffe-auf-polizeibeamte-und-ladengeschaefte-in-der-innenstadt-3\/","title":{"rendered":"Angriffe auf Polizeibeamte und Ladengesch\u00e4fte in der Innenstadt"},"content":{"rendered":"<h5 style=\"text-align: justify;\"><strong>Hintergr\u00fcnde zu den Ermittlungen der Tatverd\u00e4chtigen<\/strong><\/h5>\n<p>Stuttgart.| Nach den Ausschreitungen in der Stuttgarter Innenstadt am Wochenende vom 20.06.2020 und 21.06.2020 hat die Kriminalpolizei im Zuge ihrer Ermittlungen derzeit 39 Tatverd\u00e4chtige identifiziert. Die hierf\u00fcr eingerichtete Ermittlungsgruppe Eckensee erwirkte auf Antrag der Staatsanwaltschaft Stuttgart gegen 20 Verd\u00e4chtige einen Haftbefehl, davon 14 in Vollzug.<\/p>\n<p style=\"text-align: justify;\">Die Kriminalbeamten ermitteln auch weiterhin auf Hochtouren. Dies betrifft zum einen die Identifizierung weiterer T\u00e4ter, zum anderen auch die umfassende Feststellung der Lebens- und Familienverh\u00e4ltnisse der bereits bekannten Tatverd\u00e4chtigen. Deshalb wird in einzelnen F\u00e4llen die Nationalit\u00e4t der Eltern, und nur der Eltern, von Tatverd\u00e4chtigen durch Anfragen beim Standesamt erhoben, um zu kl\u00e4ren, ob ein Migrationshintergrund gegeben ist. Dieser liegt nach dem Statistischen Bundesamt dann vor, wenn es sich bei einem Elternteil um einen Nichtdeutschen handelt beziehungsweise wenn der Verd\u00e4chtige selbst mit einer nichtdeutschen Staatsangeh\u00f6rigkeit geboren wurde. Diese Ermittlungshandlung wird in der aktuellen Mediendarstellung als &#8220;Stammbaumforschung&#8221; wiedergegeben. Dies ist nicht korrekt.<\/p>\n<p style=\"text-align: justify;\">Wie bereits am Donnerstagabend (09.07.2020) Polizeipr\u00e4sident Franz Lutz in einer Stuttgarter Gemeinderatssitzung erl\u00e4utert hatte, bedarf es f\u00fcr eine strafrechtliche Aufarbeitung und eine m\u00f6gliche sp\u00e4tere justizielle Sanktionierung die Einbeziehung aller pers\u00f6nlichen Umst\u00e4nde der Tatverd\u00e4chtigen. Weiter handelt es sich bei dem \u00fcberwiegenden Anteil der identifizierten Personen um Jugendliche und Heranwachsende. Insbesondere bei dieser Altersgruppe stehen Pr\u00e4ventionsma\u00dfnahmen im Vordergrund. Um eine erfolgreiche Pr\u00e4ventionsarbeit auch l\u00e4ngerfristig gew\u00e4hrleisten zu k\u00f6nnen, bedarf es ma\u00dfgeschneiderter Konzepte, welche die pers\u00f6nlichen Lebensumst\u00e4nde, wie auch einen potenziellen Migrationshintergrund, miteinbeziehen. Um diese Ziele zu erreichen, werden, wie in der Vergangenheit bereits geschehen, in Einzelf\u00e4llen entsprechende Anfragen bei den Standes\u00e4mtern gestellt.<\/p>\n<p style=\"text-align: justify;\"><strong>Mitschnitt der Gemeinderatssitzung auf &#8220;Stammbaumforschung&#8221; gepr\u00fcft<br \/>\n<\/strong>Nach den Vorw\u00fcrfen gegen den Stuttgarter Polizeipr\u00e4sidenten und seinen Erl\u00e4uterungen hinsichtlich der Recherchen der Ermittlungsgruppe Eckensee am vergangenen Donnerstagabend (09.07.2020) in einer Gemeinderatssitzung, hat sich ein Vertreter der Stadt Stuttgart den Tonmittschnitt der Sitzung angeh\u00f6rt. Hintergrund der Vorw\u00fcrfe waren Behauptungen, der Polizeipr\u00e4sident h\u00e4tte im Zusammenhang mit den identifizierten Tatverd\u00e4chtigen von &#8220;Stammbaumforschung&#8221; geredet, um einen m\u00f6glichen Migrationshintergrund zu kl\u00e4ren. In der 16-min\u00fctigen Ausf\u00fchrung des Polizeipr\u00e4sidenten Franz Lutz ist zu keinem Zeitpunkt die Rede von einer Stammbaumforschung. Er spricht von bundesweiten Recherchen bei Standes\u00e4mtern, da bei elf deutschen Tatverd\u00e4chtigen ein Migrationshintergrund noch nicht gesichert ist.<\/p>\n<hr \/>\n<p style=\"text-align: justify;\">\n","protected":false},"excerpt":{"rendered":"<p>Hintergr\u00fcnde zu den Ermittlungen der Tatverd\u00e4chtigen Stuttgart.| Nach den Ausschreitungen in der Stuttgarter Innenstadt am Wochenende vom 20.06.2020 und 21.06.2020 hat die Kriminalpolizei im Zuge ihrer Ermittlungen derzeit 39 Tatverd\u00e4chtige identifiziert. Die hierf\u00fcr eingerichtete Ermittlungsgruppe Eckensee erwirkte auf Antrag der Staatsanwaltschaft Stuttgart gegen 20 Verd\u00e4chtige einen Haftbefehl, davon 14 in Vollzug. Die Kriminalbeamten ermitteln auch [&hellip;]<\/p>\n","protected":false},"author":4,"featured_media":0,"comment_status":"closed","ping_status":"open","sticky":false,"template":"","format":"standard","meta":{"inline_featured_image":false,"_exactmetrics_skip_tracking":false,"_exactmetrics_sitenote_active":false,"_exactmetrics_sitenote_note":"","_exactmetrics_sitenote_category":0,"footnotes":""},"categories":[59,2239],"tags":[16729,14857,15225,5,68,16742,9,275],"class_list":{"0":"post-139386","1":"post","2":"type-post","3":"status-publish","4":"format-standard","6":"category-aktuell","7":"category-stuttgart-lokal","8":"tag-angriffe","9":"tag-die-webzeitung","10":"tag-eckensee","11":"tag-internetzeitung","12":"tag-online-zeitung","13":"tag-sachbeschaedigung","14":"tag-schaumedia","15":"tag-stuttgart"},"image_feature":null,"author_name":"Redaktion","pure_taxonomies":{"categories":[{"term_id":59,"name":"Aktuell","slug":"aktuell","term_group":0,"term_taxonomy_id":60,"taxonomy":"category","description":"","parent":0,"count":1017,"filter":"raw","image":""},{"term_id":2239,"name":"Stuttgart","slug":"stuttgart-lokal","term_group":0,"term_taxonomy_id":2252,"taxonomy":"category","description":"Berichte und Informationen aus Stuttgart","parent":1433,"count":942,"filter":"raw","image":""}],"tags":[{"term_id":16729,"name":"Angriffe","slug":"angriffe","term_group":0,"term_taxonomy_id":16748,"taxonomy":"post_tag","description":"","parent":0,"count":2,"filter":"raw","image":""},{"term_id":14857,"name":"Die-Webzeitung","slug":"die-webzeitung","term_group":0,"term_taxonomy_id":14876,"taxonomy":"post_tag","description":"","parent":0,"count":3625,"filter":"raw","image":""},{"term_id":15225,"name":"Eckensee","slug":"eckensee","term_group":0,"term_taxonomy_id":15244,"taxonomy":"post_tag","description":"","parent":0,"count":1,"filter":"raw","image":""},{"term_id":5,"name":"Internetzeitung","slug":"internetzeitung","term_group":0,"term_taxonomy_id":5,"taxonomy":"post_tag","description":"","parent":0,"count":1461,"filter":"raw","image":""},{"term_id":68,"name":"Online-Zeitung","slug":"online-zeitung","term_group":0,"term_taxonomy_id":69,"taxonomy":"post_tag","description":"","parent":0,"count":3595,"filter":"raw","image":""},{"term_id":16742,"name":"Sachbesch\u00e4digung","slug":"sachbeschaedigung","term_group":0,"term_taxonomy_id":16761,"taxonomy":"post_tag","description":"","parent":0,"count":1,"filter":"raw","image":""},{"term_id":9,"name":"SchauMedia","slug":"schaumedia","term_group":0,"term_taxonomy_id":9,"taxonomy":"post_tag","description":"","parent":0,"count":1607,"filter":"raw","image":""},{"term_id":275,"name":"Stuttgart","slug":"stuttgart","term_group":0,"term_taxonomy_id":281,"taxonomy":"post_tag","description":"","parent":0,"count":1195,"filter":"raw","image":""}]},"_links":{"self":[{"href":"https:\/\/die-webzeitung.de\/stuttgart\/wp-json\/wp\/v2\/posts\/139386","targetHints":{"allow":["GET"]}}],"collection":[{"href":"https:\/\/die-webzeitung.de\/stuttgart\/wp-json\/wp\/v2\/posts"}],"about":[{"href":"https:\/\/die-webzeitung.de\/stuttgart\/wp-json\/wp\/v2\/types\/post"}],"author":[{"embeddable":true,"href":"https:\/\/die-webzeitung.de\/stuttgart\/wp-json\/wp\/v2\/users\/4"}],"replies":[{"embeddable":true,"href":"https:\/\/die-webzeitung.de\/stuttgart\/wp-json\/wp\/v2\/comments?post=139386"}],"version-history":[{"count":3,"href":"https:\/\/die-webzeitung.de\/stuttgart\/wp-json\/wp\/v2\/posts\/139386\/revisions"}],"predecessor-version":[{"id":139391,"href":"https:\/\/die-webzeitung.de\/stuttgart\/wp-json\/wp\/v2\/posts\/139386\/revisions\/139391"}],"wp:attachment":[{"href":"https:\/\/die-webzeitung.de\/stuttgart\/wp-json\/wp\/v2\/media?parent=139386"}],"wp:term":[{"taxonomy":"category","embeddable":true,"href":"https:\/\/die-webzeitung.de\/stuttgart\/wp-json\/wp\/v2\/categories?post=139386"},{"taxonomy":"post_tag","embeddable":true,"href":"https:\/\/die-webzeitung.de\/stuttgart\/wp-json\/wp\/v2\/tags?post=139386"}],"curies":[{"name":"wp","href":"https:\/\/api.w.org\/{rel}","templated":true}]}}