{"id":139364,"date":"2020-07-10T15:53:47","date_gmt":"2020-07-10T14:53:47","guid":{"rendered":"https:\/\/die-webzeitung.de\/stuttgart\/?p=139364"},"modified":"2020-07-10T15:54:14","modified_gmt":"2020-07-10T14:54:14","slug":"mitgliederversammlung-aktive-stuttgarter","status":"publish","type":"post","link":"https:\/\/die-webzeitung.de\/stuttgart\/2020\/07\/10\/mitgliederversammlung-aktive-stuttgarter\/","title":{"rendered":"Mitgliederversammlung Aktive Stuttgarter"},"content":{"rendered":"<p style=\"text-align: justify;\">S-Hofen (mueb).| Zur mittlerweile sechsten Mitgliederversammlung der Aktiven Stuttgarter trafen am Dienstag die Vorsitzenden der Mitgliedsvereine der Aktiven Stuttgarter im Haus am See in Stuttgart-Hofen zusammen. Im gro\u00dfen Nebenzimmer tauschten sich die Teilnehmer auch in Corona-Zeiten mit gen\u00fcgend Abstand endlich wieder einmal pers\u00f6nlich aus und stellten die Weichen f\u00fcr das n\u00e4chste Jahr.<\/p>\n<p style=\"text-align: justify;\">Nach einleitenden Worten durch die erste Vorsitzende Angelika Grupp \u00fcbernahm Frau Dr. Iris Gebauer, die erst kurz vor Corona ihre Stelle im Stadtteilmanagement der Wirtschafts\u00adf\u00f6rderung angetreten hatte, das Gru\u00dfwort. Frau Dr. Gebauer ging auf die derzeitige schwierige Situation f\u00fcr alle ein aber gab der Hoffnung Ausdruck, dass durch die Erfahrungen w\u00e4hrend der Corona-Pandemie die Regionalit\u00e4t insgesamt wieder an Fahrt gewinnt und daher die schon lange bestehende Problematik der Stadtteile durch Abwanderung und Online-Handel etwas gestoppt wird. Sie appelliert auch gerade an den station\u00e4ren Handel bzw. die Gewerbetreibenden vor Ort zu ve\u00adr\u00adst\u00e4rk\u00adtem Zusammenhalt und bietet den Gewerbevereinen enge Zusammenarbeit mit dem Stadtteilmanagement und ihre pers\u00f6nliche Unterst\u00fctz\u00adung an. Sie betont, wie sehr sie die Arbeit der vielen ehrenamtlich arbeitenden Vereine in den Stadt\u00adteilen sch\u00e4tzt, die keineswegs nur f\u00fcr den eigenen Vorteil ihres Unternehmens arbeiten, sondern sich f\u00fcr den gesamten Stadtbezirk einbringen.<\/p>\n<p style=\"text-align: justify;\">Angelika Grupp berichtet nun von der Arbeit des Vorstandes des letzten Jahres und z\u00e4hlt die ver\u00adschie\u00addenen Arbeitsbereiche und Themen auf, mit denen sich die Aktiven Stuttgarter besch\u00e4ftigt haben. Die herausragenden Punkte sind weiterhin das SSB-Firmenticket, das sich gro\u00dfer Beliebtheit erfreut.<\/p>\n<p style=\"text-align: justify;\">Ein ganz besonderes Highlight ist die neue Kooperation mit der KMU-Zentrale seit Anfang des Jahres, die eine gro\u00dfe Hilfe f\u00fcr viele Unterneh\u00admen bei der Beschaffung von Mundschutz und Hygie\u00adneartikeln zu Beginn der Pandemie war. In der n\u00e4chsten Zeit will Angelika Grupp das Thema KMU-Zentrale den Unternehmen nochmals n\u00e4herbringen und die M\u00f6glichkeiten und enormen Vorteile, die eine Einkaufsgemeinschaft f\u00fcr die kleinen und mittleren Unternehmen bringt, deutlich zu kommunizieren.<\/p>\n<p style=\"text-align: justify;\">Durch Corona und Lockdown kam die Idee auf, den Unternehmen in dieser einzigartigen Situation zu helfen und die Aktiven stellten kurzfristig die Corona-Hotline auf die Beine, die ein Riesenerfolg wurde. Mithilfe der finanziellen Unterst\u00fctzung durch die Wirtschaftsf\u00f6rderung stand die Telefonhilfe f\u00fcr rund drei Monate vielen Unternehmen mit ehrenamtlichen Fachleuten aus Recht, Wirtschaft, Steuern, Hygiene und Coaching mit Rat und Tat in dieser schweren Zeit zur Seite.<\/p>\n<p style=\"text-align: justify;\">Nach dem anschlie\u00dfenden Bericht des Schatzmeisters Steffen Hofstetter, der f\u00fcr seine gute und genaue Arbeit von den Kassenpr\u00fcfern gelobt und darin best\u00e4tigt wurde, erh\u00e4lt der gesamte Vorstand die Entla\u00adstung durch die Mitglieder.<\/p>\n<p style=\"text-align: justify;\">Vor der Neuwahl nun bahnen sich erste Ver\u00e4nderungen an: Frank Oschatz, der neben seiner Arbeit im Vorstand als Schriftf\u00fchrer auch die Betreuung der Website zu seinen Aufgaben z\u00e4hlte, steht \u2013 wie bereits vergangenes Jahr angek\u00fcndigt \u2013 nicht mehr zur Wiederwahl bereit und gibt auch die Arbeit f\u00fcr die Website etc. zum Jahresende 2020 ab. Angelika Grupp bedauert sein Ausscheiden sehr, da nicht nur sie die gute Zusammenarbeit mit ihm sehr gesch\u00e4tzt hat, versteht aber, dass er sich wieder vermehrt anderen Dingen widmen m\u00f6chte. F\u00fcr ihn stellt sich Rechtsanwalt Dr. Wolfgang Summerer zur Wahl, der bereits bei der Corona-Hotline vielen Mitgliedern Hilfestellung geben konnte und sich nun ehrenamtlich im Vorstand der Aktiven Stuttgarter einbringen will.<\/p>\n<p style=\"text-align: justify;\">Mit den weiteren Mitgliedern des Vorstandes, Cihan Akin, stellvertretender Vorsitzender, und Steffen Hofstetter, Schatzmeister, stellen sich alle Kandidaten nach der Entlastung des alten Vor\u00adstan\u00addes durch die Mitglieder zur Wahl bzw. Wiederwahl. Alle werden von den Mitgliedern in ihrem Amt best\u00e4tigt bzw. gew\u00e4hlt und k\u00f6nnen ihre erfolgreiche Arbeit weiterf\u00fchren und entwickeln. Weiterhin wurden die beiden Kassenpr\u00fcferinnen Barbara Hoffmann und Jeanette Neidhardt-Rosenberger wiedergew\u00e4hlt.<\/p>\n<p style=\"text-align: justify;\">In der folgenden Diskussion \u00fcber die Fortf\u00fchrung der Arbeit der Aktiven Stuttgarter und der Ausrich\u00adtung des Vereins, gibt es eine lebhafte, offene und konstruktive Debatte. Auch die Wirtschaftsf\u00f6rde\u00adrung wird einbezogen, da eine Verzahnung der verschiedenen Institutionen, M\u00f6glichkeiten der engeren und fruchtbaren Zusammenarbeit in Stuttgart, wichtig f\u00fcr die weitere Entwicklung der Stadtteile und damit der Arbeit der Aktiven Stuttgarter ist.<\/p>\n<p style=\"text-align: justify;\">Neben der Forderung nach mehr Netzwer\u00adken oder Bonus-Heften als Vorteile f\u00fcr die Mitglieder der Aktiven Stuttgarter, wird auch \u00fcber die nachlassende Bereitschaft vieler Gewerbetreibende diskutiert, sich engagiert in den verschiedenen HGVs einzubringen. Die anwesenden Vorsitzenden haben alle mit diesem Ph\u00e4nomen in ihren Vereinen vor Ort zu k\u00e4mpfen und suchen nach motivierenden Ideen, wieder mehr Engagement in den eigenen Reihen zu erhalten. Vor allem hier sieht man ein gro\u00dfes Feld f\u00fcr die zuk\u00fcnftige Arbeit und will im Kontakt und regen Austausch bleiben, um Ideen daf\u00fcr zu entwickeln.<\/p>\n<hr \/>\n<p style=\"text-align: justify;\">\n","protected":false},"excerpt":{"rendered":"<p>S-Hofen (mueb).| Zur mittlerweile sechsten Mitgliederversammlung der Aktiven Stuttgarter trafen am Dienstag die Vorsitzenden der Mitgliedsvereine der Aktiven Stuttgarter im Haus am See in Stuttgart-Hofen zusammen. Im gro\u00dfen Nebenzimmer tauschten sich die Teilnehmer auch in Corona-Zeiten mit gen\u00fcgend Abstand endlich wieder einmal pers\u00f6nlich aus und stellten die Weichen f\u00fcr das n\u00e4chste Jahr. Nach einleitenden Worten [&hellip;]<\/p>\n","protected":false},"author":4,"featured_media":139365,"comment_status":"closed","ping_status":"open","sticky":false,"template":"","format":"standard","meta":{"inline_featured_image":false,"_exactmetrics_skip_tracking":false,"_exactmetrics_sitenote_active":false,"_exactmetrics_sitenote_note":"","_exactmetrics_sitenote_category":0,"footnotes":""},"categories":[2239],"tags":[14759,14857,5,68,9,275,11867],"class_list":{"0":"post-139364","1":"post","2":"type-post","3":"status-publish","4":"format-standard","5":"has-post-thumbnail","7":"category-stuttgart-lokal","8":"tag-aktive","9":"tag-die-webzeitung","10":"tag-internetzeitung","11":"tag-online-zeitung","12":"tag-schaumedia","13":"tag-stuttgart","14":"tag-stuttgarter"},"image_feature":"https:\/\/die-webzeitung.de\/stuttgart\/wp-content\/uploads\/sites\/4\/2020\/07\/as_mv_2020_008.jpg","author_name":"Redaktion","pure_taxonomies":{"categories":[{"term_id":2239,"name":"Stuttgart","slug":"stuttgart-lokal","term_group":0,"term_taxonomy_id":2252,"taxonomy":"category","description":"Berichte und Informationen aus Stuttgart","parent":1433,"count":942,"filter":"raw","image":""}],"tags":[{"term_id":14759,"name":"aktive","slug":"aktive","term_group":0,"term_taxonomy_id":14778,"taxonomy":"post_tag","description":"","parent":0,"count":3,"filter":"raw","image":""},{"term_id":14857,"name":"Die-Webzeitung","slug":"die-webzeitung","term_group":0,"term_taxonomy_id":14876,"taxonomy":"post_tag","description":"","parent":0,"count":3625,"filter":"raw","image":""},{"term_id":5,"name":"Internetzeitung","slug":"internetzeitung","term_group":0,"term_taxonomy_id":5,"taxonomy":"post_tag","description":"","parent":0,"count":1461,"filter":"raw","image":""},{"term_id":68,"name":"Online-Zeitung","slug":"online-zeitung","term_group":0,"term_taxonomy_id":69,"taxonomy":"post_tag","description":"","parent":0,"count":3595,"filter":"raw","image":""},{"term_id":9,"name":"SchauMedia","slug":"schaumedia","term_group":0,"term_taxonomy_id":9,"taxonomy":"post_tag","description":"","parent":0,"count":1607,"filter":"raw","image":""},{"term_id":275,"name":"Stuttgart","slug":"stuttgart","term_group":0,"term_taxonomy_id":281,"taxonomy":"post_tag","description":"","parent":0,"count":1195,"filter":"raw","image":""},{"term_id":11867,"name":"Stuttgarter","slug":"stuttgarter","term_group":0,"term_taxonomy_id":11905,"taxonomy":"post_tag","description":"","parent":0,"count":3,"filter":"raw","image":""}]},"_links":{"self":[{"href":"https:\/\/die-webzeitung.de\/stuttgart\/wp-json\/wp\/v2\/posts\/139364","targetHints":{"allow":["GET"]}}],"collection":[{"href":"https:\/\/die-webzeitung.de\/stuttgart\/wp-json\/wp\/v2\/posts"}],"about":[{"href":"https:\/\/die-webzeitung.de\/stuttgart\/wp-json\/wp\/v2\/types\/post"}],"author":[{"embeddable":true,"href":"https:\/\/die-webzeitung.de\/stuttgart\/wp-json\/wp\/v2\/users\/4"}],"replies":[{"embeddable":true,"href":"https:\/\/die-webzeitung.de\/stuttgart\/wp-json\/wp\/v2\/comments?post=139364"}],"version-history":[{"count":2,"href":"https:\/\/die-webzeitung.de\/stuttgart\/wp-json\/wp\/v2\/posts\/139364\/revisions"}],"predecessor-version":[{"id":139367,"href":"https:\/\/die-webzeitung.de\/stuttgart\/wp-json\/wp\/v2\/posts\/139364\/revisions\/139367"}],"wp:featuredmedia":[{"embeddable":true,"href":"https:\/\/die-webzeitung.de\/stuttgart\/wp-json\/wp\/v2\/media\/139365"}],"wp:attachment":[{"href":"https:\/\/die-webzeitung.de\/stuttgart\/wp-json\/wp\/v2\/media?parent=139364"}],"wp:term":[{"taxonomy":"category","embeddable":true,"href":"https:\/\/die-webzeitung.de\/stuttgart\/wp-json\/wp\/v2\/categories?post=139364"},{"taxonomy":"post_tag","embeddable":true,"href":"https:\/\/die-webzeitung.de\/stuttgart\/wp-json\/wp\/v2\/tags?post=139364"}],"curies":[{"name":"wp","href":"https:\/\/api.w.org\/{rel}","templated":true}]}}