{"id":139363,"date":"2020-07-10T15:42:23","date_gmt":"2020-07-10T14:42:23","guid":{"rendered":"https:\/\/die-webzeitung.de\/stuttgart\/2020\/07\/10\/die-mannschaft-absolviert-naechste-heimspiele\/"},"modified":"2020-07-10T15:42:23","modified_gmt":"2020-07-10T14:42:23","slug":"die-mannschaft-absolviert-naechste-heimspiele","status":"publish","type":"post","link":"https:\/\/die-webzeitung.de\/stuttgart\/2020\/07\/10\/die-mannschaft-absolviert-naechste-heimspiele\/","title":{"rendered":"Die Mannschaft absolviert n\u00e4chste Heimspiele"},"content":{"rendered":"<h5 style=\"text-align: justify;\"><strong>Spielst\u00e4tten sind in Stuttgart, K\u00f6ln und Leipzig<\/strong><\/h5>\n<div>\n<p style=\"text-align: justify;\">Die Nationalmannschaft wird ihre Heimspiele in der UEFA Nations League am 3. September 2020 gegen Spanien in Stuttgart, am 13. Oktober 2020 gegen die Schweiz in K\u00f6ln und am 14. November 2020 gegen die Ukraine in Leipzig absolvieren. Das hat das Pr\u00e4sidium des Deutschen Fu\u00dfball-Bundes (DFB) bereits in seiner Sitzung am 6. M\u00e4rz 2020 beschlossen.<\/p>\n<p style=\"text-align: justify;\">Dar\u00fcber hinaus hat das Pr\u00e4sidium in seiner au\u00dferordentlichen Sitzung am Montag, 6. Juli 2020, den Vorschlag der Fachabteilung zustimmend zur Kenntnis genommen, in K\u00f6ln und Leipzig auch zwei der in der ersten Jahresh\u00e4lfte vorgesehenen Freundschaftsl\u00e4nderspiele neu anzusetzen. In K\u00f6ln spielt das Team von Bundestrainer Joachim L\u00f6w am 7. Oktober 2020, in Leipzig am 11. November 2020. Damit werden in beiden Stadien zwei Heiml\u00e4nderspiele hintereinander ausgetragen. Mit diesem Konzept verfolgt der DFB einen neuen Ansatz und vermeidet unn\u00f6tige Reisestrapazen f\u00fcr die Mannschaft.<\/p>\n<p style=\"text-align: justify;\">DFB-Generalsekret\u00e4r Dr. Friedrich Curtius sagt: \u201cUnsere Aufgabe ist es, mit Augenma\u00df und Sorgfalt die Wiederaufnahme des L\u00e4nderspielbetriebs vorzubereiten. Meine Erwartung ist, dass wir ein Konzept entwickeln, das es uns im Herbst erm\u00f6glicht, vor Zuschauern zu spielen. Wir bringen hier unsere Expertise ein und stehen weiterhin in engem Austausch mit den Gesundheitsbeh\u00f6rden. Dabei ist es in der Gesamtorganisation auch von Vorteil, dass wir im Oktober und November zwei L\u00e4nderspiele an einem Austragungsort durchf\u00fchren.\u201d<\/p>\n<p style=\"text-align: justify;\">Oliver Bierhoff, Direktor Nationalmannschaften und Akademie, sagt: \u201cF\u00fcr unsere junge Mannschaft ist es nach der langen Pause unheimlich wichtig, dass sie sich wieder einspielen und auf die verschobene EM 2020 vorbereiten kann. Mit der Auswahl der Spielorte vermeiden wir unn\u00f6tige Reisen, schonen die Gesundheit der Spieler und haben nat\u00fcrlich auch das Thema der Belastungssteuerung im Blick.\u201d<\/p>\n<p style=\"text-align: justify;\"><b>Der vorl\u00e4ufige Spielplan der Nationalmannschaft in der zweiten Jahresh\u00e4lfte 2020:<\/b><\/p>\n<p style=\"text-align: justify;\">3. September 2020, 20.45 Uhr: UEFA Nations League, Deutschland gegen Spanien (in Stuttgart)<\/p>\n<p style=\"text-align: justify;\">6. September 2020, 20.45 Uhr: UEFA Nations League, Schweiz gegen Deutschland (in Basel)<\/p>\n<p style=\"text-align: justify;\">7. Oktober 2020, Uhrzeit noch offen: L\u00e4nderspiel, Gegner noch offen (in K\u00f6ln)<\/p>\n<p style=\"text-align: justify;\">10. Oktober 2020, 20.45 Uhr: UEFA Nations League, Ukraine gegen Deutschland<\/p>\n<p style=\"text-align: justify;\">13. Oktober 2020, 20.45 Uhr: UEFA Nations League, Deutschland gegen Schweiz (in K\u00f6ln)<\/p>\n<p style=\"text-align: justify;\">11. November 2020, Uhrzeit noch offen: L\u00e4nderspiel, Gegner noch offen (in Leipzig)<\/p>\n<p style=\"text-align: justify;\">14. November 2020, 20.45 Uhr: UEFA Nations League, Deutschland gegen Ukraine (in Leipzig)<\/p>\n<p style=\"text-align: justify;\">17. November 2020, 20.45 Uhr: UEFA Nations League, Spanien gegen Deutschland<\/p>\n<hr \/>\n<p>&nbsp;<\/p>\n<\/div>\n","protected":false},"excerpt":{"rendered":"<p>Spielst\u00e4tten sind in Stuttgart, K\u00f6ln und Leipzig Die Nationalmannschaft wird ihre Heimspiele in der UEFA Nations League am 3. September 2020 gegen Spanien in Stuttgart, am 13. Oktober 2020 gegen die Schweiz in K\u00f6ln und am 14. November 2020 gegen die Ukraine in Leipzig absolvieren. Das hat das Pr\u00e4sidium des Deutschen Fu\u00dfball-Bundes (DFB) bereits in [&hellip;]<\/p>\n","protected":false},"author":4,"featured_media":0,"comment_status":"closed","ping_status":"open","sticky":false,"template":"","format":"standard","meta":{"inline_featured_image":false,"_exactmetrics_skip_tracking":false,"_exactmetrics_sitenote_active":false,"_exactmetrics_sitenote_note":"","_exactmetrics_sitenote_category":0,"footnotes":""},"categories":[110],"tags":[11983,16738,14857,5,10027,16739,10051,16740,68,9,9974],"class_list":{"0":"post-139363","1":"post","2":"type-post","3":"status-publish","4":"format-standard","6":"category-sport","7":"tag-dfb","8":"tag-die","9":"tag-die-webzeitung","10":"tag-internetzeitung","11":"tag-league","12":"tag-mannschaft","13":"tag-nationalmannschaft","14":"tag-nations","15":"tag-online-zeitung","16":"tag-schaumedia","17":"tag-uefa"},"image_feature":null,"author_name":"Redaktion","pure_taxonomies":{"categories":[{"term_id":110,"name":"Sport","slug":"sport","term_group":0,"term_taxonomy_id":112,"taxonomy":"category","description":"Sportberichte","parent":0,"count":1043,"filter":"raw","image":""}],"tags":[{"term_id":11983,"name":"DFB","slug":"dfb","term_group":0,"term_taxonomy_id":12021,"taxonomy":"post_tag","description":"","parent":0,"count":46,"filter":"raw","image":""},{"term_id":16738,"name":"Die","slug":"die","term_group":0,"term_taxonomy_id":16757,"taxonomy":"post_tag","description":"","parent":0,"count":1,"filter":"raw","image":""},{"term_id":14857,"name":"Die-Webzeitung","slug":"die-webzeitung","term_group":0,"term_taxonomy_id":14876,"taxonomy":"post_tag","description":"","parent":0,"count":3625,"filter":"raw","image":""},{"term_id":5,"name":"Internetzeitung","slug":"internetzeitung","term_group":0,"term_taxonomy_id":5,"taxonomy":"post_tag","description":"","parent":0,"count":1461,"filter":"raw","image":""},{"term_id":10027,"name":"League","slug":"league","term_group":0,"term_taxonomy_id":10058,"taxonomy":"post_tag","description":"","parent":0,"count":2,"filter":"raw","image":""},{"term_id":16739,"name":"Mannschaft","slug":"mannschaft","term_group":0,"term_taxonomy_id":16758,"taxonomy":"post_tag","description":"","parent":0,"count":1,"filter":"raw","image":""},{"term_id":10051,"name":"Nationalmannschaft","slug":"nationalmannschaft","term_group":0,"term_taxonomy_id":10082,"taxonomy":"post_tag","description":"","parent":0,"count":29,"filter":"raw","image":""},{"term_id":16740,"name":"Nations","slug":"nations","term_group":0,"term_taxonomy_id":16759,"taxonomy":"post_tag","description":"","parent":0,"count":1,"filter":"raw","image":""},{"term_id":68,"name":"Online-Zeitung","slug":"online-zeitung","term_group":0,"term_taxonomy_id":69,"taxonomy":"post_tag","description":"","parent":0,"count":3595,"filter":"raw","image":""},{"term_id":9,"name":"SchauMedia","slug":"schaumedia","term_group":0,"term_taxonomy_id":9,"taxonomy":"post_tag","description":"","parent":0,"count":1607,"filter":"raw","image":""},{"term_id":9974,"name":"UEFA","slug":"uefa","term_group":0,"term_taxonomy_id":10005,"taxonomy":"post_tag","description":"","parent":0,"count":7,"filter":"raw","image":""}]},"_links":{"self":[{"href":"https:\/\/die-webzeitung.de\/stuttgart\/wp-json\/wp\/v2\/posts\/139363","targetHints":{"allow":["GET"]}}],"collection":[{"href":"https:\/\/die-webzeitung.de\/stuttgart\/wp-json\/wp\/v2\/posts"}],"about":[{"href":"https:\/\/die-webzeitung.de\/stuttgart\/wp-json\/wp\/v2\/types\/post"}],"author":[{"embeddable":true,"href":"https:\/\/die-webzeitung.de\/stuttgart\/wp-json\/wp\/v2\/users\/4"}],"replies":[{"embeddable":true,"href":"https:\/\/die-webzeitung.de\/stuttgart\/wp-json\/wp\/v2\/comments?post=139363"}],"version-history":[{"count":0,"href":"https:\/\/die-webzeitung.de\/stuttgart\/wp-json\/wp\/v2\/posts\/139363\/revisions"}],"wp:attachment":[{"href":"https:\/\/die-webzeitung.de\/stuttgart\/wp-json\/wp\/v2\/media?parent=139363"}],"wp:term":[{"taxonomy":"category","embeddable":true,"href":"https:\/\/die-webzeitung.de\/stuttgart\/wp-json\/wp\/v2\/categories?post=139363"},{"taxonomy":"post_tag","embeddable":true,"href":"https:\/\/die-webzeitung.de\/stuttgart\/wp-json\/wp\/v2\/tags?post=139363"}],"curies":[{"name":"wp","href":"https:\/\/api.w.org\/{rel}","templated":true}]}}