{"id":139302,"date":"2020-07-03T15:52:10","date_gmt":"2020-07-03T14:52:10","guid":{"rendered":"https:\/\/die-webzeitung.de\/stuttgart\/?p=139302"},"modified":"2020-07-03T15:52:10","modified_gmt":"2020-07-03T14:52:10","slug":"naechste-stufe-im-transformationsprozess","status":"publish","type":"post","link":"https:\/\/die-webzeitung.de\/stuttgart\/2020\/07\/03\/naechste-stufe-im-transformationsprozess\/","title":{"rendered":"N\u00e4chste Stufe im Transformationsprozess"},"content":{"rendered":"<h5 style=\"text-align: justify;\"><strong>Mercedes-Benz AG beabsichtigt die Straffung ihres globalen Produktionsnetzwerks und pr\u00fcft den Verkauf des Pkw-Werks im franz\u00f6sischen Hambach<\/strong><\/h5>\n<ul>\n<li style=\"text-align: justify;\">Die Mercedes-Benz AG plant im Zuge ihres Transformationsprozesses die hohe Flexibilit\u00e4t ihres globalen Produktionsnetzwerks zu nutzen und die Kapazit\u00e4ten an die zu erwartenden Marktentwicklungen anzupassen.<\/li>\n<li style=\"text-align: justify;\">Vor diesem Hintergrund beabsichtigt das Unternehmen, Gespr\u00e4che \u00fcber den Verkauf seines Pkw-Werks im franz\u00f6sischen Hambach zu f\u00fchren mit dem Ziel, dem Standort eine bestm\u00f6gliche Zukunftsperspektive zu geben.<\/li>\n<li style=\"text-align: justify;\">Damit verbundene Bewertungseffekte des Anlageverm\u00f6gens f\u00fchren bei der Mercedes-Benz AG zu einem negativen Sondereffekt aus Restrukturierungsma\u00dfnahmen von einem mittleren dreistelligen Millionenbetrag im zweiten Quartal.<\/li>\n<\/ul>\n<p style=\"text-align: justify;\">Stuttgart.| Die Mercedes-Benz AG befindet sich auf dem Weg zur CO\u2082-neutralen Mobilit\u00e4t der Zukunft und investiert in den kommenden Jahren massiv in die Transformation des Unternehmens. Sie konzentriert sich dabei auf die Elektrifizierung der Produktpalette sowie die Digitalisierung von Fahrzeugen und Unternehmensabl\u00e4ufen. Gleichzeitig hat das Unternehmen zahlreiche Ma\u00dfnahmen auf den Weg gebracht, um seine Kostenstruktur nachhaltig zu verbessern und deutlich effizienter zu werden. Ein wichtiger Stellhebel hierf\u00fcr ist die Anpassung und Neuausrichtung der Kapazit\u00e4ten innerhalb des globalen Produktionsnetzwerks. Vor diesem Hintergrund beabsichtigt das Unternehmen, Gespr\u00e4che \u00fcber den Verkauf seines Pkw-Werks im franz\u00f6sischen Hambach aufzunehmen.<\/p>\n<p style=\"text-align: justify;\">Ola K\u00e4llenius, Vorsitzender des Vorstands der Daimler AG und Mercedes-Benz AG: \u201eWir treiben die Transformation unseres Unternehmens und unserer Produkte weiter mit Hochdruck voran. Angesichts der hohen Zukunftsinvestitionen, vor allem in die Elektrifizierung und Digitalisierung, setzen wir Ma\u00dfnahmen zur Effizienzsteigerung konsequent um. Dies betrifft weltweit alle Unternehmensbereiche. Zus\u00e4tzlich f\u00fchren die Auswirkungen der COVID-19-Pandemie auf die Wirtschaft zu neuen Rahmenbedingungen im Markt und in diesem Zusammenhang optimieren wir unser globales Produktionsnetzwerk. Deswegen beabsichtigen wir, Gespr\u00e4che \u00fcber den Verkauf des Werks Hambach aufzunehmen.\u201c<\/p>\n<p style=\"text-align: justify;\">Damit verbundene Bewertungseffekte des Anlageverm\u00f6gens f\u00fchren bei der Mercedes-Benz AG zu einem negativen Sondereffekt aus Restrukturierungsma\u00dfnahmen von einem mittleren dreistelligen Millionenbetrag im zweiten Quartal. Das Unternehmen erwartet keinen Einfluss aus dieser Abwertung auf den Free Cash Flow des Industriegesch\u00e4fts. Im weiteren Verlauf von Verhandlungen k\u00f6nnen weitere Belastungen hinzukommen.<\/p>\n<p style=\"text-align: justify;\">Markus Sch\u00e4fer, Mitglied des Vorstands der Daimler AG und Mercedes-Benz AG; verantwortlich f\u00fcr Daimler Konzernforschung und Mercedes-Benz Cars COO: \u201eDie Transformation zur CO\u2082-neutralen Mobilit\u00e4t der Zukunft erfordert auch Ver\u00e4nderungen in unserem weltweiten Produktionsnetzwerk. In einer Phase wirtschaftlicher Herausforderungen bringen wir Nachfrage und Kapazit\u00e4t in Einklang und passen nun unser Produktionsnetzwerk an. Diese Ver\u00e4nderungen betreffen auch das Werk Hambach. Ein wichtiges Ziel ist f\u00fcr uns, die Zukunft des Standortes zu sichern. Weitere Pr\u00e4misse: Die aktuellen smart Modelle sollen weiter in Hambach produziert werden.\u201c<\/p>\n<p style=\"text-align: justify;\">Die n\u00e4chste Generation von smart Elektrofahrzeugen wird im Joint Venture smart Automobile Co., Ltd. in China produziert. Das Gemeinschaftsunternehmen ist ein Zusammenschluss der Mercedes-Benz AG und der Zhejiang Geely Group (Geely Holding).<\/p>\n<hr \/>\n<p style=\"text-align: justify;\">\n","protected":false},"excerpt":{"rendered":"<p>Mercedes-Benz AG beabsichtigt die Straffung ihres globalen Produktionsnetzwerks und pr\u00fcft den Verkauf des Pkw-Werks im franz\u00f6sischen Hambach Die Mercedes-Benz AG plant im Zuge ihres Transformationsprozesses die hohe Flexibilit\u00e4t ihres globalen Produktionsnetzwerks zu nutzen und die Kapazit\u00e4ten an die zu erwartenden Marktentwicklungen anzupassen. Vor diesem Hintergrund beabsichtigt das Unternehmen, Gespr\u00e4che \u00fcber den Verkauf seines Pkw-Werks im [&hellip;]<\/p>\n","protected":false},"author":4,"featured_media":139303,"comment_status":"closed","ping_status":"open","sticky":false,"template":"","format":"standard","meta":{"inline_featured_image":false,"_exactmetrics_skip_tracking":false,"_exactmetrics_sitenote_active":false,"_exactmetrics_sitenote_note":"","_exactmetrics_sitenote_category":0,"footnotes":""},"categories":[59,479],"tags":[709,14857,16734,5,68,275,11233],"class_list":{"0":"post-139302","1":"post","2":"type-post","3":"status-publish","4":"format-standard","5":"has-post-thumbnail","7":"category-aktuell","8":"category-wirtschaft","9":"tag-daimler","10":"tag-die-webzeitung","11":"tag-hambach","12":"tag-internetzeitung","13":"tag-online-zeitung","14":"tag-stuttgart","15":"tag-werk"},"image_feature":"https:\/\/die-webzeitung.de\/stuttgart\/wp-content\/uploads\/sites\/4\/2020\/07\/20C0322_001.jpg","author_name":"Redaktion","pure_taxonomies":{"categories":[{"term_id":59,"name":"Aktuell","slug":"aktuell","term_group":0,"term_taxonomy_id":60,"taxonomy":"category","description":"","parent":0,"count":1017,"filter":"raw","image":""},{"term_id":479,"name":"Wirtschaft","slug":"wirtschaft","term_group":0,"term_taxonomy_id":1941,"taxonomy":"category","description":"","parent":0,"count":282,"filter":"raw","image":""}],"tags":[{"term_id":709,"name":"Daimler","slug":"daimler","term_group":0,"term_taxonomy_id":717,"taxonomy":"post_tag","description":"","parent":0,"count":10,"filter":"raw","image":""},{"term_id":14857,"name":"Die-Webzeitung","slug":"die-webzeitung","term_group":0,"term_taxonomy_id":14876,"taxonomy":"post_tag","description":"","parent":0,"count":3625,"filter":"raw","image":""},{"term_id":16734,"name":"Hambach","slug":"hambach","term_group":0,"term_taxonomy_id":16753,"taxonomy":"post_tag","description":"","parent":0,"count":1,"filter":"raw","image":""},{"term_id":5,"name":"Internetzeitung","slug":"internetzeitung","term_group":0,"term_taxonomy_id":5,"taxonomy":"post_tag","description":"","parent":0,"count":1461,"filter":"raw","image":""},{"term_id":68,"name":"Online-Zeitung","slug":"online-zeitung","term_group":0,"term_taxonomy_id":69,"taxonomy":"post_tag","description":"","parent":0,"count":3595,"filter":"raw","image":""},{"term_id":275,"name":"Stuttgart","slug":"stuttgart","term_group":0,"term_taxonomy_id":281,"taxonomy":"post_tag","description":"","parent":0,"count":1195,"filter":"raw","image":""},{"term_id":11233,"name":"Werk","slug":"werk","term_group":0,"term_taxonomy_id":11271,"taxonomy":"post_tag","description":"","parent":0,"count":2,"filter":"raw","image":""}]},"_links":{"self":[{"href":"https:\/\/die-webzeitung.de\/stuttgart\/wp-json\/wp\/v2\/posts\/139302","targetHints":{"allow":["GET"]}}],"collection":[{"href":"https:\/\/die-webzeitung.de\/stuttgart\/wp-json\/wp\/v2\/posts"}],"about":[{"href":"https:\/\/die-webzeitung.de\/stuttgart\/wp-json\/wp\/v2\/types\/post"}],"author":[{"embeddable":true,"href":"https:\/\/die-webzeitung.de\/stuttgart\/wp-json\/wp\/v2\/users\/4"}],"replies":[{"embeddable":true,"href":"https:\/\/die-webzeitung.de\/stuttgart\/wp-json\/wp\/v2\/comments?post=139302"}],"version-history":[{"count":1,"href":"https:\/\/die-webzeitung.de\/stuttgart\/wp-json\/wp\/v2\/posts\/139302\/revisions"}],"predecessor-version":[{"id":139304,"href":"https:\/\/die-webzeitung.de\/stuttgart\/wp-json\/wp\/v2\/posts\/139302\/revisions\/139304"}],"wp:featuredmedia":[{"embeddable":true,"href":"https:\/\/die-webzeitung.de\/stuttgart\/wp-json\/wp\/v2\/media\/139303"}],"wp:attachment":[{"href":"https:\/\/die-webzeitung.de\/stuttgart\/wp-json\/wp\/v2\/media?parent=139302"}],"wp:term":[{"taxonomy":"category","embeddable":true,"href":"https:\/\/die-webzeitung.de\/stuttgart\/wp-json\/wp\/v2\/categories?post=139302"},{"taxonomy":"post_tag","embeddable":true,"href":"https:\/\/die-webzeitung.de\/stuttgart\/wp-json\/wp\/v2\/tags?post=139302"}],"curies":[{"name":"wp","href":"https:\/\/api.w.org\/{rel}","templated":true}]}}