{"id":139298,"date":"2020-07-03T15:44:45","date_gmt":"2020-07-03T14:44:45","guid":{"rendered":"https:\/\/die-webzeitung.de\/stuttgart\/2020\/07\/03\/s-international-baden-wuerttemberg-nord-auf-wachstumskurs\/"},"modified":"2020-07-03T15:44:45","modified_gmt":"2020-07-03T14:44:45","slug":"s-international-baden-wuerttemberg-nord-auf-wachstumskurs","status":"publish","type":"post","link":"https:\/\/die-webzeitung.de\/stuttgart\/2020\/07\/03\/s-international-baden-wuerttemberg-nord-auf-wachstumskurs\/","title":{"rendered":"S-International Baden-W\u00fcrttemberg Nord auf Wachstumskurs"},"content":{"rendered":"<h5 style=\"text-align: justify;\"><strong>Drei weitere Sparkassen treten bei<\/strong><\/h5>\n<p style=\"text-align: justify;\">Ludwigsburg.| Schon heute ist die S-International in der Baden-W\u00fcrttembergischen Sparkassen-Finanzgruppe der mit Abstand gr\u00f6\u00dfte und erfolgreichste Anbieter von Dienstleistungen und Finanzierungen f\u00fcr das Auslandsgesch\u00e4ft. Zum 1. Juli 2020 sind der S-International drei weitere Sparkassen beigetreten.<\/p>\n<p style=\"text-align: justify;\">Anfang 2016 gr\u00fcndeten die Kreissparkassen Heilbronn und Ludwigsburg das Gemeinschaftsunternehmen S-International Baden-W\u00fcrttemberg Nord GmbH u. Co.KG. Seit 2018 geh\u00f6ren ihr &#8211; neben den beiden \u201eGr\u00fcndungs-Kreissparkassen\u201c &#8211; die Kreissparkasse Waiblingen sowie die Sparkassen Heidelberg, Rhein Neckar Nord, Schw\u00e4bisch Hall-Crailsheim, Neckartal-Odenwald und Hohenlohekreis an. Zum 1. Juli 2020 traten drei weitere Institute bei: Die Kreissparkassen Esslingen-N\u00fcrtingen, Heidenheim und die Sparkasse Tauberfranken.<\/p>\n<p style=\"text-align: justify;\">Gemeinsam mit der S-International bauen die 11 Sparkassen ihre Kompetenz und Schlagkraft im internationalen Gesch\u00e4ft weiter aus. Rund 90 Experten sorgen f\u00fcr eine effiziente Abwicklung und begleiten die Firmenkunden der Sparkassen mit passgenauen L\u00f6sungen bei der Erschlie\u00dfung internationaler M\u00e4rkte. Kundenn\u00e4he wird mit Beratern an jedem der 11 Stand-orte gro\u00df geschrieben.<\/p>\n<p style=\"text-align: justify;\">Risikoteilung zwischen mehreren Sparkassen macht die S-International auch f\u00fcr gro\u00dfe Mittelst\u00e4ndler zum professionellen Partner anspruchsvoller Finanzierungen. Eine Bilanzsumme von zusammen rund 70 Milliarden Euro steht f\u00fcr die Finanzkraft der beteiligten Sparkassen.<\/p>\n<p style=\"text-align: justify;\">Die S-International ist mit dem S-CountryDesk, dem internationalen Netzwerk der Sparkassen-Finanzgruppe, \u00fcber alle Kontinente vertreten. Zum Netzwerk geh\u00f6ren eigene weltweite Beziehungen zu Korrespondenz- und Partnerbanken, die Deutsche Leasing mit St\u00fctzpunkten in mehr als 20 L\u00e4ndern sowie die Landesbanken. Die breite Angebotspalette der S-International reicht von A wie Au\u00dfenhandelsfinanzierung bis hin zu Z wie Zinsmanagement, um nur zwei Themengebiete zu nennen.<\/p>\n<hr \/>\n<p style=\"text-align: justify;\">\n","protected":false},"excerpt":{"rendered":"<p>Drei weitere Sparkassen treten bei Ludwigsburg.| Schon heute ist die S-International in der Baden-W\u00fcrttembergischen Sparkassen-Finanzgruppe der mit Abstand gr\u00f6\u00dfte und erfolgreichste Anbieter von Dienstleistungen und Finanzierungen f\u00fcr das Auslandsgesch\u00e4ft. Zum 1. Juli 2020 sind der S-International drei weitere Sparkassen beigetreten. Anfang 2016 gr\u00fcndeten die Kreissparkassen Heilbronn und Ludwigsburg das Gemeinschaftsunternehmen S-International Baden-W\u00fcrttemberg Nord GmbH u. [&hellip;]<\/p>\n","protected":false},"author":4,"featured_media":0,"comment_status":"closed","ping_status":"open","sticky":false,"template":"","format":"standard","meta":{"inline_featured_image":false,"_exactmetrics_skip_tracking":false,"_exactmetrics_sitenote_active":false,"_exactmetrics_sitenote_note":"","_exactmetrics_sitenote_category":0,"footnotes":""},"categories":[59,479],"tags":[14857,5,6,68,16732,9,15931],"class_list":{"0":"post-139298","1":"post","2":"type-post","3":"status-publish","4":"format-standard","6":"category-aktuell","7":"category-wirtschaft","8":"tag-die-webzeitung","9":"tag-internetzeitung","10":"tag-ludwigsburg","11":"tag-online-zeitung","12":"tag-s-international","13":"tag-schaumedia","14":"tag-sparkasse"},"image_feature":null,"author_name":"Redaktion","pure_taxonomies":{"categories":[{"term_id":59,"name":"Aktuell","slug":"aktuell","term_group":0,"term_taxonomy_id":60,"taxonomy":"category","description":"","parent":0,"count":1017,"filter":"raw","image":""},{"term_id":479,"name":"Wirtschaft","slug":"wirtschaft","term_group":0,"term_taxonomy_id":1941,"taxonomy":"category","description":"","parent":0,"count":282,"filter":"raw","image":""}],"tags":[{"term_id":14857,"name":"Die-Webzeitung","slug":"die-webzeitung","term_group":0,"term_taxonomy_id":14876,"taxonomy":"post_tag","description":"","parent":0,"count":3625,"filter":"raw","image":""},{"term_id":5,"name":"Internetzeitung","slug":"internetzeitung","term_group":0,"term_taxonomy_id":5,"taxonomy":"post_tag","description":"","parent":0,"count":1461,"filter":"raw","image":""},{"term_id":6,"name":"Ludwigsburg","slug":"ludwigsburg","term_group":0,"term_taxonomy_id":6,"taxonomy":"post_tag","description":"","parent":0,"count":180,"filter":"raw","image":""},{"term_id":68,"name":"Online-Zeitung","slug":"online-zeitung","term_group":0,"term_taxonomy_id":69,"taxonomy":"post_tag","description":"","parent":0,"count":3595,"filter":"raw","image":""},{"term_id":16732,"name":"S-International","slug":"s-international","term_group":0,"term_taxonomy_id":16751,"taxonomy":"post_tag","description":"","parent":0,"count":1,"filter":"raw","image":""},{"term_id":9,"name":"SchauMedia","slug":"schaumedia","term_group":0,"term_taxonomy_id":9,"taxonomy":"post_tag","description":"","parent":0,"count":1607,"filter":"raw","image":""},{"term_id":15931,"name":"Sparkasse","slug":"sparkasse","term_group":0,"term_taxonomy_id":15950,"taxonomy":"post_tag","description":"","parent":0,"count":1,"filter":"raw","image":""}]},"_links":{"self":[{"href":"https:\/\/die-webzeitung.de\/stuttgart\/wp-json\/wp\/v2\/posts\/139298","targetHints":{"allow":["GET"]}}],"collection":[{"href":"https:\/\/die-webzeitung.de\/stuttgart\/wp-json\/wp\/v2\/posts"}],"about":[{"href":"https:\/\/die-webzeitung.de\/stuttgart\/wp-json\/wp\/v2\/types\/post"}],"author":[{"embeddable":true,"href":"https:\/\/die-webzeitung.de\/stuttgart\/wp-json\/wp\/v2\/users\/4"}],"replies":[{"embeddable":true,"href":"https:\/\/die-webzeitung.de\/stuttgart\/wp-json\/wp\/v2\/comments?post=139298"}],"version-history":[{"count":0,"href":"https:\/\/die-webzeitung.de\/stuttgart\/wp-json\/wp\/v2\/posts\/139298\/revisions"}],"wp:attachment":[{"href":"https:\/\/die-webzeitung.de\/stuttgart\/wp-json\/wp\/v2\/media?parent=139298"}],"wp:term":[{"taxonomy":"category","embeddable":true,"href":"https:\/\/die-webzeitung.de\/stuttgart\/wp-json\/wp\/v2\/categories?post=139298"},{"taxonomy":"post_tag","embeddable":true,"href":"https:\/\/die-webzeitung.de\/stuttgart\/wp-json\/wp\/v2\/tags?post=139298"}],"curies":[{"name":"wp","href":"https:\/\/api.w.org\/{rel}","templated":true}]}}