{"id":139293,"date":"2020-07-02T18:10:24","date_gmt":"2020-07-02T17:10:24","guid":{"rendered":"https:\/\/die-webzeitung.de\/stuttgart\/?p=139293"},"modified":"2020-07-02T18:10:24","modified_gmt":"2020-07-02T17:10:24","slug":"sommer-2020-ohne-sommerfestival-der-kulturen","status":"publish","type":"post","link":"https:\/\/die-webzeitung.de\/stuttgart\/2020\/07\/02\/sommer-2020-ohne-sommerfestival-der-kulturen\/","title":{"rendered":"Sommer 2020 ohne Sommerfestival der Kulturen"},"content":{"rendered":"<h5 style=\"text-align: justify;\"><strong><b>aber nicht ohne Alternativen! <\/b><\/strong><\/h5>\n<p style=\"text-align: justify;\">Stuttgart.| Aufgrund der Gef\u00e4hrdungslage durch die Infektionskrankheit COVID-19 ist das Sommerfestival der Kulturen 2020, das vom 14. bis 19. Juli auf dem Stuttgarter Marktplatz stattfinden sollte, abgesagt. Um das Warten auf das Sommerfestival im kommenden Jahr etwas zu verk\u00fcrzen, haben sich die Mitarbeitenden der Gesch\u00e4ftsstelle des Veranstalters, dem Forum der Kulturen Stuttgart e. V., verschiedenes einfallen lassen, um das Festival-Feeling auch in diesem Jahr unter die Stuttgarter*innen zu tragen: So werden in der urspr\u00fcnglich geplanten Festivalwoche mit dem Open-Air-Konzert der Band Lakvar, mit einer Plakat- und Postkartenaktion sowie einer Social-Media-Kampagne und einer Webradio Show alternative Angebote pr\u00e4sentiert, die den Spirit des Festivals transportieren und \u2013 ganz im Sinne des Festivals \u2013 f\u00fcr die Stuttgarter Stadtgesellschaft kostenfrei zug\u00e4nglich sind.<\/p>\n<p style=\"text-align: justify;\">Die Mitarbeitenden des Forums der Kulturen haben die letzten Wochen intensiv genutzt, um spannende Alternativangebote f\u00fcr das abgesagte Sommerfestival der Kulturen 2020 zu erarbeiten:<\/p>\n<p style=\"text-align: justify;\">So pr\u00e4sentiert das Forum der Kulturen \u00fcber <strong><b>Plakate und Postkarten <\/b><\/strong>der Stuttgarter Stadtgesellschaft sein <strong><b>neues Sommerfestival-Logo<\/b><\/strong>, das in Kooperation mit <em><i>DISCODOENER \u2013 B\u00fcro f\u00fcr Design und Kommunikation<\/i><\/em> erarbeitet wurde . Das Forum der Kulturen freut sich sehr \u00fcber die gelungene Zusammenarbeit mit der Agentur, die sich regelm\u00e4\u00dfig f\u00fcr soziale, kulturelle und gemeinn\u00fctze Projekte engagiert. <strong><b>Ab dem 13. Juli 2020 <\/b><\/strong>werden die gemeinsam erarbeiteten, farbenfrohen Plakate und Karten in der ganzen Stadt f\u00fcr Aufmerksamkeit und Vorfreude auf das Festival 2021 sorgen \u2013 das sich dann im n\u00e4chsten Jahr vollst\u00e4ndig im neuen Design zeigen wird. Mit dem Statement \u201ewe support #blacklivesmatter\u201c, das auf den Plakaten und Postkarten zu lesen ist, wird zudem auf die politische Dimension des Festivals verwiesen.<\/p>\n<p style=\"text-align: justify;\">Die urspr\u00fcnglich geplante Festivalwoche wird zudem von einer <strong><b>Social-Media-Kampagne<\/b><\/strong> auf <strong><b>Facebook<\/b><\/strong>, <strong><b>Instagram<\/b><\/strong> und <strong><b>YouTube<\/b><\/strong> begleitet, in der <strong><b>vom 14. bis zum 19. Juli 2020 <\/b><\/strong>zahlreiche Beteiligte zu Wort kommen: Vereinsaktive, ehrenamtliche Helfer*innen, Unterst\u00fctzer*innen, Festivalbesucher*innen. Kurz: All diejenigen, die das Sommerfestival der Kulturen seit vielen Jahren zu dem machen, was es ist. Mit Bildern, Videos und Texten werden die sch\u00f6nsten Erinnerungen geteilt, Erlebnisse erz\u00e4hlt und die Bedeutung des Festivals f\u00fcr die Migrantenvereine, die vielen ehrenamtlichen Helfer*innen, Besucher*innen und auch langj\u00e4hrigen Partner und Sponsoren des Festivals abgebildet.<\/p>\n<p style=\"text-align: justify;\">Unter dem Hashtag <strong><b>#sommerfestivalderkulturen<\/b><\/strong> werden alle Beitr\u00e4ge der Festivalwoche in den Sozialen Medien zu finden sein.<\/p>\n<p style=\"text-align: justify;\">Auch f\u00fcr <strong><b>Live-Musik<\/b><\/strong> ist bei den alternativen Angeboten gesorgt. Denn am eigentlichen Er\u00f6ffnungstag des Festivals, <strong><b>am Dienstag, 14. Juli 2020<\/b><\/strong>, bespielt die Band <strong><b>Lakvar<\/b><\/strong> mit osteurop\u00e4isch gepr\u00e4gter Contemporary Folk Music aus dem Balkan die <strong><b>Open-Air-B\u00fchne <\/b><\/strong><strong><b>des R\u00f6merkastells<\/b><\/strong>: Gegr\u00fcndet von der ungarisch-bulgarischen S\u00e4ngerin Hajnalka P\u00e9ter und dem georgischen Komponisten und Gitarristen Zura Dzagnidze vereint ihr Sound die vielf\u00e4ltigen musikalischen und kulturellen Hintergr\u00fcnde ihrer Bandmitglieder: von traditioneller Folkmusik aus Osteuropa \u00fcber Jazz, Progressive Rock bis hin zu experimentellen Einfl\u00fcssen. Die Band kombiniert starke Melodien mit komplexen Rhythmen, stille und zerbrechliche Momente treffen auf freie Improvisation und Virtuosit\u00e4t. Bei dem Konzert im R\u00f6merkastell werden unter anderem Songs des aktuellen Albums <em><i>Sabotage and Tradition<\/i><\/em> gespielt, das nominiert ist f\u00fcr den Preis der Deutschen Schallplattenkritik!<\/p>\n<p style=\"text-align: justify;\">Und zum Ende der eigentlichen Sommerfestivalwoche wird \u2013 als gro\u00dfes \u201eFinale\u201c \u2013 am <strong><b>Samstag, 18. Juli, ab 18 Uhr<\/b><\/strong> in einer vierst\u00fcndigen <strong><b>Webradio Show<\/b><\/strong> neben den zahlreichen \u201eStimmen des Festivals\u201c nat\u00fcrlich auch die Musik der Bands zu h\u00f6ren sein, die in diesem Jahr auf der B\u00fchne des Marktplatzes gestanden h\u00e4tten \u2013 au\u00dferdem noch das ein oder andere Schmankerl aus den vergangenen Jahren. Es gibt Einblicke hinter die Kulissen des Festivalalltags und die Zuh\u00f6renden k\u00f6nnen sich via Chat und Studioanrufen mit den Festivalmacher*innen im Studio austauschen. Der Live-Stream wird auf dem Webradiokanal des Theater Rampe \u00fcbertragen, von DJ Andreas Vogel produziert und von Aliki Sch\u00e4fer moderiert.<\/p>\n<p style=\"text-align: justify;\"><strong><b>Die Angebote im \u00dcberblick: <\/b><\/strong><\/p>\n<p style=\"text-align: justify;\">Zeitraum <strong><b>Plakat- und Postkarten-Kampagne<\/b><\/strong>: Montag, 13. bis Sonntag, 26. Juli 2020 zu sehen und ausgelegt im gesamten Innenstadtgebiet der Stadt Stuttgart<\/p>\n<p style=\"text-align: justify;\">Zeitraum <strong><b>Social-Media-Kampagne<\/b><\/strong>: Dienstag, 14. bis Sonntag, 19. Juli 2020 zu sehen auf: <a href=\"https:\/\/www.facebook.com\/FDKStuttgart\/\" target=\"_blank\" rel=\"noopener noreferrer\">https:\/\/www.facebook.com\/FDKStuttgart\/<\/a><\/p>\n<p style=\"text-align: justify;\"><a href=\"https:\/\/www.instagram.com\/forumderkulturen\/\" target=\"_blank\" rel=\"noopener noreferrer\">https:\/\/www.instagram.com\/forumderkulturen\/<\/a><\/p>\n<p style=\"text-align: justify;\"><em><i>#sommerfestivalderkulturen<br \/>\n<\/i><\/em><em><i>we support #blacklivesmatter<\/i><\/em><\/p>\n<p style=\"text-align: justify;\"><strong><b>Open-Air-Konzert mit Lakvar:<\/b><\/strong> Dienstag, 14. Juli 2020, 20 Uhr<br \/>\n<strong><b>Veranstaltungsort: <\/b><\/strong>R\u00f6merkastell (KastellSommer), Naststra\u00dfe 3, 70376 Stuttgart<br \/>\n<strong><b>Veranstalter:\u00a0<\/b><\/strong>Forum der Kulturen Stuttgart e. V.<br \/>\n<strong><b>Eintritt:<\/b><\/strong> frei<br \/>\n<strong><b>Karten*<\/b><\/strong>: <a href=\"https:\/\/www.forum-der-kulturen.de\/anmeldung-konzert-lakvar-roemerkastell\/\" target=\"_blank\" rel=\"noopener noreferrer\">https:\/\/www.forum-der-kulturen.de\/anmeldung-konzert-lakvar-roemerkastell\/<\/a><br \/>\n<strong><b>Weitere Informationen zur Band:<\/b><\/strong> <a href=\"https:\/\/lakvar.com\/\" target=\"_blank\" rel=\"noopener noreferrer\">lakvar.com<\/a><br \/>\n*G\u00fcltigkeit nur durch Reservierungsbest\u00e4tigung vom Veranstalter, da das Kartenkontingent begrenzt ist.<\/p>\n<p style=\"text-align: justify;\"><strong><b>Webradio Show:<\/b><\/strong> Samstag, 18. Juli 2020, 18\u201322 Uhr<\/p>\n<p style=\"text-align: justify;\"><strong><b>Weitere Informationen und Streaming-Link unter: <\/b><\/strong><a href=\"https:\/\/sommerfestival-der-kulturen.de\/webradio-show\/\" target=\"_blank\" rel=\"noopener noreferrer\">https:\/\/sommerfestival-der-kulturen.de\/webradio-show\/<\/a><\/p>\n<hr \/>\n<p style=\"text-align: justify;\">\n","protected":false},"excerpt":{"rendered":"<p>aber nicht ohne Alternativen! Stuttgart.| Aufgrund der Gef\u00e4hrdungslage durch die Infektionskrankheit COVID-19 ist das Sommerfestival der Kulturen 2020, das vom 14. bis 19. Juli auf dem Stuttgarter Marktplatz stattfinden sollte, abgesagt. Um das Warten auf das Sommerfestival im kommenden Jahr etwas zu verk\u00fcrzen, haben sich die Mitarbeitenden der Gesch\u00e4ftsstelle des Veranstalters, dem Forum der Kulturen [&hellip;]<\/p>\n","protected":false},"author":4,"featured_media":0,"comment_status":"closed","ping_status":"open","sticky":false,"template":"","format":"standard","meta":{"inline_featured_image":false,"_exactmetrics_skip_tracking":false,"_exactmetrics_sitenote_active":false,"_exactmetrics_sitenote_note":"","_exactmetrics_sitenote_category":0,"footnotes":""},"categories":[2239],"tags":[14857,9431,5,9083,68,275],"class_list":{"0":"post-139293","1":"post","2":"type-post","3":"status-publish","4":"format-standard","6":"category-stuttgart-lokal","7":"tag-die-webzeitung","8":"tag-forum","9":"tag-internetzeitung","10":"tag-kulturen","11":"tag-online-zeitung","12":"tag-stuttgart"},"image_feature":null,"author_name":"Redaktion","pure_taxonomies":{"categories":[{"term_id":2239,"name":"Stuttgart","slug":"stuttgart-lokal","term_group":0,"term_taxonomy_id":2252,"taxonomy":"category","description":"Berichte und Informationen aus Stuttgart","parent":1433,"count":942,"filter":"raw","image":""}],"tags":[{"term_id":14857,"name":"Die-Webzeitung","slug":"die-webzeitung","term_group":0,"term_taxonomy_id":14876,"taxonomy":"post_tag","description":"","parent":0,"count":3625,"filter":"raw","image":""},{"term_id":9431,"name":"Forum","slug":"forum","term_group":0,"term_taxonomy_id":9460,"taxonomy":"post_tag","description":"","parent":0,"count":4,"filter":"raw","image":""},{"term_id":5,"name":"Internetzeitung","slug":"internetzeitung","term_group":0,"term_taxonomy_id":5,"taxonomy":"post_tag","description":"","parent":0,"count":1461,"filter":"raw","image":""},{"term_id":9083,"name":"Kulturen","slug":"kulturen","term_group":0,"term_taxonomy_id":9108,"taxonomy":"post_tag","description":"","parent":0,"count":4,"filter":"raw","image":""},{"term_id":68,"name":"Online-Zeitung","slug":"online-zeitung","term_group":0,"term_taxonomy_id":69,"taxonomy":"post_tag","description":"","parent":0,"count":3595,"filter":"raw","image":""},{"term_id":275,"name":"Stuttgart","slug":"stuttgart","term_group":0,"term_taxonomy_id":281,"taxonomy":"post_tag","description":"","parent":0,"count":1195,"filter":"raw","image":""}]},"_links":{"self":[{"href":"https:\/\/die-webzeitung.de\/stuttgart\/wp-json\/wp\/v2\/posts\/139293","targetHints":{"allow":["GET"]}}],"collection":[{"href":"https:\/\/die-webzeitung.de\/stuttgart\/wp-json\/wp\/v2\/posts"}],"about":[{"href":"https:\/\/die-webzeitung.de\/stuttgart\/wp-json\/wp\/v2\/types\/post"}],"author":[{"embeddable":true,"href":"https:\/\/die-webzeitung.de\/stuttgart\/wp-json\/wp\/v2\/users\/4"}],"replies":[{"embeddable":true,"href":"https:\/\/die-webzeitung.de\/stuttgart\/wp-json\/wp\/v2\/comments?post=139293"}],"version-history":[{"count":1,"href":"https:\/\/die-webzeitung.de\/stuttgart\/wp-json\/wp\/v2\/posts\/139293\/revisions"}],"predecessor-version":[{"id":139294,"href":"https:\/\/die-webzeitung.de\/stuttgart\/wp-json\/wp\/v2\/posts\/139293\/revisions\/139294"}],"wp:attachment":[{"href":"https:\/\/die-webzeitung.de\/stuttgart\/wp-json\/wp\/v2\/media?parent=139293"}],"wp:term":[{"taxonomy":"category","embeddable":true,"href":"https:\/\/die-webzeitung.de\/stuttgart\/wp-json\/wp\/v2\/categories?post=139293"},{"taxonomy":"post_tag","embeddable":true,"href":"https:\/\/die-webzeitung.de\/stuttgart\/wp-json\/wp\/v2\/tags?post=139293"}],"curies":[{"name":"wp","href":"https:\/\/api.w.org\/{rel}","templated":true}]}}