{"id":139228,"date":"2020-06-26T17:20:42","date_gmt":"2020-06-26T16:20:42","guid":{"rendered":"https:\/\/die-webzeitung.de\/stuttgart\/?p=139228"},"modified":"2020-06-26T17:20:42","modified_gmt":"2020-06-26T16:20:42","slug":"angriffe-auf-polizeibeamte-und-ladengeschaefte-in-der-innenstadt-2","status":"publish","type":"post","link":"https:\/\/die-webzeitung.de\/stuttgart\/2020\/06\/26\/angriffe-auf-polizeibeamte-und-ladengeschaefte-in-der-innenstadt-2\/","title":{"rendered":"Angriffe auf Polizeibeamte und Ladengesch\u00e4fte in der Innenstadt"},"content":{"rendered":"<h5 style=\"text-align: justify;\"><strong>Neues Hinweisportal<\/strong><\/h5>\n<div class=\"story-sharing-items\"><\/div>\n<div class=\"no-float\">Stuttgart.|Im Zusammenhang mit den Ausschreitungen in der Stuttgarter Innenstadt in der Nacht zum Sonntag (21.06.2020) hat die Polizei ein Portal f\u00fcr anonyme Hinweise eingerichtet. Dieses ist unter der Internetadresse: <a class=\"uri-ext outbound\" href=\"https:\/\/www.bkms-system.net\/bw-eg-eckensee\" target=\"_blank\" rel=\"noopener noreferrer\">https:\/\/www.bkms-system.net\/bw-eg-eckensee<\/a> zu erreichen. Hier k\u00f6nnen Zeugen zugesichert anonym Hinweise bez\u00fcglich Tatverd\u00e4chtiger oder beobachteter mutma\u00dflicher Straftaten abgeben. Bitte unterst\u00fctzen Sie die Polizei bei ihren Ermittlungen.<\/div>\n<hr \/>\n<p style=\"text-align: justify;\">\n","protected":false},"excerpt":{"rendered":"<p>Neues Hinweisportal Stuttgart.|Im Zusammenhang mit den Ausschreitungen in der Stuttgarter Innenstadt in der Nacht zum Sonntag (21.06.2020) hat die Polizei ein Portal f\u00fcr anonyme Hinweise eingerichtet. Dieses ist unter der Internetadresse: https:\/\/www.bkms-system.net\/bw-eg-eckensee zu erreichen. Hier k\u00f6nnen Zeugen zugesichert anonym Hinweise bez\u00fcglich Tatverd\u00e4chtiger oder beobachteter mutma\u00dflicher Straftaten abgeben. Bitte unterst\u00fctzen Sie die Polizei bei ihren Ermittlungen.<\/p>\n","protected":false},"author":4,"featured_media":0,"comment_status":"closed","ping_status":"open","sticky":false,"template":"","format":"standard","meta":{"inline_featured_image":false,"_exactmetrics_skip_tracking":false,"_exactmetrics_sitenote_active":false,"_exactmetrics_sitenote_note":"","_exactmetrics_sitenote_category":0,"footnotes":""},"categories":[59,2239],"tags":[16729,14857,16728,5,68,13226,664,9,275],"class_list":{"0":"post-139228","1":"post","2":"type-post","3":"status-publish","4":"format-standard","6":"category-aktuell","7":"category-stuttgart-lokal","8":"tag-angriffe","9":"tag-die-webzeitung","10":"tag-hinweise","11":"tag-internetzeitung","12":"tag-online-zeitung","13":"tag-polzei","14":"tag-portal","15":"tag-schaumedia","16":"tag-stuttgart"},"image_feature":null,"author_name":"Redaktion","pure_taxonomies":{"categories":[{"term_id":59,"name":"Aktuell","slug":"aktuell","term_group":0,"term_taxonomy_id":60,"taxonomy":"category","description":"","parent":0,"count":1017,"filter":"raw","image":""},{"term_id":2239,"name":"Stuttgart","slug":"stuttgart-lokal","term_group":0,"term_taxonomy_id":2252,"taxonomy":"category","description":"Berichte und Informationen aus Stuttgart","parent":1433,"count":942,"filter":"raw","image":""}],"tags":[{"term_id":16729,"name":"Angriffe","slug":"angriffe","term_group":0,"term_taxonomy_id":16748,"taxonomy":"post_tag","description":"","parent":0,"count":2,"filter":"raw","image":""},{"term_id":14857,"name":"Die-Webzeitung","slug":"die-webzeitung","term_group":0,"term_taxonomy_id":14876,"taxonomy":"post_tag","description":"","parent":0,"count":3625,"filter":"raw","image":""},{"term_id":16728,"name":"Hinweise","slug":"hinweise","term_group":0,"term_taxonomy_id":16747,"taxonomy":"post_tag","description":"","parent":0,"count":1,"filter":"raw","image":""},{"term_id":5,"name":"Internetzeitung","slug":"internetzeitung","term_group":0,"term_taxonomy_id":5,"taxonomy":"post_tag","description":"","parent":0,"count":1461,"filter":"raw","image":""},{"term_id":68,"name":"Online-Zeitung","slug":"online-zeitung","term_group":0,"term_taxonomy_id":69,"taxonomy":"post_tag","description":"","parent":0,"count":3595,"filter":"raw","image":""},{"term_id":13226,"name":"Polzei","slug":"polzei","term_group":0,"term_taxonomy_id":13267,"taxonomy":"post_tag","description":"","parent":0,"count":1,"filter":"raw","image":""},{"term_id":664,"name":"Portal","slug":"portal","term_group":0,"term_taxonomy_id":672,"taxonomy":"post_tag","description":"","parent":0,"count":2,"filter":"raw","image":""},{"term_id":9,"name":"SchauMedia","slug":"schaumedia","term_group":0,"term_taxonomy_id":9,"taxonomy":"post_tag","description":"","parent":0,"count":1607,"filter":"raw","image":""},{"term_id":275,"name":"Stuttgart","slug":"stuttgart","term_group":0,"term_taxonomy_id":281,"taxonomy":"post_tag","description":"","parent":0,"count":1195,"filter":"raw","image":""}]},"_links":{"self":[{"href":"https:\/\/die-webzeitung.de\/stuttgart\/wp-json\/wp\/v2\/posts\/139228","targetHints":{"allow":["GET"]}}],"collection":[{"href":"https:\/\/die-webzeitung.de\/stuttgart\/wp-json\/wp\/v2\/posts"}],"about":[{"href":"https:\/\/die-webzeitung.de\/stuttgart\/wp-json\/wp\/v2\/types\/post"}],"author":[{"embeddable":true,"href":"https:\/\/die-webzeitung.de\/stuttgart\/wp-json\/wp\/v2\/users\/4"}],"replies":[{"embeddable":true,"href":"https:\/\/die-webzeitung.de\/stuttgart\/wp-json\/wp\/v2\/comments?post=139228"}],"version-history":[{"count":1,"href":"https:\/\/die-webzeitung.de\/stuttgart\/wp-json\/wp\/v2\/posts\/139228\/revisions"}],"predecessor-version":[{"id":139229,"href":"https:\/\/die-webzeitung.de\/stuttgart\/wp-json\/wp\/v2\/posts\/139228\/revisions\/139229"}],"wp:attachment":[{"href":"https:\/\/die-webzeitung.de\/stuttgart\/wp-json\/wp\/v2\/media?parent=139228"}],"wp:term":[{"taxonomy":"category","embeddable":true,"href":"https:\/\/die-webzeitung.de\/stuttgart\/wp-json\/wp\/v2\/categories?post=139228"},{"taxonomy":"post_tag","embeddable":true,"href":"https:\/\/die-webzeitung.de\/stuttgart\/wp-json\/wp\/v2\/tags?post=139228"}],"curies":[{"name":"wp","href":"https:\/\/api.w.org\/{rel}","templated":true}]}}