{"id":139199,"date":"2020-06-24T14:06:27","date_gmt":"2020-06-24T13:06:27","guid":{"rendered":"https:\/\/die-webzeitung.de\/stuttgart\/?p=139199"},"modified":"2020-06-24T14:06:48","modified_gmt":"2020-06-24T13:06:48","slug":"polizisten-erhalten-nach-den-gewalttaten-viel-zuspruch","status":"publish","type":"post","link":"https:\/\/die-webzeitung.de\/stuttgart\/2020\/06\/24\/polizisten-erhalten-nach-den-gewalttaten-viel-zuspruch\/","title":{"rendered":"Polizisten erhalten nach den Gewalttaten viel Zuspruch"},"content":{"rendered":"<h5 style=\"text-align: justify;\"><strong>Einrichtung eines Hinweistelefons<\/strong><\/h5>\n<p style=\"text-align: justify;\">Stuttgart.| Nach den Ereignissen vom Wochenende in der Stuttgarter Innenstadt, bei denen vor allem Polizisten, Streifenwagen und viele Ladengesch\u00e4fte angegriffen wurden, erh\u00e4lt die Polizei viele Zuschriften. Von sehr vielen Menschen, aus unserer Stadt und aus der ganzen Region, sogar aus ganz Deutschland, erhalten wir Dankschreiben und Zuspruch f\u00fcr unsere Arbeit. Viele Menschen erreichen uns per Mail, per Social-Media und mit Briefen, andere rufen uns an. Ihnen allen danken wir f\u00fcr Ihre guten W\u00fcnsche und f\u00fcr Ihr Mitgef\u00fchl, vor allem f\u00fcr unsere direkt betroffenen Kolleginnen und Kollegen, aber auch f\u00fcr alle anderen, die in dem Einsatz m\u00f6glicherweise zwar nicht k\u00f6rperlich, aber eventuell seelisch verletzt worden sind. Wir Polizisten, vom Streifenbeamten bis zum Polizeipr\u00e4sidenten, sind in unserer Uniform selbstverst\u00e4ndlich ein St\u00fcck weit DIE Vertreter des Staates und fangen dabei einiges ein. Wir sind aber ebenso selbstverst\u00e4ndlich auch Menschen mit Herz und Verstand, wir haben Familie und wollen am Abend, wie jeder andere in unserer Gesellschaft, wieder heil zu Hause ankommen. Vor allem unsere K\u00f6rperschutzausstattung und unser Helm, Einsatzmittel die wir lieber nicht ben\u00f6tigen w\u00fcrden, verdecken bei Eins\u00e4tzen mittlerweile immer \u00f6fter unser Gesicht und unser &#8220;offenes Visier&#8221;. Umso mehr danken wir, danken die Kolleginnen und Kollegen des Polizeipr\u00e4sidiums Stuttgart und die Polizisten aus dem Land, die hier am Wochenende in der Landeshauptstadt eingesetzt waren, den vielen aufmunternden und die Polizeiarbeit w\u00fcrdigenden Worten aus der Bev\u00f6lkerung. Selbstverst\u00e4ndlich gibt es auch kritische Stimmen sowie Fragen nach den Ursachen und warum es so weit kommen konnte. Wir bitten um Verst\u00e4ndnis, dass wir uns hier mit dieser Pressemitteilung einfach mal bei denen bedanken wollen, die uns so positive R\u00fcckmeldungen geben. Danke! Ihre Polizei Stuttgart!<\/p>\n<p style=\"text-align: justify;\"><strong>Hinweistelefon<br \/>\n<\/strong>Die Polizei Stuttgart hat im Zusammenhang mit den Ausschreitungen in der Stuttgarter Innenstadt in der Nacht zum Sonntag (21.06.2020) ein Hinweistelefon eingerichtet. Dieses ist unter der <strong>Rufnummer 0800 503 503 533<\/strong> zu erreichen. Hier k\u00f6nnen B\u00fcrger Hinweise bez\u00fcglich Tatverd\u00e4chtigen oder beobachteter mutma\u00dflicher Straftaten abgeben und die Polizei bei ihren Ermittlungen tatkr\u00e4ftig unterst\u00fctzen.<\/p>\n<hr \/>\n<p style=\"text-align: justify;\">\n","protected":false},"excerpt":{"rendered":"<p>Einrichtung eines Hinweistelefons Stuttgart.| Nach den Ereignissen vom Wochenende in der Stuttgarter Innenstadt, bei denen vor allem Polizisten, Streifenwagen und viele Ladengesch\u00e4fte angegriffen wurden, erh\u00e4lt die Polizei viele Zuschriften. Von sehr vielen Menschen, aus unserer Stadt und aus der ganzen Region, sogar aus ganz Deutschland, erhalten wir Dankschreiben und Zuspruch f\u00fcr unsere Arbeit. Viele Menschen [&hellip;]<\/p>\n","protected":false},"author":4,"featured_media":0,"comment_status":"closed","ping_status":"open","sticky":false,"template":"","format":"standard","meta":{"inline_featured_image":false,"_exactmetrics_skip_tracking":false,"_exactmetrics_sitenote_active":false,"_exactmetrics_sitenote_note":"","_exactmetrics_sitenote_category":0,"footnotes":""},"categories":[59,2239],"tags":[],"class_list":{"0":"post-139199","1":"post","2":"type-post","3":"status-publish","4":"format-standard","6":"category-aktuell","7":"category-stuttgart-lokal"},"image_feature":null,"author_name":"Redaktion","pure_taxonomies":{"categories":[{"term_id":59,"name":"Aktuell","slug":"aktuell","term_group":0,"term_taxonomy_id":60,"taxonomy":"category","description":"","parent":0,"count":1017,"filter":"raw","image":""},{"term_id":2239,"name":"Stuttgart","slug":"stuttgart-lokal","term_group":0,"term_taxonomy_id":2252,"taxonomy":"category","description":"Berichte und Informationen aus Stuttgart","parent":1433,"count":942,"filter":"raw","image":""}]},"_links":{"self":[{"href":"https:\/\/die-webzeitung.de\/stuttgart\/wp-json\/wp\/v2\/posts\/139199","targetHints":{"allow":["GET"]}}],"collection":[{"href":"https:\/\/die-webzeitung.de\/stuttgart\/wp-json\/wp\/v2\/posts"}],"about":[{"href":"https:\/\/die-webzeitung.de\/stuttgart\/wp-json\/wp\/v2\/types\/post"}],"author":[{"embeddable":true,"href":"https:\/\/die-webzeitung.de\/stuttgart\/wp-json\/wp\/v2\/users\/4"}],"replies":[{"embeddable":true,"href":"https:\/\/die-webzeitung.de\/stuttgart\/wp-json\/wp\/v2\/comments?post=139199"}],"version-history":[{"count":2,"href":"https:\/\/die-webzeitung.de\/stuttgart\/wp-json\/wp\/v2\/posts\/139199\/revisions"}],"predecessor-version":[{"id":139201,"href":"https:\/\/die-webzeitung.de\/stuttgart\/wp-json\/wp\/v2\/posts\/139199\/revisions\/139201"}],"wp:attachment":[{"href":"https:\/\/die-webzeitung.de\/stuttgart\/wp-json\/wp\/v2\/media?parent=139199"}],"wp:term":[{"taxonomy":"category","embeddable":true,"href":"https:\/\/die-webzeitung.de\/stuttgart\/wp-json\/wp\/v2\/categories?post=139199"},{"taxonomy":"post_tag","embeddable":true,"href":"https:\/\/die-webzeitung.de\/stuttgart\/wp-json\/wp\/v2\/tags?post=139199"}],"curies":[{"name":"wp","href":"https:\/\/api.w.org\/{rel}","templated":true}]}}