{"id":139195,"date":"2020-06-24T13:55:10","date_gmt":"2020-06-24T12:55:10","guid":{"rendered":"https:\/\/die-webzeitung.de\/stuttgart\/2020\/06\/24\/koordinierte-aktion-gegen-autoschmugglerbande\/"},"modified":"2020-06-24T13:55:10","modified_gmt":"2020-06-24T12:55:10","slug":"koordinierte-aktion-gegen-autoschmugglerbande","status":"publish","type":"post","link":"https:\/\/die-webzeitung.de\/stuttgart\/2020\/06\/24\/koordinierte-aktion-gegen-autoschmugglerbande\/","title":{"rendered":"Koordinierte Aktion gegen Autoschmugglerbande"},"content":{"rendered":"<p style=\"text-align: justify;\">Ludwigsburg.| Basierend auf initiativen Ermittlungen des Verkehrsdienstes Esslingen des Polizeipr\u00e4sidiums Reutlingen gipfelten umfangreiche mehrmonatige und zum Teil verdeckt gef\u00fchrte Ermittlungen einer gemeinsamen Ermittlungsgruppe der Kriminalpolizei des Polizeipr\u00e4sidiums Ludwigsburg und des Zollfahndungsamts Stuttgart am 24. Juni in \u00fcberregionalen Durchsuchungsma\u00dfnahmen. Die Ermittlungsgruppe &#8220;Sayara&#8221; hatte im November 2019 die Ermittlungen gegen eine vorwiegend deutsch-libanesische T\u00e4tergruppierung aufgenommen, die im Verdacht steht, hochwertige gebrauchte Kraftfahrzeuge \u00fcberwiegend aus dem arabischen Raum in Deutschland gewinnbringend in Umlauf gebracht zu haben, obwohl diese in Europa nicht zulassungsf\u00e4hig waren.<\/p>\n<p style=\"text-align: justify;\">Das illegale Gesch\u00e4ftsmodell bestand nach den bisherigen Erkenntnissen darin, dass die beiden 46 und 27 Jahre alten Drahtzieher die Fahrzeuge \u00fcberwiegend in den Arabischen Emiraten ankauften und auf dem Seeweg \u00fcber Rotterdam nach Deutschland einf\u00fchrten, wo sie zun\u00e4chst auf Abstellpl\u00e4tzen von Komplizen in Leonberg und Geislingen an der Steige zwischengelagert wurden. Um Einfuhrz\u00f6lle und Steuern zu sparen, legten die Tatverd\u00e4chtigen dabei Rechnungen mit deutlich geringeren Kaufpreisen vor.<\/p>\n<p style=\"text-align: justify;\">Da die nicht f\u00fcr den deutschen Markt produzierten Fahrzeuge aufgrund ihrer Ausf\u00fchrung hier nicht ohne weiteres zulassungsf\u00e4hig waren, w\u00e4ren kostenintensive Vollgutachten erforderlich gewesen. Diese umgingen die Tatverd\u00e4chtigen durch Bestechung von Pr\u00fcfingenieuren aus dem Gro\u00dfraum Stuttgart, die dann f\u00fcr die Fahrzeuge die notwendigen Papiere ausstellten. Dies geschah den bisherigen Ermittlungen zufolge in mehreren F\u00e4llen sogar schon zu einem Zeitpunkt, als sich die Fahrzeuge noch auf dem Seeweg befanden.<\/p>\n<p style=\"text-align: justify;\">\u00dcber eine Mitarbeiterin bei der KFZ-Zulassungsstelle des Landratsamtes B\u00f6blingen wurden die Fahrzeuge anschlie\u00dfend kurzzeitig auf Strohm\u00e4nner zugelassen. Dadurch mit deutschen Zulassungsbescheinigungen ausgestattet wurden die Fahrzeuge anschlie\u00dfend \u00fcber einen Privatverkauf an wohl gutgl\u00e4ubige Kunden ver\u00e4u\u00dfert. Zuvor waren besonders augenscheinliche Ausstattungsabweichungen durch von den Tatverd\u00e4chtigen beauftragte Fachkr\u00e4fte korrigiert worden. Dazu z\u00e4hlte etwa die Umprogrammierung arabischer Bordcomputer oder Navigationsger\u00e4te, aber auch die Korrektur der angezeigten Laufleistung. Den bisherigen Ermittlungen zufolge brachte die Gruppierung auf diese Art und Weise etwa 500 dieser hochwertigen Gebrauchtfahrzeuge in Umlauf.<\/p>\n<p style=\"text-align: justify;\">Am 24. Juni schlugen die Ermittler dann in einer koordinierten Aktion zu und durchsuchten 19 Wohn- und Gesch\u00e4ftsr\u00e4ume bei insgesamt neun Tatverd\u00e4chtigen in den Landkreisen B\u00f6blingen, Ludwigsburg, Stuttgart, Reutlingen, Rems-Murr-Kreis und G\u00f6ppingen. Hierzu wurden die Beamten des Polizeipr\u00e4sidiums Ludwigsburg und des Zollfahndungsamts Stuttgart durch Einsatzkr\u00e4fte des Spezialeinsatzkommandos Baden-W\u00fcrttemberg und der Beweissicherungs- und Festnahmeeinheit des Polizeipr\u00e4sidiums Einsatz, sowie des Landeskriminalamts Baden-W\u00fcrttemberg und des Polizeipr\u00e4sidiums Reutlingen unterst\u00fctzt.<\/p>\n<p style=\"text-align: justify;\">&#8220;Durch das professionelle Zusammenwirken von Polizei und Zoll ist es gelungen, ein international agierendes kriminelles Netzwerk zu zerschlagen. Gewinnbringend war dabei auch die gute Zusammenarbeit des Landratsamts B\u00f6blingen mit den Ermittlern.&#8221;, sagt Leitender Kriminaldirektor Mathias B\u00f6lle, Leiter der Kriminalpolizeidirektion B\u00f6blingen. &#8220;Hier wurde unkompliziert und konstruktiv kooperiert, so dass wir jetzt auf ein gutes vorl\u00e4ufiges Ergebnis der Ermittlungen schauen k\u00f6nnen.&#8221;<\/p>\n<p style=\"text-align: justify;\">Nach dem bisherigen Stand fanden die Ermittler bei den Durchsuchungen etwa 50.000 Euro Bargeld , sowie verschiedene Datentr\u00e4ger und Unterlagen. Bei einem Tatverd\u00e4chtigen stie\u00df man auf zwei Sturmgewehre russischer Bauart, Munition, zwei Handgranaten und einem Kleinkalibergewehr. Die \u00dcberpr\u00fcfung der Waffen und Sprengmittel dauern noch an. Eine der Tatverd\u00e4chtigen, die die deutsche Staatsangeh\u00f6rigkeit besitzt, wurde gegen Mittag auf Antrag der Staatsanwaltschaft Stuttgart einem Haftrichter vorgef\u00fchrt. Dieser setzte den bereits zuvor erlassenen Haftbefehl in Vollzug. Sie wurde durch Kriminalbeamte in eine Justizvollzugsanstalt gebracht.<\/p>\n<p style=\"text-align: justify;\">Zeitgleich zu den Durchsuchungsma\u00dfnahmen in Baden-W\u00fcrttemberg schlugen Ermittler des Zollfahndungsamt Berlin in der Hauptstadt zu. Dort hatte sich ebenfalls eine deutsch-libanesische Gruppierung gebildet, die Bez\u00fcge zu der Gruppe in Baden-W\u00fcrttemberg hatte und dabei vor allem deren Beziehungen bei der Beschaffung von Zulassungspapieren und Sachverst\u00e4ndigengutachten ausnutzte. In Berlin durchsuchten die Beamten insgesamt 15 Objekte und vollstreckten drei Haftbefehle.<\/p>\n<hr \/>\n<p style=\"text-align: justify;\">\n","protected":false},"excerpt":{"rendered":"<p>Ludwigsburg.| Basierend auf initiativen Ermittlungen des Verkehrsdienstes Esslingen des Polizeipr\u00e4sidiums Reutlingen gipfelten umfangreiche mehrmonatige und zum Teil verdeckt gef\u00fchrte Ermittlungen einer gemeinsamen Ermittlungsgruppe der Kriminalpolizei des Polizeipr\u00e4sidiums Ludwigsburg und des Zollfahndungsamts Stuttgart am 24. Juni in \u00fcberregionalen Durchsuchungsma\u00dfnahmen. Die Ermittlungsgruppe &#8220;Sayara&#8221; hatte im November 2019 die Ermittlungen gegen eine vorwiegend deutsch-libanesische T\u00e4tergruppierung aufgenommen, die im [&hellip;]<\/p>\n","protected":false},"author":4,"featured_media":0,"comment_status":"closed","ping_status":"open","sticky":false,"template":"","format":"standard","meta":{"inline_featured_image":false,"_exactmetrics_skip_tracking":false,"_exactmetrics_sitenote_active":false,"_exactmetrics_sitenote_note":"","_exactmetrics_sitenote_category":0,"footnotes":""},"categories":[59,9098],"tags":[16724,14857,5,68,9],"class_list":{"0":"post-139195","1":"post","2":"type-post","3":"status-publish","4":"format-standard","6":"category-aktuell","7":"category-baden-wuerttemberg","8":"tag-autoschmugglerbande","9":"tag-die-webzeitung","10":"tag-internetzeitung","11":"tag-online-zeitung","12":"tag-schaumedia"},"image_feature":null,"author_name":"Redaktion","pure_taxonomies":{"categories":[{"term_id":59,"name":"Aktuell","slug":"aktuell","term_group":0,"term_taxonomy_id":60,"taxonomy":"category","description":"","parent":0,"count":1017,"filter":"raw","image":""},{"term_id":9098,"name":"Baden-W\u00fcrttemberg","slug":"baden-wuerttemberg","term_group":0,"term_taxonomy_id":9124,"taxonomy":"category","description":"","parent":171,"count":238,"filter":"raw","image":""}],"tags":[{"term_id":16724,"name":"Autoschmugglerbande","slug":"autoschmugglerbande","term_group":0,"term_taxonomy_id":16743,"taxonomy":"post_tag","description":"","parent":0,"count":1,"filter":"raw","image":""},{"term_id":14857,"name":"Die-Webzeitung","slug":"die-webzeitung","term_group":0,"term_taxonomy_id":14876,"taxonomy":"post_tag","description":"","parent":0,"count":3625,"filter":"raw","image":""},{"term_id":5,"name":"Internetzeitung","slug":"internetzeitung","term_group":0,"term_taxonomy_id":5,"taxonomy":"post_tag","description":"","parent":0,"count":1461,"filter":"raw","image":""},{"term_id":68,"name":"Online-Zeitung","slug":"online-zeitung","term_group":0,"term_taxonomy_id":69,"taxonomy":"post_tag","description":"","parent":0,"count":3595,"filter":"raw","image":""},{"term_id":9,"name":"SchauMedia","slug":"schaumedia","term_group":0,"term_taxonomy_id":9,"taxonomy":"post_tag","description":"","parent":0,"count":1607,"filter":"raw","image":""}]},"_links":{"self":[{"href":"https:\/\/die-webzeitung.de\/stuttgart\/wp-json\/wp\/v2\/posts\/139195","targetHints":{"allow":["GET"]}}],"collection":[{"href":"https:\/\/die-webzeitung.de\/stuttgart\/wp-json\/wp\/v2\/posts"}],"about":[{"href":"https:\/\/die-webzeitung.de\/stuttgart\/wp-json\/wp\/v2\/types\/post"}],"author":[{"embeddable":true,"href":"https:\/\/die-webzeitung.de\/stuttgart\/wp-json\/wp\/v2\/users\/4"}],"replies":[{"embeddable":true,"href":"https:\/\/die-webzeitung.de\/stuttgart\/wp-json\/wp\/v2\/comments?post=139195"}],"version-history":[{"count":0,"href":"https:\/\/die-webzeitung.de\/stuttgart\/wp-json\/wp\/v2\/posts\/139195\/revisions"}],"wp:attachment":[{"href":"https:\/\/die-webzeitung.de\/stuttgart\/wp-json\/wp\/v2\/media?parent=139195"}],"wp:term":[{"taxonomy":"category","embeddable":true,"href":"https:\/\/die-webzeitung.de\/stuttgart\/wp-json\/wp\/v2\/categories?post=139195"},{"taxonomy":"post_tag","embeddable":true,"href":"https:\/\/die-webzeitung.de\/stuttgart\/wp-json\/wp\/v2\/tags?post=139195"}],"curies":[{"name":"wp","href":"https:\/\/api.w.org\/{rel}","templated":true}]}}