{"id":139181,"date":"2020-06-22T18:23:46","date_gmt":"2020-06-22T17:23:46","guid":{"rendered":"https:\/\/die-webzeitung.de\/stuttgart\/?p=139181"},"modified":"2020-06-22T18:24:03","modified_gmt":"2020-06-22T17:24:03","slug":"ausschreitungen-hinweisportal-der-polizei","status":"publish","type":"post","link":"https:\/\/die-webzeitung.de\/stuttgart\/2020\/06\/22\/ausschreitungen-hinweisportal-der-polizei\/","title":{"rendered":"Ausschreitungen: Hinweisportal der Polizei"},"content":{"rendered":"<h5 style=\"text-align: justify;\"><strong>Angriffe auf Polizeibeamte und Ladengesch\u00e4fte in der Innenstadt <\/strong><\/h5>\n<p style=\"text-align: justify;\">Stuttgart.| Das im Zusammenhang mit den Ausschreitungen in der Stuttgarter Innenstadt in der Nacht zum Sonntag (21.06.2020) im Internet eingerichtete Hinweisportal ist weiterhin geschaltet und hier zu erreichen: <a href=\"https:\/\/t1p.de\/mtc2\" target=\"_blank\" rel=\"noopener noreferrer\">https:\/\/t1p.de\/mtc2<\/a>. Dort k\u00f6nnen Zeugen Videos und Fotos hochladen, aber auch weitere Hinweise geben. Unterst\u00fctzen Sie uns und hinterlassen Sie bitte Ihre Kontaktdaten f\u00fcr eventuelle R\u00fcckfragen. Weitere Hinweise zum Geschehen in der Stuttgarter Innenstadt nimmt die Kriminalpolizei dar\u00fcber hinaus unter der Rufnummer +49071189905778 entgegen.<\/p>\n<hr \/>\n<p style=\"text-align: justify;\">\n","protected":false},"excerpt":{"rendered":"<p>Angriffe auf Polizeibeamte und Ladengesch\u00e4fte in der Innenstadt Stuttgart.| Das im Zusammenhang mit den Ausschreitungen in der Stuttgarter Innenstadt in der Nacht zum Sonntag (21.06.2020) im Internet eingerichtete Hinweisportal ist weiterhin geschaltet und hier zu erreichen: https:\/\/t1p.de\/mtc2. Dort k\u00f6nnen Zeugen Videos und Fotos hochladen, aber auch weitere Hinweise geben. Unterst\u00fctzen Sie uns und hinterlassen Sie [&hellip;]<\/p>\n","protected":false},"author":4,"featured_media":0,"comment_status":"closed","ping_status":"open","sticky":false,"template":"","format":"standard","meta":{"inline_featured_image":false,"_exactmetrics_skip_tracking":false,"_exactmetrics_sitenote_active":false,"_exactmetrics_sitenote_note":"","_exactmetrics_sitenote_category":0,"footnotes":""},"categories":[59,2239],"tags":[15176,14857,16723,5,68,9,275],"class_list":{"0":"post-139181","1":"post","2":"type-post","3":"status-publish","4":"format-standard","6":"category-aktuell","7":"category-stuttgart-lokal","8":"tag-ausschreitungen","9":"tag-die-webzeitung","10":"tag-hinweisportal","11":"tag-internetzeitung","12":"tag-online-zeitung","13":"tag-schaumedia","14":"tag-stuttgart"},"image_feature":null,"author_name":"Redaktion","pure_taxonomies":{"categories":[{"term_id":59,"name":"Aktuell","slug":"aktuell","term_group":0,"term_taxonomy_id":60,"taxonomy":"category","description":"","parent":0,"count":1017,"filter":"raw","image":""},{"term_id":2239,"name":"Stuttgart","slug":"stuttgart-lokal","term_group":0,"term_taxonomy_id":2252,"taxonomy":"category","description":"Berichte und Informationen aus Stuttgart","parent":1433,"count":942,"filter":"raw","image":""}],"tags":[{"term_id":15176,"name":"Ausschreitungen","slug":"ausschreitungen","term_group":0,"term_taxonomy_id":15195,"taxonomy":"post_tag","description":"","parent":0,"count":2,"filter":"raw","image":""},{"term_id":14857,"name":"Die-Webzeitung","slug":"die-webzeitung","term_group":0,"term_taxonomy_id":14876,"taxonomy":"post_tag","description":"","parent":0,"count":3625,"filter":"raw","image":""},{"term_id":16723,"name":"Hinweisportal","slug":"hinweisportal","term_group":0,"term_taxonomy_id":16742,"taxonomy":"post_tag","description":"","parent":0,"count":1,"filter":"raw","image":""},{"term_id":5,"name":"Internetzeitung","slug":"internetzeitung","term_group":0,"term_taxonomy_id":5,"taxonomy":"post_tag","description":"","parent":0,"count":1461,"filter":"raw","image":""},{"term_id":68,"name":"Online-Zeitung","slug":"online-zeitung","term_group":0,"term_taxonomy_id":69,"taxonomy":"post_tag","description":"","parent":0,"count":3595,"filter":"raw","image":""},{"term_id":9,"name":"SchauMedia","slug":"schaumedia","term_group":0,"term_taxonomy_id":9,"taxonomy":"post_tag","description":"","parent":0,"count":1607,"filter":"raw","image":""},{"term_id":275,"name":"Stuttgart","slug":"stuttgart","term_group":0,"term_taxonomy_id":281,"taxonomy":"post_tag","description":"","parent":0,"count":1195,"filter":"raw","image":""}]},"_links":{"self":[{"href":"https:\/\/die-webzeitung.de\/stuttgart\/wp-json\/wp\/v2\/posts\/139181","targetHints":{"allow":["GET"]}}],"collection":[{"href":"https:\/\/die-webzeitung.de\/stuttgart\/wp-json\/wp\/v2\/posts"}],"about":[{"href":"https:\/\/die-webzeitung.de\/stuttgart\/wp-json\/wp\/v2\/types\/post"}],"author":[{"embeddable":true,"href":"https:\/\/die-webzeitung.de\/stuttgart\/wp-json\/wp\/v2\/users\/4"}],"replies":[{"embeddable":true,"href":"https:\/\/die-webzeitung.de\/stuttgart\/wp-json\/wp\/v2\/comments?post=139181"}],"version-history":[{"count":2,"href":"https:\/\/die-webzeitung.de\/stuttgart\/wp-json\/wp\/v2\/posts\/139181\/revisions"}],"predecessor-version":[{"id":139183,"href":"https:\/\/die-webzeitung.de\/stuttgart\/wp-json\/wp\/v2\/posts\/139181\/revisions\/139183"}],"wp:attachment":[{"href":"https:\/\/die-webzeitung.de\/stuttgart\/wp-json\/wp\/v2\/media?parent=139181"}],"wp:term":[{"taxonomy":"category","embeddable":true,"href":"https:\/\/die-webzeitung.de\/stuttgart\/wp-json\/wp\/v2\/categories?post=139181"},{"taxonomy":"post_tag","embeddable":true,"href":"https:\/\/die-webzeitung.de\/stuttgart\/wp-json\/wp\/v2\/tags?post=139181"}],"curies":[{"name":"wp","href":"https:\/\/api.w.org\/{rel}","templated":true}]}}