{"id":139171,"date":"2020-06-21T16:55:52","date_gmt":"2020-06-21T15:55:52","guid":{"rendered":"https:\/\/die-webzeitung.de\/stuttgart\/?p=139171"},"modified":"2020-06-21T16:55:52","modified_gmt":"2020-06-21T15:55:52","slug":"angriffe-auf-polizeibeamte-und-ladengeschaefte-in-der-innenstadt","status":"publish","type":"post","link":"https:\/\/die-webzeitung.de\/stuttgart\/2020\/06\/21\/angriffe-auf-polizeibeamte-und-ladengeschaefte-in-der-innenstadt\/","title":{"rendered":"Angriffe auf Polizeibeamte und Ladengesch\u00e4fte in der Innenstadt"},"content":{"rendered":"<h5 style=\"text-align: justify;\"><strong>Vorl\u00e4ufige Bilanz der Polizei<\/strong><\/h5>\n<p style=\"text-align: justify;\">Stuttgart.| Nach den Ausschreitungen in der Nacht zum Sonntag gibt die Polizei weitere Einzelheiten bekannt. Nach ersten Erkenntnissen war ein Einsatz wegen eines Rauschgiftdeliktes offenbar der Ausl\u00f6ser f\u00fcr die dann folgenden Ausschreitungen. W\u00e4hrend der vorl\u00e4ufigen Festnahme eines Tatverd\u00e4chtigen gegen 23.30 Uhr im Bereich des Oberen Schlossgartens solidarisierte sich eine Vielzahl der umstehenden Personen, griffen die eingesetzten Polizeibeamten an und bewarfen sie mit Steinen und Flaschen.<\/p>\n<p style=\"text-align: justify;\">Nachgeforderten Einsatzkr\u00e4ften gelang es zun\u00e4chst, auch unter Einsatz von unmittelbarem Zwang und Pfefferspray, die randalierende Menge von den einschreitenden Beamten in Richtung Schlossplatz wegzudr\u00e4ngen. In der Folge solidarisierten sich weitere anwesende Personen auf dem Schlossplatz, sodass sich nun mehrere Hundert Personen gegen die Polizeibeamten stellten und weiter mit Steinen und Flaschen nach ihnen warfen. Auch eingesetzte Rettungskr\u00e4fte wurden teilweise attackiert. Daraufhin wurden weitere Polizeikr\u00e4fte aus umliegenden Polizeipr\u00e4sidien sowie der Bundespolizei zur Unterst\u00fctzung alarmiert, auch ein Polizeihubschrauber kreiste zeitweise \u00fcber der Innenstadt.<\/p>\n<p style=\"text-align: justify;\">Die Randalierer zogen in einer Vielzahl von Kleingruppen unterschiedlicher Gr\u00f6\u00dfe durch die Innenstadt. Erst gegen 04.30 Uhr war die Situation beruhigt. Vorl\u00e4ufige Bilanz Stand 17.00 Uhr Einsatzkr\u00e4fte nahmen 24 mutma\u00dfliche Randalierer fest. 19 Polizeibeamte wurden verletzt, ein Beamter konnte aufgrund einer Verletzung an der Hand seinen Dienst nicht fortsetzen.<\/p>\n<p style=\"text-align: justify;\">Im Bereich der Innenstadt, vor allem der K\u00f6nigstra\u00dfe und der Marienstra\u00dfe, wurden bislang 30 Gesch\u00e4fte und Einrichtungen festgestellt, die von den Randalierern durch Einschlagen von T\u00fcren und Fensterscheiben teilweise erheblich besch\u00e4digt worden sind, darunter Mobilfunkl\u00e4den, Bekleidungsgesch\u00e4fte und Juweliere. Dar\u00fcber hinaus besch\u00e4digten die T\u00e4ter auch Werbetafeln und brachten Graffitis an. Bislang wurden acht Gesch\u00e4fte festgestellt, in die die Randalierer eindrangen und Waren pl\u00fcnderten.<\/p>\n<p style=\"text-align: justify;\">Bei dem Einsatz wurden, nach derzeitigem Stand, zw\u00f6lf Streifenwagen teilweise erheblich besch\u00e4digt. Auf diversen Videosequenzen, die in den sozialen Netzwerken kursieren, ist zu sehen, wie Randalierer mit St\u00fchlen und anderen Gegenst\u00e4nden auf die Streifenwagen einschlugen und die Scheiben zerst\u00f6rten. Die Polizei hat zur Aufkl\u00e4rung der Straftaten die 40-k\u00f6pfige Ermittlungsgruppe Eckensee eingerichtet und ermittelt im Auftrag der Staatsanwaltschaft Stuttgart unter anderem wegen des Verdachts des schweren Landfriedensbruchs.<\/p>\n<hr \/>\n<p style=\"text-align: justify;\">\n","protected":false},"excerpt":{"rendered":"<p>Vorl\u00e4ufige Bilanz der Polizei Stuttgart.| Nach den Ausschreitungen in der Nacht zum Sonntag gibt die Polizei weitere Einzelheiten bekannt. Nach ersten Erkenntnissen war ein Einsatz wegen eines Rauschgiftdeliktes offenbar der Ausl\u00f6ser f\u00fcr die dann folgenden Ausschreitungen. W\u00e4hrend der vorl\u00e4ufigen Festnahme eines Tatverd\u00e4chtigen gegen 23.30 Uhr im Bereich des Oberen Schlossgartens solidarisierte sich eine Vielzahl der [&hellip;]<\/p>\n","protected":false},"author":4,"featured_media":0,"comment_status":"closed","ping_status":"open","sticky":false,"template":"","format":"standard","meta":{"inline_featured_image":false,"_exactmetrics_skip_tracking":false,"_exactmetrics_sitenote_active":false,"_exactmetrics_sitenote_note":"","_exactmetrics_sitenote_category":0,"footnotes":""},"categories":[59,2239],"tags":[14857,5,68,12047,9,275],"class_list":{"0":"post-139171","1":"post","2":"type-post","3":"status-publish","4":"format-standard","6":"category-aktuell","7":"category-stuttgart-lokal","8":"tag-die-webzeitung","9":"tag-internetzeitung","10":"tag-online-zeitung","11":"tag-randalierer","12":"tag-schaumedia","13":"tag-stuttgart"},"image_feature":null,"author_name":"Redaktion","pure_taxonomies":{"categories":[{"term_id":59,"name":"Aktuell","slug":"aktuell","term_group":0,"term_taxonomy_id":60,"taxonomy":"category","description":"","parent":0,"count":1017,"filter":"raw","image":""},{"term_id":2239,"name":"Stuttgart","slug":"stuttgart-lokal","term_group":0,"term_taxonomy_id":2252,"taxonomy":"category","description":"Berichte und Informationen aus Stuttgart","parent":1433,"count":942,"filter":"raw","image":""}],"tags":[{"term_id":14857,"name":"Die-Webzeitung","slug":"die-webzeitung","term_group":0,"term_taxonomy_id":14876,"taxonomy":"post_tag","description":"","parent":0,"count":3625,"filter":"raw","image":""},{"term_id":5,"name":"Internetzeitung","slug":"internetzeitung","term_group":0,"term_taxonomy_id":5,"taxonomy":"post_tag","description":"","parent":0,"count":1461,"filter":"raw","image":""},{"term_id":68,"name":"Online-Zeitung","slug":"online-zeitung","term_group":0,"term_taxonomy_id":69,"taxonomy":"post_tag","description":"","parent":0,"count":3595,"filter":"raw","image":""},{"term_id":12047,"name":"Randalierer","slug":"randalierer","term_group":0,"term_taxonomy_id":12085,"taxonomy":"post_tag","description":"","parent":0,"count":1,"filter":"raw","image":""},{"term_id":9,"name":"SchauMedia","slug":"schaumedia","term_group":0,"term_taxonomy_id":9,"taxonomy":"post_tag","description":"","parent":0,"count":1607,"filter":"raw","image":""},{"term_id":275,"name":"Stuttgart","slug":"stuttgart","term_group":0,"term_taxonomy_id":281,"taxonomy":"post_tag","description":"","parent":0,"count":1195,"filter":"raw","image":""}]},"_links":{"self":[{"href":"https:\/\/die-webzeitung.de\/stuttgart\/wp-json\/wp\/v2\/posts\/139171","targetHints":{"allow":["GET"]}}],"collection":[{"href":"https:\/\/die-webzeitung.de\/stuttgart\/wp-json\/wp\/v2\/posts"}],"about":[{"href":"https:\/\/die-webzeitung.de\/stuttgart\/wp-json\/wp\/v2\/types\/post"}],"author":[{"embeddable":true,"href":"https:\/\/die-webzeitung.de\/stuttgart\/wp-json\/wp\/v2\/users\/4"}],"replies":[{"embeddable":true,"href":"https:\/\/die-webzeitung.de\/stuttgart\/wp-json\/wp\/v2\/comments?post=139171"}],"version-history":[{"count":1,"href":"https:\/\/die-webzeitung.de\/stuttgart\/wp-json\/wp\/v2\/posts\/139171\/revisions"}],"predecessor-version":[{"id":139172,"href":"https:\/\/die-webzeitung.de\/stuttgart\/wp-json\/wp\/v2\/posts\/139171\/revisions\/139172"}],"wp:attachment":[{"href":"https:\/\/die-webzeitung.de\/stuttgart\/wp-json\/wp\/v2\/media?parent=139171"}],"wp:term":[{"taxonomy":"category","embeddable":true,"href":"https:\/\/die-webzeitung.de\/stuttgart\/wp-json\/wp\/v2\/categories?post=139171"},{"taxonomy":"post_tag","embeddable":true,"href":"https:\/\/die-webzeitung.de\/stuttgart\/wp-json\/wp\/v2\/tags?post=139171"}],"curies":[{"name":"wp","href":"https:\/\/api.w.org\/{rel}","templated":true}]}}