{"id":139101,"date":"2020-06-12T16:07:25","date_gmt":"2020-06-12T15:07:25","guid":{"rendered":"https:\/\/die-webzeitung.de\/stuttgart\/?p=139101"},"modified":"2020-06-12T16:07:25","modified_gmt":"2020-06-12T15:07:25","slug":"polizeieinsatz-bei-demonstrationen-am-wochenende","status":"publish","type":"post","link":"https:\/\/die-webzeitung.de\/stuttgart\/2020\/06\/12\/polizeieinsatz-bei-demonstrationen-am-wochenende\/","title":{"rendered":"Polizeieinsatz bei Demonstrationen am Wochenende"},"content":{"rendered":"<p style=\"text-align: justify;\">Stuttgart.| Die Polizei wird am Samstag (13.06.2020) anl\u00e4sslich mehrerer angemeldeter Demonstrationen in einem gr\u00f6\u00dferen Polizeieinsatz mit mehreren Hundert Polizeibeamten in der Stuttgarter Innenstadt und am Wasen pr\u00e4sent sein.<\/p>\n<p style=\"text-align: justify;\">Mehrfach kam es am Rande der zur\u00fcckliegenden Versammlungen und Aufz\u00fcgen in Stuttgart zu \u00dcbergriffen. Passanten wurden verletzt, Einsatzbeamte mit Gegenst\u00e4nden und Pflastersteinen beworfen und beleidigt sowie Fahrzeuge besch\u00e4digt. Zus\u00e4tzlich waren zuletzt vornehmlich Personen des linken Spektrums auch vor das Polizeirevier in der Theodor-Heuss-Stra\u00dfe gezogen, beleidigten die Wachbeamten und trommelten gegen T\u00fcren.<\/p>\n<p style=\"text-align: justify;\">Neben einer Vielzahl von Kolleginnen und Kollegen, unterst\u00fctzt von der Bereitschaftspolizei, wird zeitweise auch der Polizeihubschrauber \u00fcber der Stadt fliegen. Durch die Versammlungen und den begleitenden Polizeieinsatz muss mit Verkehrsbehinderungen und zeitweise gesperrten Stra\u00dfen in der Innenstadt gerechnet werden.<\/p>\n<hr \/>\n<p style=\"text-align: justify;\">\n","protected":false},"excerpt":{"rendered":"<p>Stuttgart.| Die Polizei wird am Samstag (13.06.2020) anl\u00e4sslich mehrerer angemeldeter Demonstrationen in einem gr\u00f6\u00dferen Polizeieinsatz mit mehreren Hundert Polizeibeamten in der Stuttgarter Innenstadt und am Wasen pr\u00e4sent sein. Mehrfach kam es am Rande der zur\u00fcckliegenden Versammlungen und Aufz\u00fcgen in Stuttgart zu \u00dcbergriffen. Passanten wurden verletzt, Einsatzbeamte mit Gegenst\u00e4nden und Pflastersteinen beworfen und beleidigt sowie Fahrzeuge [&hellip;]<\/p>\n","protected":false},"author":4,"featured_media":0,"comment_status":"closed","ping_status":"open","sticky":false,"template":"","format":"standard","meta":{"inline_featured_image":false,"_exactmetrics_skip_tracking":false,"_exactmetrics_sitenote_active":false,"_exactmetrics_sitenote_note":"","_exactmetrics_sitenote_category":0,"footnotes":""},"categories":[59,2239],"tags":[16714,12534,14857,5,68,205,275],"class_list":{"0":"post-139101","1":"post","2":"type-post","3":"status-publish","4":"format-standard","6":"category-aktuell","7":"category-stuttgart-lokal","8":"tag-aufmrsch","9":"tag-demonstration","10":"tag-die-webzeitung","11":"tag-internetzeitung","12":"tag-online-zeitung","13":"tag-polizei","14":"tag-stuttgart"},"image_feature":null,"author_name":"Redaktion","pure_taxonomies":{"categories":[{"term_id":59,"name":"Aktuell","slug":"aktuell","term_group":0,"term_taxonomy_id":60,"taxonomy":"category","description":"","parent":0,"count":1017,"filter":"raw","image":""},{"term_id":2239,"name":"Stuttgart","slug":"stuttgart-lokal","term_group":0,"term_taxonomy_id":2252,"taxonomy":"category","description":"Berichte und Informationen aus Stuttgart","parent":1433,"count":942,"filter":"raw","image":""}],"tags":[{"term_id":16714,"name":"Aufmrsch","slug":"aufmrsch","term_group":0,"term_taxonomy_id":16733,"taxonomy":"post_tag","description":"","parent":0,"count":1,"filter":"raw","image":""},{"term_id":12534,"name":"Demonstration","slug":"demonstration","term_group":0,"term_taxonomy_id":12574,"taxonomy":"post_tag","description":"","parent":0,"count":16,"filter":"raw","image":""},{"term_id":14857,"name":"Die-Webzeitung","slug":"die-webzeitung","term_group":0,"term_taxonomy_id":14876,"taxonomy":"post_tag","description":"","parent":0,"count":3625,"filter":"raw","image":""},{"term_id":5,"name":"Internetzeitung","slug":"internetzeitung","term_group":0,"term_taxonomy_id":5,"taxonomy":"post_tag","description":"","parent":0,"count":1461,"filter":"raw","image":""},{"term_id":68,"name":"Online-Zeitung","slug":"online-zeitung","term_group":0,"term_taxonomy_id":69,"taxonomy":"post_tag","description":"","parent":0,"count":3595,"filter":"raw","image":""},{"term_id":205,"name":"Polizei","slug":"polizei","term_group":0,"term_taxonomy_id":208,"taxonomy":"post_tag","description":"","parent":0,"count":277,"filter":"raw","image":""},{"term_id":275,"name":"Stuttgart","slug":"stuttgart","term_group":0,"term_taxonomy_id":281,"taxonomy":"post_tag","description":"","parent":0,"count":1195,"filter":"raw","image":""}]},"_links":{"self":[{"href":"https:\/\/die-webzeitung.de\/stuttgart\/wp-json\/wp\/v2\/posts\/139101","targetHints":{"allow":["GET"]}}],"collection":[{"href":"https:\/\/die-webzeitung.de\/stuttgart\/wp-json\/wp\/v2\/posts"}],"about":[{"href":"https:\/\/die-webzeitung.de\/stuttgart\/wp-json\/wp\/v2\/types\/post"}],"author":[{"embeddable":true,"href":"https:\/\/die-webzeitung.de\/stuttgart\/wp-json\/wp\/v2\/users\/4"}],"replies":[{"embeddable":true,"href":"https:\/\/die-webzeitung.de\/stuttgart\/wp-json\/wp\/v2\/comments?post=139101"}],"version-history":[{"count":1,"href":"https:\/\/die-webzeitung.de\/stuttgart\/wp-json\/wp\/v2\/posts\/139101\/revisions"}],"predecessor-version":[{"id":139102,"href":"https:\/\/die-webzeitung.de\/stuttgart\/wp-json\/wp\/v2\/posts\/139101\/revisions\/139102"}],"wp:attachment":[{"href":"https:\/\/die-webzeitung.de\/stuttgart\/wp-json\/wp\/v2\/media?parent=139101"}],"wp:term":[{"taxonomy":"category","embeddable":true,"href":"https:\/\/die-webzeitung.de\/stuttgart\/wp-json\/wp\/v2\/categories?post=139101"},{"taxonomy":"post_tag","embeddable":true,"href":"https:\/\/die-webzeitung.de\/stuttgart\/wp-json\/wp\/v2\/tags?post=139101"}],"curies":[{"name":"wp","href":"https:\/\/api.w.org\/{rel}","templated":true}]}}