{"id":139052,"date":"2020-06-09T13:20:23","date_gmt":"2020-06-09T12:20:23","guid":{"rendered":"https:\/\/die-webzeitung.de\/stuttgart\/?p=139052"},"modified":"2020-06-09T13:20:36","modified_gmt":"2020-06-09T12:20:36","slug":"grosser-erfolg-die-corona-hotline-der-aktiven-stuttgarter","status":"publish","type":"post","link":"https:\/\/die-webzeitung.de\/stuttgart\/2020\/06\/09\/grosser-erfolg-die-corona-hotline-der-aktiven-stuttgarter\/","title":{"rendered":"Gro\u00dfer Erfolg: Die Corona-Hotline der aktiven Stuttgarter"},"content":{"rendered":"<p style=\"text-align: justify;\"><strong>\u00dcber drei Monate hinweg lief die Corona-Hotline der aktiven Stuttgarter. Nun stellen die Beteiligten erst einmal diesen tollen Service f\u00fcr kleinere und mittlere Unternehmen an diesem Freitag, 12. Juni 2020, ein.<\/strong><br \/>\n<strong>\u00ad<\/strong><br \/>\n\u00adStuttgart.| Die Corona-Hotline der aktiven Stuttgarter, die mit Unterst\u00fctzung der Wirtschaftsf\u00f6rderung kurz\u00adfristig t\u00e4glich von 13 und 17 Uhr eingerichtet worden war und seit Ende M\u00e4rz Anfragen zu den verschiedensten Themen bearbeitet hat, beendet nun erst einmal ihre erfolgreiche Arbeit. In den rund drei Monaten wurden insgesamt weit \u00fcber 200 eingehende Anfragen notiert, die die beiden Vorst\u00e4nde Angelika Grupp und Frank Oschatz gesichtet und an die verschiedenen Fachleute weitergegeben haben. Ehrenamtliche Experten aus Steuer, Recht, Unternehmensberatung und Gesundheit nahmen sich der Beantwortung der Fragen rund um das Virus, Hygiene- und Arbeitsvorschriften an und gaben Informationen zu wirtschaftlichen und rechtlichen Hilfen weiter. In den letzten Wochen erg\u00e4nzten das Angebot Coaches und Therapeuten, die die mit Corona und dem Lockdown einher\u00adgehen\u00adden \u00c4ngste, Sorgen und N\u00f6te versucht haben abzufedern. Alle Anfragen wurden pers\u00f6nlich per Telefon oder per Mail, falls nicht erreichbar, beantwortet. Die R\u00fcckmeldungen der Unternehmer, die die Hotline in Anspruch genommen haben, waren durchweg positiv.<\/p>\n<p style=\"text-align: justify;\">\u201eEs war eine anspruchsvolle Aufgabe, sowohl vom Zeitaufwand, die wir als Vorst\u00e4nde und die Berater ja als Ehrenamtliche geleistet haben, als auch von der Vielf\u00e4ltigkeit der Anfragen her,\u201c res\u00fcmiert Angelika Grupp, Vorstand der Aktiven Stuttgarter, die Zeit w\u00e4hrend der Hotline. \u201eSogar Institutionen des \u00f6ffentlichen Lebens und Privatpersonen haben uns kontaktiert; letztere haben wir dann allerdings an die entsprechenden \u00f6ffentlichen Stellen weiterverweisen m\u00fcssen.\u201c<\/p>\n<p style=\"text-align: justify;\">Der gleich zu Anfang sichtbar werdende dringende Bedarf an Mundschutz, Handschuhen und Desinfektionsmittel etc., um in vielen Bereichen den Gesch\u00e4ftsbetrieb \u00fcberhaupt aufrecht erhalten zu k\u00f6nnen, konnte ebenfalls \u00fcber die Hotline gedeckt werden. Die in diesem Zeitraum kaum am freien Markt erh\u00e4ltlichen Hygieneartikel haben die aktiven Stuttgarter in Kooperation mit einer Einkaufsgemeinschaft zu g\u00fcnstigen Konditionen beschafft. Diese Zusammenarbeit, die bereits vor Corona bestand, hat sich in dieser Zeit vertieft und wurde zu einer stabilen St\u00fctze. Die Ratsuchenden erhielten so neben den vielen wertvollen Informationen auch ganz praktische Hilfe w\u00e4hrend des Corona-Lockdown.<\/p>\n<p style=\"text-align: justify;\">Mit den Lockerungen und \u00d6ffnungen in fast allen Bereichen werden die Fragen nun weniger und daher sehen die aktiven Stuttgarter derzeit keine Notwendigkeit mehr f\u00fcr das Angebot der Hotline.\u00a0Jedoch werden die aktuellen Informationen zu \u00c4nderungen in Sachen Corona weiterhin auf der Website der aktive Stuttgarter e.V. zu finden sein.<\/p>\n<hr \/>\n<p style=\"text-align: justify;\">\n","protected":false},"excerpt":{"rendered":"<p>\u00dcber drei Monate hinweg lief die Corona-Hotline der aktiven Stuttgarter. Nun stellen die Beteiligten erst einmal diesen tollen Service f\u00fcr kleinere und mittlere Unternehmen an diesem Freitag, 12. Juni 2020, ein. \u00ad \u00adStuttgart.| Die Corona-Hotline der aktiven Stuttgarter, die mit Unterst\u00fctzung der Wirtschaftsf\u00f6rderung kurz\u00adfristig t\u00e4glich von 13 und 17 Uhr eingerichtet worden war und seit [&hellip;]<\/p>\n","protected":false},"author":4,"featured_media":0,"comment_status":"closed","ping_status":"open","sticky":false,"template":"","format":"standard","meta":{"inline_featured_image":false,"_exactmetrics_skip_tracking":false,"_exactmetrics_sitenote_active":false,"_exactmetrics_sitenote_note":"","_exactmetrics_sitenote_category":0,"footnotes":""},"categories":[59,2239],"tags":[16573,14857,16596,68,275],"class_list":{"0":"post-139052","1":"post","2":"type-post","3":"status-publish","4":"format-standard","6":"category-aktuell","7":"category-stuttgart-lokal","8":"tag-corona","9":"tag-die-webzeitung","10":"tag-hotline","11":"tag-online-zeitung","12":"tag-stuttgart"},"image_feature":null,"author_name":"Redaktion","pure_taxonomies":{"categories":[{"term_id":59,"name":"Aktuell","slug":"aktuell","term_group":0,"term_taxonomy_id":60,"taxonomy":"category","description":"","parent":0,"count":1017,"filter":"raw","image":""},{"term_id":2239,"name":"Stuttgart","slug":"stuttgart-lokal","term_group":0,"term_taxonomy_id":2252,"taxonomy":"category","description":"Berichte und Informationen aus Stuttgart","parent":1433,"count":942,"filter":"raw","image":""}],"tags":[{"term_id":16573,"name":"Corona","slug":"corona","term_group":0,"term_taxonomy_id":16592,"taxonomy":"post_tag","description":"","parent":0,"count":81,"filter":"raw","image":""},{"term_id":14857,"name":"Die-Webzeitung","slug":"die-webzeitung","term_group":0,"term_taxonomy_id":14876,"taxonomy":"post_tag","description":"","parent":0,"count":3625,"filter":"raw","image":""},{"term_id":16596,"name":"Hotline","slug":"hotline","term_group":0,"term_taxonomy_id":16615,"taxonomy":"post_tag","description":"","parent":0,"count":2,"filter":"raw","image":""},{"term_id":68,"name":"Online-Zeitung","slug":"online-zeitung","term_group":0,"term_taxonomy_id":69,"taxonomy":"post_tag","description":"","parent":0,"count":3595,"filter":"raw","image":""},{"term_id":275,"name":"Stuttgart","slug":"stuttgart","term_group":0,"term_taxonomy_id":281,"taxonomy":"post_tag","description":"","parent":0,"count":1195,"filter":"raw","image":""}]},"_links":{"self":[{"href":"https:\/\/die-webzeitung.de\/stuttgart\/wp-json\/wp\/v2\/posts\/139052","targetHints":{"allow":["GET"]}}],"collection":[{"href":"https:\/\/die-webzeitung.de\/stuttgart\/wp-json\/wp\/v2\/posts"}],"about":[{"href":"https:\/\/die-webzeitung.de\/stuttgart\/wp-json\/wp\/v2\/types\/post"}],"author":[{"embeddable":true,"href":"https:\/\/die-webzeitung.de\/stuttgart\/wp-json\/wp\/v2\/users\/4"}],"replies":[{"embeddable":true,"href":"https:\/\/die-webzeitung.de\/stuttgart\/wp-json\/wp\/v2\/comments?post=139052"}],"version-history":[{"count":2,"href":"https:\/\/die-webzeitung.de\/stuttgart\/wp-json\/wp\/v2\/posts\/139052\/revisions"}],"predecessor-version":[{"id":139054,"href":"https:\/\/die-webzeitung.de\/stuttgart\/wp-json\/wp\/v2\/posts\/139052\/revisions\/139054"}],"wp:attachment":[{"href":"https:\/\/die-webzeitung.de\/stuttgart\/wp-json\/wp\/v2\/media?parent=139052"}],"wp:term":[{"taxonomy":"category","embeddable":true,"href":"https:\/\/die-webzeitung.de\/stuttgart\/wp-json\/wp\/v2\/categories?post=139052"},{"taxonomy":"post_tag","embeddable":true,"href":"https:\/\/die-webzeitung.de\/stuttgart\/wp-json\/wp\/v2\/tags?post=139052"}],"curies":[{"name":"wp","href":"https:\/\/api.w.org\/{rel}","templated":true}]}}