{"id":139002,"date":"2020-06-03T13:55:18","date_gmt":"2020-06-03T12:55:18","guid":{"rendered":"https:\/\/die-webzeitung.de\/stuttgart\/?p=139002"},"modified":"2020-06-03T13:55:18","modified_gmt":"2020-06-03T12:55:18","slug":"weitere-vbl-rueckkehrerin-fuer-allianz-mtv-stuttgart","status":"publish","type":"post","link":"https:\/\/die-webzeitung.de\/stuttgart\/2020\/06\/03\/weitere-vbl-rueckkehrerin-fuer-allianz-mtv-stuttgart\/","title":{"rendered":"Weitere VBL-R\u00fcckkehrerin f\u00fcr Allianz MTV Stuttgart"},"content":{"rendered":"<p style=\"text-align: justify;\">Das dritte Mal schafft es das Stuttgarter Topteam eine bereits in der Bundesliga bekannte Spielerin aus dem Ausland zur\u00fcckzuholen. Dora Grozer wird in der kommenden Saison Allianz MTV Stuttgart im Au\u00dfenangriff verst\u00e4rken.<\/p>\n<p style=\"text-align: justify;\">Der Name Grozer ist bis weit \u00fcber die Landesgrenzen bekannt. Kaum eine Familie ist so mit dem Volleyball verbunden wie die deutsch-ungarischen Grozers. Der wohl Bekannteste ist Ex-Nationalspieler Georg Grozer. Doch auch seine Gro\u00dfmutter, seine Eltern und seine beiden Geschwister spielten bzw. spielen noch heute erfolgreich. Ein Teil der Grozer-Dynastie ab sofort in Stuttgart.<\/p>\n<p style=\"text-align: justify;\">Die in Duisburg geborene Dora wechselte bereits mit 15 Jahren von ihren ersten Vereinen nach M\u00fcnster ins Sportinternat. Ab da ging es f\u00fcr sie bergauf. Nach Zwischenstopps beim TV Gladbeck und den Ladies in Black Aachen geh\u00f6rte die 1,82 gro\u00dfe Au\u00dfenangreiferin von 2016-2018 dem Kader des hessischen Erstligisten VC Wiesbaden an. Diese Station bewegte die Deutsch-Ungarin beinahe dazu, die Volleyballschuhe endg\u00fcltig an den Nagel zu h\u00e4ngen. Doch dann kam ein Angebot aus der Schweiz. Zwei Jahre lang ging die mittlerweile 24-J\u00e4hrige f\u00fcr den Schweizer Erstligisten Sm\u2019Aesch Pfeffingen ans Netz und entwickelte sich dort zu einer F\u00fchrungsspielerin weiter. Hier wurde sie nicht nur MVP der Spielzeit 2018\/19, sondern rangierte mit ihrem Club beim Abbruch der vergangenen Saison auf Rang 1 der Liga.<\/p>\n<p style=\"text-align: justify;\">Allianz MTV Stuttgart ist f\u00fcr die erfahrene Au\u00dfenangreiferin kein unbekannter Club. Neben zahlreichen Pflichtspielen im Rahmen der Bundesliga, d\u00fcrften besonders zwei Spiele Grozer in Erinnerung geblieben sein. 2015 kam es zur Begegnung im Pokalfinale, damals noch mit Aachen. Nach einem hartumk\u00e4mpften Match und einer Aufholjagd der Stuttgarterinnen, ging der Pot schlussendlich tats\u00e4chlich in den S\u00fcden Deutschlands und Aachen musste sich geschlagen geben. Der zweite gro\u00dfe Moment war das Pokalhalbfinale 2017\/18, das Grozer, damals mit Wiesbaden, im Hexenkessel SCHARRena f\u00fcr sich entscheiden und somit das Ticket nach Mannheim l\u00f6sen konnte.<\/p>\n<p style=\"text-align: justify;\">Nun also tr\u00e4gt Grozer ab sofort blau und m\u00f6chte an ihre bisherigen Erfolge in und au\u00dferhalb der Deutschen Bundesliga ankn\u00fcpfen. Nicht nur die Verantwortlichen von Allianz MTV Stuttgart freuen sich \u00fcber diesen Neuzugang. Auch die Stuttgarter Fans werden Grozer mit Sicherheit mit offenen Armen begr\u00fc\u00dfen.<\/p>\n<p style=\"text-align: justify;\">Head-Coach Giannis Athanasopoulos: \u201eDora hat sich in der Schweiz sehr gut entwickelt und kann nun in Stuttgart den n\u00e4chsten Schritt gehen. Wir freuen uns sehr, sie bei uns zu haben und damit mit f\u00fcnf starken Au\u00dfenangreiferinnen in die n\u00e4chste Saison zu gehen.\u201c<\/p>\n<p style=\"text-align: justify;\">Sportdirektorin Kim Renkema: \u201eDora ist eine deutsche Spielerin, die sich in den letzten beiden Jahren immer weiterentwickelt hat und in der Schweiz eine immens wichtige Rolle gespielt hat. Wir haben sie die letzten zwei Jahre schon beobachtet und dieses Jahr war einfach der perfekte Moment es zu versuchen, sie wieder in die Bundesliga zu holen. Wir denken, dass sie bei uns sehr gut ins Team passen und eine gute Einheit mit unseren anderen Au\u00dfenangreiferinnen bilden wird. Wir freuen uns immer, wenn wir ein deutsches Gesicht bekommen k\u00f6nnen. Dora ist eine Allround-Spielerin, die uns sowohl in der Annahme als auch im Angriff und im Block sehr weiterhelfen kann. Das passt einfach perfekt in unsere Mischung und wir freuen uns sehr, dass wir Dora bald in Stuttgart begr\u00fc\u00dfen k\u00f6nnen.\u201c<\/p>\n<hr \/>\n<p style=\"text-align: justify;\">\n","protected":false},"excerpt":{"rendered":"<p>Das dritte Mal schafft es das Stuttgarter Topteam eine bereits in der Bundesliga bekannte Spielerin aus dem Ausland zur\u00fcckzuholen. Dora Grozer wird in der kommenden Saison Allianz MTV Stuttgart im Au\u00dfenangriff verst\u00e4rken. Der Name Grozer ist bis weit \u00fcber die Landesgrenzen bekannt. Kaum eine Familie ist so mit dem Volleyball verbunden wie die deutsch-ungarischen Grozers. [&hellip;]<\/p>\n","protected":false},"author":4,"featured_media":139003,"comment_status":"closed","ping_status":"open","sticky":false,"template":"","format":"standard","meta":{"inline_featured_image":false,"_exactmetrics_skip_tracking":false,"_exactmetrics_sitenote_active":false,"_exactmetrics_sitenote_note":"","_exactmetrics_sitenote_category":0,"footnotes":""},"categories":[110],"tags":[16187,131,14857,16698,13736,68,275,10629],"class_list":{"0":"post-139002","1":"post","2":"type-post","3":"status-publish","4":"format-standard","5":"has-post-thumbnail","7":"category-sport","8":"tag-allianz-mtv","9":"tag-bundesliga","10":"tag-die-webzeitung","11":"tag-grozer","12":"tag-mtv","13":"tag-online-zeitung","14":"tag-stuttgart","15":"tag-volleyball"},"image_feature":"https:\/\/die-webzeitung.de\/stuttgart\/wp-content\/uploads\/sites\/4\/2020\/06\/DoraGrozer-1.jpg","author_name":"Redaktion","pure_taxonomies":{"categories":[{"term_id":110,"name":"Sport","slug":"sport","term_group":0,"term_taxonomy_id":112,"taxonomy":"category","description":"Sportberichte","parent":0,"count":1043,"filter":"raw","image":""}],"tags":[{"term_id":16187,"name":"Allianz MTV","slug":"allianz-mtv","term_group":0,"term_taxonomy_id":16206,"taxonomy":"post_tag","description":"","parent":0,"count":44,"filter":"raw","image":""},{"term_id":131,"name":"Bundesliga","slug":"bundesliga","term_group":0,"term_taxonomy_id":133,"taxonomy":"post_tag","description":"","parent":0,"count":699,"filter":"raw","image":""},{"term_id":14857,"name":"Die-Webzeitung","slug":"die-webzeitung","term_group":0,"term_taxonomy_id":14876,"taxonomy":"post_tag","description":"","parent":0,"count":3625,"filter":"raw","image":""},{"term_id":16698,"name":"Grozer","slug":"grozer","term_group":0,"term_taxonomy_id":16717,"taxonomy":"post_tag","description":"","parent":0,"count":1,"filter":"raw","image":""},{"term_id":13736,"name":"MTV","slug":"mtv","term_group":0,"term_taxonomy_id":13778,"taxonomy":"post_tag","description":"","parent":0,"count":22,"filter":"raw","image":""},{"term_id":68,"name":"Online-Zeitung","slug":"online-zeitung","term_group":0,"term_taxonomy_id":69,"taxonomy":"post_tag","description":"","parent":0,"count":3595,"filter":"raw","image":""},{"term_id":275,"name":"Stuttgart","slug":"stuttgart","term_group":0,"term_taxonomy_id":281,"taxonomy":"post_tag","description":"","parent":0,"count":1195,"filter":"raw","image":""},{"term_id":10629,"name":"Volleyball","slug":"volleyball","term_group":0,"term_taxonomy_id":10665,"taxonomy":"post_tag","description":"","parent":0,"count":90,"filter":"raw","image":""}]},"_links":{"self":[{"href":"https:\/\/die-webzeitung.de\/stuttgart\/wp-json\/wp\/v2\/posts\/139002","targetHints":{"allow":["GET"]}}],"collection":[{"href":"https:\/\/die-webzeitung.de\/stuttgart\/wp-json\/wp\/v2\/posts"}],"about":[{"href":"https:\/\/die-webzeitung.de\/stuttgart\/wp-json\/wp\/v2\/types\/post"}],"author":[{"embeddable":true,"href":"https:\/\/die-webzeitung.de\/stuttgart\/wp-json\/wp\/v2\/users\/4"}],"replies":[{"embeddable":true,"href":"https:\/\/die-webzeitung.de\/stuttgart\/wp-json\/wp\/v2\/comments?post=139002"}],"version-history":[{"count":1,"href":"https:\/\/die-webzeitung.de\/stuttgart\/wp-json\/wp\/v2\/posts\/139002\/revisions"}],"predecessor-version":[{"id":139004,"href":"https:\/\/die-webzeitung.de\/stuttgart\/wp-json\/wp\/v2\/posts\/139002\/revisions\/139004"}],"wp:featuredmedia":[{"embeddable":true,"href":"https:\/\/die-webzeitung.de\/stuttgart\/wp-json\/wp\/v2\/media\/139003"}],"wp:attachment":[{"href":"https:\/\/die-webzeitung.de\/stuttgart\/wp-json\/wp\/v2\/media?parent=139002"}],"wp:term":[{"taxonomy":"category","embeddable":true,"href":"https:\/\/die-webzeitung.de\/stuttgart\/wp-json\/wp\/v2\/categories?post=139002"},{"taxonomy":"post_tag","embeddable":true,"href":"https:\/\/die-webzeitung.de\/stuttgart\/wp-json\/wp\/v2\/tags?post=139002"}],"curies":[{"name":"wp","href":"https:\/\/api.w.org\/{rel}","templated":true}]}}