{"id":138949,"date":"2020-05-29T13:27:53","date_gmt":"2020-05-29T12:27:53","guid":{"rendered":"https:\/\/die-webzeitung.de\/stuttgart\/?p=138949"},"modified":"2020-05-29T13:27:54","modified_gmt":"2020-05-29T12:27:54","slug":"landratsamt-und-seine-aussenstellen-oeffnen-wieder","status":"publish","type":"post","link":"https:\/\/die-webzeitung.de\/stuttgart\/2020\/05\/29\/landratsamt-und-seine-aussenstellen-oeffnen-wieder\/","title":{"rendered":"Landratsamt und seine Au\u00dfenstellen \u00f6ffnen wieder"},"content":{"rendered":"<h5 style=\"text-align: justify;\"><strong>Ab 2. Juni wieder f\u00fcr den vollst\u00e4ndigen Besucherverkehr da &#8211; vorherige Terminvereinbarung wird dringend empfohlen<\/strong><\/h5>\n<h5 style=\"text-align: justify;\">Kreis Esslingen.| Alle Dienststellen des Landratsamtes Esslingen werden ab dem 2. Juni 2020 wieder vollst\u00e4ndig f\u00fcr die B\u00fcrgerinnen und B\u00fcrger ge\u00f6ffnet.<\/h5>\n<p style=\"text-align: justify;\">Die Verwaltung erwartet, dass nach dem \u201elockdown\u201c sehr viele B\u00fcrgerinnen und B\u00fcrger zeitnah versuchen werden, die Dienstleistungen des Landratsamtes in Anspruch zu nehmen um bisher aufgeschobene Besuche nachzuholen. Die Kreisverwaltung bittet daher, in den ersten Tagen der \u00d6ffnung, dies nur in dringenden F\u00e4llen zu tun und empfiehlt, den Beh\u00f6rdengang, wenn m\u00f6glich, noch um ein oder zwei Wochen zu verschieben.<\/p>\n<p style=\"text-align: justify;\">Ein Besucherlenkungskonzept soll daf\u00fcr sorgen, Menschenansammlungen in Wartebereichen im Haus zu verhindern, um einer Ausbreitung des Corona-Virus entgegenzuwirken. F\u00fcr die Besucher in Esslingen wird es k\u00fcnftig drei Zug\u00e4nge geben. An allen Eing\u00e4ngen wird Servicepersonal die Besucher unterst\u00fctzen und lenken. Zudem wird die Besucherlenkung ausgeschildert.<\/p>\n<p style=\"text-align: justify;\">Um lange Wartezeiten zu vermeiden, wird dringend gebeten, vor einem Besuch des Landratsamts und seiner Au\u00dfenstellen online oder telefonisch einen Termin zu vereinbaren. Die Terminbest\u00e4tigung sollte in Papierform bzw. die erhaltene Anmeldenummer mitgebracht werden. Dies kann den Einlass beschleunigen.<\/p>\n<p style=\"text-align: justify;\">Besucher ohne Terminvereinbarung m\u00fcssen mit langen Wartezeiten rechnen, bzw. damit, dass das Anliegen an diesem Tag nicht bearbeitet werden kann.<\/p>\n<p style=\"text-align: justify;\">Bei den Zulassungsstellen und F\u00fchrerscheinstellen im Landkreis sind derzeit maximal rund 1.000 Kundenkontakte t\u00e4glich m\u00f6glich.<\/p>\n<p style=\"text-align: justify;\">F\u00fcr Besucher ohne Terminvereinbarung werden Wartemarken ausgegeben. T\u00e4glich gibt es ein begrenztes Kontingent. Ist die Maximalzahl des Tages erreicht, kann vor Ort ein Termin f\u00fcr einen anderen Tag vereinbart werden.<\/p>\n<p style=\"text-align: justify;\">Das Konzept f\u00fcr die strukturierte Besucherlenkung sieht weiter vor, innerhalb des Geb\u00e4udes Besucherstr\u00f6me zu trennen und die Zahl der sich gleichzeitig im Geb\u00e4ude befindlichen Personen zu begrenzen. Durch diese Schutzma\u00dfnahmen sollen sowohl die B\u00fcrgerinnen und B\u00fcrger als auch die Mitarbeitenden vor einer Infektion gesch\u00fctzt werden. Weiter sind im Geb\u00e4ude vielfach Spender mit Desinfektionsmitteln aufgestellt. An allen Schalterpl\u00e4tzen ist ein entsprechender Spuckschutz vorhanden.<\/p>\n<p style=\"text-align: justify;\">Generell gilt in allen Dienststellen:<\/p>\n<ul>\n<li style=\"text-align: justify;\">Das korrekte Tragen einer Mund-Nasen-Maske im Geb\u00e4ude ist erforderlich<\/li>\n<li style=\"text-align: justify;\">Zutritt zum Geb\u00e4ude nur maximal in Zweiergruppen<\/li>\n<li style=\"text-align: justify;\">Bei der F\u00fchrerscheinstelle sowie der Kfz-Zulassungsstelle gilt auf Grund des zu erwartenden hohen Publikumsaufkommens: Zutritt nur f\u00fcr Einzelpersonen<\/li>\n<li style=\"text-align: justify;\">Die Wartebereiche der Zug\u00e4nge befinden sich im Au\u00dfenbereich. Bitte denken Sie ggf. an einen Sonnen- bzw. Regenschutz<\/li>\n<\/ul>\n<hr \/>\n<p style=\"text-align: justify;\">\n","protected":false},"excerpt":{"rendered":"<p>Ab 2. Juni wieder f\u00fcr den vollst\u00e4ndigen Besucherverkehr da &#8211; vorherige Terminvereinbarung wird dringend empfohlen Kreis Esslingen.| Alle Dienststellen des Landratsamtes Esslingen werden ab dem 2. Juni 2020 wieder vollst\u00e4ndig f\u00fcr die B\u00fcrgerinnen und B\u00fcrger ge\u00f6ffnet. Die Verwaltung erwartet, dass nach dem \u201elockdown\u201c sehr viele B\u00fcrgerinnen und B\u00fcrger zeitnah versuchen werden, die Dienstleistungen des Landratsamtes [&hellip;]<\/p>\n","protected":false},"author":4,"featured_media":0,"comment_status":"closed","ping_status":"open","sticky":false,"template":"","format":"standard","meta":{"inline_featured_image":false,"_exactmetrics_skip_tracking":false,"_exactmetrics_sitenote_active":false,"_exactmetrics_sitenote_note":"","_exactmetrics_sitenote_category":0,"footnotes":""},"categories":[2247],"tags":[14857,14440,5,15022,68],"class_list":{"0":"post-138949","1":"post","2":"type-post","3":"status-publish","4":"format-standard","6":"category-kreis-esslingen","7":"tag-die-webzeitung","8":"tag-esslingen","9":"tag-internetzeitung","10":"tag-landratsamt","11":"tag-online-zeitung"},"image_feature":null,"author_name":"Redaktion","pure_taxonomies":{"categories":[{"term_id":2247,"name":"Kreis Esslingen","slug":"kreis-esslingen","term_group":0,"term_taxonomy_id":2260,"taxonomy":"category","description":"Informationen aus dem Landkreis Esslingen","parent":171,"count":214,"filter":"raw","image":""}],"tags":[{"term_id":14857,"name":"Die-Webzeitung","slug":"die-webzeitung","term_group":0,"term_taxonomy_id":14876,"taxonomy":"post_tag","description":"","parent":0,"count":3625,"filter":"raw","image":""},{"term_id":14440,"name":"Esslingen","slug":"esslingen","term_group":0,"term_taxonomy_id":3885,"taxonomy":"post_tag","description":"","parent":0,"count":202,"filter":"raw","image":""},{"term_id":5,"name":"Internetzeitung","slug":"internetzeitung","term_group":0,"term_taxonomy_id":5,"taxonomy":"post_tag","description":"","parent":0,"count":1461,"filter":"raw","image":""},{"term_id":15022,"name":"Landratsamt","slug":"landratsamt","term_group":0,"term_taxonomy_id":15041,"taxonomy":"post_tag","description":"","parent":0,"count":11,"filter":"raw","image":""},{"term_id":68,"name":"Online-Zeitung","slug":"online-zeitung","term_group":0,"term_taxonomy_id":69,"taxonomy":"post_tag","description":"","parent":0,"count":3595,"filter":"raw","image":""}]},"_links":{"self":[{"href":"https:\/\/die-webzeitung.de\/stuttgart\/wp-json\/wp\/v2\/posts\/138949","targetHints":{"allow":["GET"]}}],"collection":[{"href":"https:\/\/die-webzeitung.de\/stuttgart\/wp-json\/wp\/v2\/posts"}],"about":[{"href":"https:\/\/die-webzeitung.de\/stuttgart\/wp-json\/wp\/v2\/types\/post"}],"author":[{"embeddable":true,"href":"https:\/\/die-webzeitung.de\/stuttgart\/wp-json\/wp\/v2\/users\/4"}],"replies":[{"embeddable":true,"href":"https:\/\/die-webzeitung.de\/stuttgart\/wp-json\/wp\/v2\/comments?post=138949"}],"version-history":[{"count":1,"href":"https:\/\/die-webzeitung.de\/stuttgart\/wp-json\/wp\/v2\/posts\/138949\/revisions"}],"predecessor-version":[{"id":138950,"href":"https:\/\/die-webzeitung.de\/stuttgart\/wp-json\/wp\/v2\/posts\/138949\/revisions\/138950"}],"wp:attachment":[{"href":"https:\/\/die-webzeitung.de\/stuttgart\/wp-json\/wp\/v2\/media?parent=138949"}],"wp:term":[{"taxonomy":"category","embeddable":true,"href":"https:\/\/die-webzeitung.de\/stuttgart\/wp-json\/wp\/v2\/categories?post=138949"},{"taxonomy":"post_tag","embeddable":true,"href":"https:\/\/die-webzeitung.de\/stuttgart\/wp-json\/wp\/v2\/tags?post=138949"}],"curies":[{"name":"wp","href":"https:\/\/api.w.org\/{rel}","templated":true}]}}